{"id":13249,"date":"2019-06-12T13:39:53","date_gmt":"2019-06-12T18:39:53","guid":{"rendered":"https:\/\/canal7slp.tv\/2019\/?p=13249"},"modified":"2019-06-12T13:39:53","modified_gmt":"2019-06-12T18:39:53","slug":"situacion-de-conectividad-aerea-en-mexico-preocupa-a-industria-regional","status":"publish","type":"post","link":"https:\/\/canal7slp.tv\/2019\/situacion-de-conectividad-aerea-en-mexico-preocupa-a-industria-regional\/","title":{"rendered":"Situaci\u00f3n de conectividad a\u00e9rea en M\u00e9xico preocupa a industria regional"},"content":{"rendered":"<p style=\"text-align: justify\">M\u00e9xico.- La Asociaci\u00f3n Latinoamericana y del Caribe de Transporte A\u00e9reo (ALTA) calific\u00f3 como preocupante la suspensi\u00f3n de la construcci\u00f3n del aeropuerto en Santa Luc\u00eda y el tema de la conectividad a\u00e9rea en el Valle de M\u00e9xico, situaci\u00f3n que afectar\u00e1 el desarrollo de la industria no s\u00f3lo nacional, sino de la regi\u00f3n.<\/p>\n<p style=\"text-align: justify\">\u201cM\u00e9xico es el segundo pa\u00eds m\u00e1s importante de la regi\u00f3n en temas de pasajeros. Esperamos ver cu\u00e1l ser\u00e1 la soluci\u00f3n, pero estamos realmente preocupados, el pa\u00eds necesita de una infraestructura a\u00e9rea que le haga frente a la saturaci\u00f3n que se registra en el aeropuerto capitalino.<\/p>\n<p style=\"text-align: justify\">\u201cAhora no tenemos Santa Luc\u00eda, no tenemos Texcoco y ni una definici\u00f3n de lo que se har\u00e1. El Aeropuerto Internacional de la Ciudad de M\u00e9xico (AICM) est\u00e1 saturado, no hay espacio para m\u00e1s vuelos, no hay c\u00f3mo crecer\u201d, manifest\u00f3 el director ejecutivo del organismo regional, Luis Felipe de Oliveira.<\/p>\n<p style=\"text-align: justify\"><strong>En entrevista con Notimex<\/strong>, defini\u00f3 como \u201cdudosa\u201d la conectividad a\u00e9rea que se registrar\u00eda en Santa Luc\u00eda y c\u00f3mo atender\u00eda las necesidades de la industria, debido a que la Ciudad de M\u00e9xico es un punto importante para la conectividad no s\u00f3lo del pa\u00eds, sino de la regi\u00f3n.<\/p>\n<p style=\"text-align: justify\">\u201cLo veo con mucha preocupaci\u00f3n. No vemos c\u00f3mo M\u00e9xico est\u00e1 buscando el desarrollo de los aeropuertos en la Ciudad de M\u00e9xico y eso nos preocupa, porque es un punto importante para la conexi\u00f3n, para la llegada y salida de pasajeros en el pa\u00eds\u201d.<\/p>\n<p style=\"text-align: justify\">La semana pasada un juez federal concedi\u00f3 la suspensi\u00f3n definitiva de la construcci\u00f3n del aeropuerto de Santa Luc\u00eda en favor de residentes del municipio de Zumpango que, a trav\u00e9s del colectivo #NoM\u00e1sDerroches, promovieron una demanda de amparo contra la construcci\u00f3n de dicho aeropuerto.<\/p>\n<p style=\"text-align: justify\">La suspensi\u00f3n definitiva concedida por el juez decimotercero de Distrito en el Estado de M\u00e9xico, obliga a las autoridades a abstenerse de la construcci\u00f3n hasta que existan las autorizaciones necesarias que aseguren que dicho proyecto no perjudicar\u00e1 al medio ambiente ni atentar\u00e1 contra la integridad del patrimonio cultural en el predio donde se pretende construir.<\/p>\n<p style=\"text-align: justify\">La medida cautelar busca proteger el medio ambiente y los bienes que sean considerados patrimonio arqueol\u00f3gico, hist\u00f3rico o paleontol\u00f3gico ubicados en la zona.<\/p>\n<p style=\"text-align: justify\">El analista de aviaci\u00f3n, Jos\u00e9 Su\u00e1rez, opin\u00f3 que la necesidad de ampliar la capacidad de tr\u00e1fico a\u00e9reo es imperativa, sobre todo cuando se tiene a M\u00e9xico como uno de los mercados que abonar\u00e1 a triplicar el movimiento de pasajeros a nivel Latinoam\u00e9rica.<\/p>\n<p style=\"text-align: justify\">\u201cDetener un proyecto a\u00e9reo en la Ciudad de M\u00e9xico tendr\u00eda implicaciones importantes, porque el aeropuerto actual ya est\u00e1 saturado y eso dificulta la capacidad de crecer y conectar al pa\u00eds, de crear nuevas rutas, de traer nuevos aviones y tambi\u00e9n repercute en crear nuevos empleos\u201d.<\/p>\n<p style=\"text-align: justify\">En este sentido, mencion\u00f3 que la terminal a\u00e9rea capitalina no requiere de m\u00e1s terminales, sino de m\u00e1s pistas, por lo que es importante construir una nueva infraestructura en el Valle de M\u00e9xico.<\/p>\n<p style=\"text-align: justify\">\u201cNecesitamos m\u00e1s pistas, y ser\u00eda importante traer la ecuaci\u00f3n del nuevo aeropuerto, volverlo a traer a la mesa, replantearlo. Se tiene que tomar a la aviaci\u00f3n como un aliado importante para el crecimiento del pa\u00eds y de la econom\u00eda\u201d, sostuvo.<\/p>\n<p style=\"text-align: justify\">ALTA report\u00f3 hace unos d\u00edas que M\u00e9xico es el segundo mercado m\u00e1s importante de la regi\u00f3n, cuyo crecimiento s\u00f3lido fue de casi 400 mil pasajeros adicionales en su mercado dom\u00e9stico, equivalente a un incremento de 8.3 por ciento.<\/p>\n<p style=\"text-align: justify\">Adem\u00e1s de haber transportado a cerca de 47 millones de pasajeros a nivel internacional, operado por 58 aerol\u00edneas en 400 pares de ciudades. La ruta de mayor crecimiento fue la de Estados Unidos-M\u00e9xico, con m\u00e1s de un mill\u00f3n 200 mil viajeros.<\/p>\n<p style=\"text-align: justify\">Durante 2018, el tr\u00e1fico internacional se distribuy\u00f3 con 53 por ciento de Norteam\u00e9rica, 39 por ciento de Latinoam\u00e9rica, 7.0 por ciento de Europa y uno por ciento de Asia-Pac\u00edfico.<\/p>\n","protected":false},"excerpt":{"rendered":"<p>M\u00e9xico.- La Asociaci\u00f3n Latinoamericana y del Caribe de Transporte A\u00e9reo (ALTA) calific\u00f3 como preocupante la suspensi\u00f3n de la construcci\u00f3n del aeropuerto en Santa Luc\u00eda y el tema de la conectividad a\u00e9rea en el Valle de M\u00e9xico, situaci\u00f3n que afectar\u00e1 el desarrollo de la industria no s\u00f3lo nacional, sino de la regi\u00f3n. \u201cM\u00e9xico es el segundo [&hellip;]<\/p>\n","protected":false},"author":2,"featured_media":13250,"comment_status":"open","ping_status":"closed","sticky":false,"template":"","format":"standard","meta":{"footnotes":""},"categories":[98],"tags":[],"class_list":["post-13249","post","type-post","status-publish","format-standard","has-post-thumbnail","hentry","category-finanzas"],"yoast_head":"<!-- This site is optimized with the Yoast SEO plugin v27.5 - https:\/\/yoast.com\/product\/yoast-seo-wordpress\/ -->\n<title>Situaci\u00f3n de conectividad a\u00e9rea en M\u00e9xico preocupa a industria regional - Canal 7 SLP - 2019<\/title>\n<meta name=\"robots\" content=\"index, follow, max-snippet:-1, max-image-preview:large, max-video-preview:-1\" \/>\n<link rel=\"canonical\" href=\"https:\/\/canal7slp.tv\/2019\/situacion-de-conectividad-aerea-en-mexico-preocupa-a-industria-regional\/\" \/>\n<meta property=\"og:locale\" content=\"es_ES\" \/>\n<meta property=\"og:type\" content=\"article\" \/>\n<meta property=\"og:title\" content=\"Situaci\u00f3n de conectividad a\u00e9rea en M\u00e9xico preocupa a industria regional - Canal 7 SLP - 2019\" \/>\n<meta property=\"og:description\" content=\"M\u00e9xico.- La Asociaci\u00f3n Latinoamericana y del Caribe de Transporte A\u00e9reo (ALTA) calific\u00f3 como preocupante la suspensi\u00f3n de la construcci\u00f3n del aeropuerto en Santa Luc\u00eda y el tema de la conectividad a\u00e9rea en el Valle de M\u00e9xico, situaci\u00f3n que afectar\u00e1 el desarrollo de la industria no s\u00f3lo nacional, sino de la regi\u00f3n. \u201cM\u00e9xico es el segundo [&hellip;]\" \/>\n<meta property=\"og:url\" content=\"https:\/\/canal7slp.tv\/2019\/situacion-de-conectividad-aerea-en-mexico-preocupa-a-industria-regional\/\" \/>\n<meta property=\"og:site_name\" content=\"Canal 7 SLP - 2019\" \/>\n<meta property=\"article:publisher\" content=\"https:\/\/www.facebook.com\/CANAL7SLP\/\" \/>\n<meta property=\"article:published_time\" content=\"2019-06-12T18:39:53+00:00\" \/>\n<meta property=\"og:image\" content=\"https:\/\/canal7slp.tv\/2019\/wp-content\/uploads\/2019\/06\/16-5.jpg\" \/>\n\t<meta property=\"og:image:width\" content=\"546\" \/>\n\t<meta property=\"og:image:height\" content=\"410\" \/>\n\t<meta property=\"og:image:type\" content=\"image\/jpeg\" \/>\n<meta name=\"author\" content=\"edicionweb\" \/>\n<meta name=\"twitter:card\" content=\"summary_large_image\" \/>\n<meta name=\"twitter:creator\" content=\"@canal7_slp\" \/>\n<meta name=\"twitter:site\" content=\"@canal7_slp\" \/>\n<meta name=\"twitter:label1\" content=\"Escrito por\" \/>\n\t<meta name=\"twitter:data1\" content=\"edicionweb\" \/>\n\t<meta name=\"twitter:label2\" content=\"Tiempo de lectura\" \/>\n\t<meta name=\"twitter:data2\" content=\"4 minutos\" \/>\n<script type=\"application\/ld+json\" class=\"yoast-schema-graph\">{\"@context\":\"https:\\\/\\\/schema.org\",\"@graph\":[{\"@type\":\"Article\",\"@id\":\"https:\\\/\\\/canal7slp.tv\\\/2019\\\/situacion-de-conectividad-aerea-en-mexico-preocupa-a-industria-regional\\\/#article\",\"isPartOf\":{\"@id\":\"https:\\\/\\\/canal7slp.tv\\\/2019\\\/situacion-de-conectividad-aerea-en-mexico-preocupa-a-industria-regional\\\/\"},\"author\":{\"name\":\"edicionweb\",\"@id\":\"https:\\\/\\\/canal7slp.tv\\\/2019\\\/#\\\/schema\\\/person\\\/11d941c1c6ca30ac0a46b95fa37aa2e3\"},\"headline\":\"Situaci\u00f3n de conectividad a\u00e9rea en M\u00e9xico preocupa a industria regional\",\"datePublished\":\"2019-06-12T18:39:53+00:00\",\"mainEntityOfPage\":{\"@id\":\"https:\\\/\\\/canal7slp.tv\\\/2019\\\/situacion-de-conectividad-aerea-en-mexico-preocupa-a-industria-regional\\\/\"},\"wordCount\":714,\"commentCount\":0,\"publisher\":{\"@id\":\"https:\\\/\\\/canal7slp.tv\\\/2019\\\/#organization\"},\"image\":{\"@id\":\"https:\\\/\\\/canal7slp.tv\\\/2019\\\/situacion-de-conectividad-aerea-en-mexico-preocupa-a-industria-regional\\\/#primaryimage\"},\"thumbnailUrl\":\"https:\\\/\\\/canal7slp.tv\\\/2019\\\/wp-content\\\/uploads\\\/2019\\\/06\\\/16-5.jpg\",\"articleSection\":[\"FINANZAS\"],\"inLanguage\":\"es\",\"potentialAction\":[{\"@type\":\"CommentAction\",\"name\":\"Comment\",\"target\":[\"https:\\\/\\\/canal7slp.tv\\\/2019\\\/situacion-de-conectividad-aerea-en-mexico-preocupa-a-industria-regional\\\/#respond\"]}]},{\"@type\":\"WebPage\",\"@id\":\"https:\\\/\\\/canal7slp.tv\\\/2019\\\/situacion-de-conectividad-aerea-en-mexico-preocupa-a-industria-regional\\\/\",\"url\":\"https:\\\/\\\/canal7slp.tv\\\/2019\\\/situacion-de-conectividad-aerea-en-mexico-preocupa-a-industria-regional\\\/\",\"name\":\"Situaci\u00f3n de conectividad a\u00e9rea en M\u00e9xico preocupa a industria regional - Canal 7 SLP - 2019\",\"isPartOf\":{\"@id\":\"https:\\\/\\\/canal7slp.tv\\\/2019\\\/#website\"},\"primaryImageOfPage\":{\"@id\":\"https:\\\/\\\/canal7slp.tv\\\/2019\\\/situacion-de-conectividad-aerea-en-mexico-preocupa-a-industria-regional\\\/#primaryimage\"},\"image\":{\"@id\":\"https:\\\/\\\/canal7slp.tv\\\/2019\\\/situacion-de-conectividad-aerea-en-mexico-preocupa-a-industria-regional\\\/#primaryimage\"},\"thumbnailUrl\":\"https:\\\/\\\/canal7slp.tv\\\/2019\\\/wp-content\\\/uploads\\\/2019\\\/06\\\/16-5.jpg\",\"datePublished\":\"2019-06-12T18:39:53+00:00\",\"breadcrumb\":{\"@id\":\"https:\\\/\\\/canal7slp.tv\\\/2019\\\/situacion-de-conectividad-aerea-en-mexico-preocupa-a-industria-regional\\\/#breadcrumb\"},\"inLanguage\":\"es\",\"potentialAction\":[{\"@type\":\"ReadAction\",\"target\":[\"https:\\\/\\\/canal7slp.tv\\\/2019\\\/situacion-de-conectividad-aerea-en-mexico-preocupa-a-industria-regional\\\/\"]}]},{\"@type\":\"ImageObject\",\"inLanguage\":\"es\",\"@id\":\"https:\\\/\\\/canal7slp.tv\\\/2019\\\/situacion-de-conectividad-aerea-en-mexico-preocupa-a-industria-regional\\\/#primaryimage\",\"url\":\"https:\\\/\\\/canal7slp.tv\\\/2019\\\/wp-content\\\/uploads\\\/2019\\\/06\\\/16-5.jpg\",\"contentUrl\":\"https:\\\/\\\/canal7slp.tv\\\/2019\\\/wp-content\\\/uploads\\\/2019\\\/06\\\/16-5.jpg\",\"width\":546,\"height\":410},{\"@type\":\"BreadcrumbList\",\"@id\":\"https:\\\/\\\/canal7slp.tv\\\/2019\\\/situacion-de-conectividad-aerea-en-mexico-preocupa-a-industria-regional\\\/#breadcrumb\",\"itemListElement\":[{\"@type\":\"ListItem\",\"position\":1,\"name\":\"Home\",\"item\":\"https:\\\/\\\/canal7slp.tv\\\/2019\\\/\"},{\"@type\":\"ListItem\",\"position\":2,\"name\":\"Situaci\u00f3n de conectividad a\u00e9rea en M\u00e9xico preocupa a industria regional\"}]},{\"@type\":\"WebSite\",\"@id\":\"https:\\\/\\\/canal7slp.tv\\\/2019\\\/#website\",\"url\":\"https:\\\/\\\/canal7slp.tv\\\/2019\\\/\",\"name\":\"Canal 7 SLP - Somos TV\",\"description\":\"Somos un Canal de 10\",\"publisher\":{\"@id\":\"https:\\\/\\\/canal7slp.tv\\\/2019\\\/#organization\"},\"potentialAction\":[{\"@type\":\"SearchAction\",\"target\":{\"@type\":\"EntryPoint\",\"urlTemplate\":\"https:\\\/\\\/canal7slp.tv\\\/2019\\\/?s={search_term_string}\"},\"query-input\":{\"@type\":\"PropertyValueSpecification\",\"valueRequired\":true,\"valueName\":\"search_term_string\"}}],\"inLanguage\":\"es\"},{\"@type\":\"Organization\",\"@id\":\"https:\\\/\\\/canal7slp.tv\\\/2019\\\/#organization\",\"name\":\"Comunicaci\u00f3n 2000 S.A. de C.V.\",\"url\":\"https:\\\/\\\/canal7slp.tv\\\/2019\\\/\",\"logo\":{\"@type\":\"ImageObject\",\"inLanguage\":\"es\",\"@id\":\"https:\\\/\\\/canal7slp.tv\\\/2019\\\/#\\\/schema\\\/logo\\\/image\\\/\",\"url\":\"https:\\\/\\\/canal7slp.tv\\\/2019\\\/wp-content\\\/uploads\\\/2019\\\/07\\\/logo-c7.png\",\"contentUrl\":\"https:\\\/\\\/canal7slp.tv\\\/2019\\\/wp-content\\\/uploads\\\/2019\\\/07\\\/logo-c7.png\",\"width\":220,\"height\":60,\"caption\":\"Comunicaci\u00f3n 2000 S.A. de C.V.\"},\"image\":{\"@id\":\"https:\\\/\\\/canal7slp.tv\\\/2019\\\/#\\\/schema\\\/logo\\\/image\\\/\"},\"sameAs\":[\"https:\\\/\\\/www.facebook.com\\\/CANAL7SLP\\\/\",\"https:\\\/\\\/x.com\\\/canal7_slp\",\"https:\\\/\\\/www.instagram.com\\\/canal7_slp\",\"https:\\\/\\\/www.youtube.com\\\/user\\\/NOTICIEROSCANAL7SLP\\\/\"]},{\"@type\":\"Person\",\"@id\":\"https:\\\/\\\/canal7slp.tv\\\/2019\\\/#\\\/schema\\\/person\\\/11d941c1c6ca30ac0a46b95fa37aa2e3\",\"name\":\"edicionweb\",\"image\":{\"@type\":\"ImageObject\",\"inLanguage\":\"es\",\"@id\":\"https:\\\/\\\/secure.gravatar.com\\\/avatar\\\/eee448fc3f7164808013b816ba91ac7e43bbe82a70bebac296f8bc6f0addaa1a?s=96&d=mm&r=g\",\"url\":\"https:\\\/\\\/secure.gravatar.com\\\/avatar\\\/eee448fc3f7164808013b816ba91ac7e43bbe82a70bebac296f8bc6f0addaa1a?s=96&d=mm&r=g\",\"contentUrl\":\"https:\\\/\\\/secure.gravatar.com\\\/avatar\\\/eee448fc3f7164808013b816ba91ac7e43bbe82a70bebac296f8bc6f0addaa1a?s=96&d=mm&r=g\",\"caption\":\"edicionweb\"}}]}<\/script>\n<!-- \/ Yoast SEO plugin. -->","yoast_head_json":{"title":"Situaci\u00f3n de conectividad a\u00e9rea en M\u00e9xico preocupa a industria regional - Canal 7 SLP - 2019","robots":{"index":"index","follow":"follow","max-snippet":"max-snippet:-1","max-image-preview":"max-image-preview:large","max-video-preview":"max-video-preview:-1"},"canonical":"https:\/\/canal7slp.tv\/2019\/situacion-de-conectividad-aerea-en-mexico-preocupa-a-industria-regional\/","og_locale":"es_ES","og_type":"article","og_title":"Situaci\u00f3n de conectividad a\u00e9rea en M\u00e9xico preocupa a industria regional - Canal 7 SLP - 2019","og_description":"M\u00e9xico.- La Asociaci\u00f3n Latinoamericana y del Caribe de Transporte A\u00e9reo (ALTA) calific\u00f3 como preocupante la suspensi\u00f3n de la construcci\u00f3n del aeropuerto en Santa Luc\u00eda y el tema de la conectividad a\u00e9rea en el Valle de M\u00e9xico, situaci\u00f3n que afectar\u00e1 el desarrollo de la industria no s\u00f3lo nacional, sino de la regi\u00f3n. \u201cM\u00e9xico es el segundo [&hellip;]","og_url":"https:\/\/canal7slp.tv\/2019\/situacion-de-conectividad-aerea-en-mexico-preocupa-a-industria-regional\/","og_site_name":"Canal 7 SLP - 2019","article_publisher":"https:\/\/www.facebook.com\/CANAL7SLP\/","article_published_time":"2019-06-12T18:39:53+00:00","og_image":[{"width":546,"height":410,"url":"https:\/\/canal7slp.tv\/2019\/wp-content\/uploads\/2019\/06\/16-5.jpg","type":"image\/jpeg"}],"author":"edicionweb","twitter_card":"summary_large_image","twitter_creator":"@canal7_slp","twitter_site":"@canal7_slp","twitter_misc":{"Escrito por":"edicionweb","Tiempo de lectura":"4 minutos"},"schema":{"@context":"https:\/\/schema.org","@graph":[{"@type":"Article","@id":"https:\/\/canal7slp.tv\/2019\/situacion-de-conectividad-aerea-en-mexico-preocupa-a-industria-regional\/#article","isPartOf":{"@id":"https:\/\/canal7slp.tv\/2019\/situacion-de-conectividad-aerea-en-mexico-preocupa-a-industria-regional\/"},"author":{"name":"edicionweb","@id":"https:\/\/canal7slp.tv\/2019\/#\/schema\/person\/11d941c1c6ca30ac0a46b95fa37aa2e3"},"headline":"Situaci\u00f3n de conectividad a\u00e9rea en M\u00e9xico preocupa a industria regional","datePublished":"2019-06-12T18:39:53+00:00","mainEntityOfPage":{"@id":"https:\/\/canal7slp.tv\/2019\/situacion-de-conectividad-aerea-en-mexico-preocupa-a-industria-regional\/"},"wordCount":714,"commentCount":0,"publisher":{"@id":"https:\/\/canal7slp.tv\/2019\/#organization"},"image":{"@id":"https:\/\/canal7slp.tv\/2019\/situacion-de-conectividad-aerea-en-mexico-preocupa-a-industria-regional\/#primaryimage"},"thumbnailUrl":"https:\/\/canal7slp.tv\/2019\/wp-content\/uploads\/2019\/06\/16-5.jpg","articleSection":["FINANZAS"],"inLanguage":"es","potentialAction":[{"@type":"CommentAction","name":"Comment","target":["https:\/\/canal7slp.tv\/2019\/situacion-de-conectividad-aerea-en-mexico-preocupa-a-industria-regional\/#respond"]}]},{"@type":"WebPage","@id":"https:\/\/canal7slp.tv\/2019\/situacion-de-conectividad-aerea-en-mexico-preocupa-a-industria-regional\/","url":"https:\/\/canal7slp.tv\/2019\/situacion-de-conectividad-aerea-en-mexico-preocupa-a-industria-regional\/","name":"Situaci\u00f3n de conectividad a\u00e9rea en M\u00e9xico preocupa a industria regional - Canal 7 SLP - 2019","isPartOf":{"@id":"https:\/\/canal7slp.tv\/2019\/#website"},"primaryImageOfPage":{"@id":"https:\/\/canal7slp.tv\/2019\/situacion-de-conectividad-aerea-en-mexico-preocupa-a-industria-regional\/#primaryimage"},"image":{"@id":"https:\/\/canal7slp.tv\/2019\/situacion-de-conectividad-aerea-en-mexico-preocupa-a-industria-regional\/#primaryimage"},"thumbnailUrl":"https:\/\/canal7slp.tv\/2019\/wp-content\/uploads\/2019\/06\/16-5.jpg","datePublished":"2019-06-12T18:39:53+00:00","breadcrumb":{"@id":"https:\/\/canal7slp.tv\/2019\/situacion-de-conectividad-aerea-en-mexico-preocupa-a-industria-regional\/#breadcrumb"},"inLanguage":"es","potentialAction":[{"@type":"ReadAction","target":["https:\/\/canal7slp.tv\/2019\/situacion-de-conectividad-aerea-en-mexico-preocupa-a-industria-regional\/"]}]},{"@type":"ImageObject","inLanguage":"es","@id":"https:\/\/canal7slp.tv\/2019\/situacion-de-conectividad-aerea-en-mexico-preocupa-a-industria-regional\/#primaryimage","url":"https:\/\/canal7slp.tv\/2019\/wp-content\/uploads\/2019\/06\/16-5.jpg","contentUrl":"https:\/\/canal7slp.tv\/2019\/wp-content\/uploads\/2019\/06\/16-5.jpg","width":546,"height":410},{"@type":"BreadcrumbList","@id":"https:\/\/canal7slp.tv\/2019\/situacion-de-conectividad-aerea-en-mexico-preocupa-a-industria-regional\/#breadcrumb","itemListElement":[{"@type":"ListItem","position":1,"name":"Home","item":"https:\/\/canal7slp.tv\/2019\/"},{"@type":"ListItem","position":2,"name":"Situaci\u00f3n de conectividad a\u00e9rea en M\u00e9xico preocupa a industria regional"}]},{"@type":"WebSite","@id":"https:\/\/canal7slp.tv\/2019\/#website","url":"https:\/\/canal7slp.tv\/2019\/","name":"Canal 7 SLP - Somos TV","description":"Somos un Canal de 10","publisher":{"@id":"https:\/\/canal7slp.tv\/2019\/#organization"},"potentialAction":[{"@type":"SearchAction","target":{"@type":"EntryPoint","urlTemplate":"https:\/\/canal7slp.tv\/2019\/?s={search_term_string}"},"query-input":{"@type":"PropertyValueSpecification","valueRequired":true,"valueName":"search_term_string"}}],"inLanguage":"es"},{"@type":"Organization","@id":"https:\/\/canal7slp.tv\/2019\/#organization","name":"Comunicaci\u00f3n 2000 S.A. de C.V.","url":"https:\/\/canal7slp.tv\/2019\/","logo":{"@type":"ImageObject","inLanguage":"es","@id":"https:\/\/canal7slp.tv\/2019\/#\/schema\/logo\/image\/","url":"https:\/\/canal7slp.tv\/2019\/wp-content\/uploads\/2019\/07\/logo-c7.png","contentUrl":"https:\/\/canal7slp.tv\/2019\/wp-content\/uploads\/2019\/07\/logo-c7.png","width":220,"height":60,"caption":"Comunicaci\u00f3n 2000 S.A. de C.V."},"image":{"@id":"https:\/\/canal7slp.tv\/2019\/#\/schema\/logo\/image\/"},"sameAs":["https:\/\/www.facebook.com\/CANAL7SLP\/","https:\/\/x.com\/canal7_slp","https:\/\/www.instagram.com\/canal7_slp","https:\/\/www.youtube.com\/user\/NOTICIEROSCANAL7SLP\/"]},{"@type":"Person","@id":"https:\/\/canal7slp.tv\/2019\/#\/schema\/person\/11d941c1c6ca30ac0a46b95fa37aa2e3","name":"edicionweb","image":{"@type":"ImageObject","inLanguage":"es","@id":"https:\/\/secure.gravatar.com\/avatar\/eee448fc3f7164808013b816ba91ac7e43bbe82a70bebac296f8bc6f0addaa1a?s=96&d=mm&r=g","url":"https:\/\/secure.gravatar.com\/avatar\/eee448fc3f7164808013b816ba91ac7e43bbe82a70bebac296f8bc6f0addaa1a?s=96&d=mm&r=g","contentUrl":"https:\/\/secure.gravatar.com\/avatar\/eee448fc3f7164808013b816ba91ac7e43bbe82a70bebac296f8bc6f0addaa1a?s=96&d=mm&r=g","caption":"edicionweb"}}]}},"amp_enabled":true,"cmb2":{"video_ids_in_playlist":{"vid_p_videos":""},"video_ids_in_channel":{"vid_c_videos":""},"playlist_ids_in_channel":{"vid_c_playlists":""},"series_ids_in_channel":{"vid_c_series":""},"channel_images":{"vid_c_logo":"","vid_c_banner":""},"poster_feature_image":{"vid_m_poster_image":""},"gif_feature_image":{"vid_m_gif_image":""},"video_movie_settings":{"vid_m_director":"","vid_m_actor":"","vid_m_imdb_ratings":"","vid_m_amazon_associates":""},"vid_youtube_broadcasts_settings":{"vid_yb_broadcast_title":"","vid_yb_q":"","vid_yb_channelid":"","vid_yb_videocategoryid":"","vid_yb_maxresults":"","vid_yb_order":"","vid_yb_regioncode":"","vid_yb_videosyndicated":"","vid_yb_style":"","vid_yb_reload_first":""},"video_series_settings":{"vid_m_director":"","vid_m_actor":"","vid_m_imdb_ratings":"","video_series_group":""},"amazon_associates_settings":{"amazon_associates":"","amazon_native_ad":""},"vid_youtube_automatic_settings":{"vid_ya_youtube_source":"","vid_ya_update_every":"","vid_ya_update_unit":"","vid_ya_categories":"","vid_ya_published_after":"","vid_ya_published_before":"","vid_ya_playlists":"","vid_ya_channels":"","vid_ya_director":"","vid_ya_actor":"","vid_ya_author":"","vid_ya_import_post_date":"","vid_ya_status":"","vid_ya_sub_api_key":""},"vid_ads_m_videoads_settings_post":{"vid_ads_m_video_ads":"","vid_ads_m_video_ads_type":"","vid_ads_m_group_google_ima":"","vid_ads_m_group_image":"","vid_ads_m_group_html5_video":"","vid_ads_m_group_html":"","vid_ads_m_vast_preroll":"","vid_ads_m_vast_postroll":"","vid_ads_m_vast_pauseroll":"","vid_ads_m_vast_midroll":[{"vid_ads_m_vast_timer_seconds":"50"}],"vid_ads_m_time_to_show_ads":"","vid_ads_m_time_skip_ads":"","vid_ads_m_time_to_hide_ads":""},"page_slider_settings":{"display_slider_group":"","page_slider_group":""},"blog_page_settings":{"blog_page_title":"","blog_page_heading":"","blog_page_ic":"","blog_page_it":"","blog_page_ec":"","blog_page_ip":"","archive_loop_style":"","blog_image_ratio":"","blog_show_categories":"","blog_show_excerpt":"","blog_show_author":"","blog_show_date":"","blog_show_comment_count":"","blog_show_view_count":"","blog_show_like_count":"","blog_show_dislike_count":"","blog_items_per_page":"","blog_pag_type":""},"page_options":{"get_page_template":"","color_mode":"","main_layout":"","main_layout_full_with":"","main_logo":"","main_logo_retina":"","main_logo_mobile":"","main_logo_mobile_retina":"","sticky_logo":"","sticky_logo_retina":"","main_nav_layout":"","ajax_search":"","header_background":"","theme_sidebar":"","instagram_feed":"","instagram_feed_position":"","popular_videos":"","popular_videos_title_1":"","popular_videos_title_2":"","popular_videos_ic":"","popular_videos_it":"","theme_background":"","page_custom_css":""},"feature_image_settings":{"feature_image_position":""},"video_player_settings":{"single_video_style":"","video_player_position":"","vm_video_url":"","video_player_library":"","video_streaming":"","vm_media_sources":"","vid_auto_play":"","vm_video_shortcode":"","vid_p_sync_playlist":"","vid_c_sync_channel":"","get_post_format":"","multiple_links_structure":"default","multi_links_title":"","vm_video_multi_links":"","vm_duration":"","vid_social_locker":"off","vid_social_locker_id":"","vid_membership_action":"content-video","vm_video_trailer_url":"","vid_download_type":"free","vid_download_target":"download","vid_woo_product":"","vm_media_download":"","user_rating":"","user_rating_position":"","user_rating_mode":"","user_rating_multi_sets":""},"video_auto_fetch_settings":{"vm_video_fetch":"on"},"video_fake_views_likes":{"vm_fake_views":"","vm_fake_likes":"","vm_fake_dislikes":""},"gallery_settings":{"gallery_position":""},"quote_settings":{"quote_position":""},"post_options":{"main_layout":"","main_logo":"","main_logo_retina":"","main_logo_mobile":"","main_logo_mobile_retina":"","sticky_logo":"","sticky_logo_retina":"","main_nav_layout":"","header_background":"","theme_sidebar":"","single_post_comment_type":"","theme_background":""}},"_links":{"self":[{"href":"https:\/\/canal7slp.tv\/2019\/wp-json\/wp\/v2\/posts\/13249","targetHints":{"allow":["GET"]}}],"collection":[{"href":"https:\/\/canal7slp.tv\/2019\/wp-json\/wp\/v2\/posts"}],"about":[{"href":"https:\/\/canal7slp.tv\/2019\/wp-json\/wp\/v2\/types\/post"}],"author":[{"embeddable":true,"href":"https:\/\/canal7slp.tv\/2019\/wp-json\/wp\/v2\/users\/2"}],"replies":[{"embeddable":true,"href":"https:\/\/canal7slp.tv\/2019\/wp-json\/wp\/v2\/comments?post=13249"}],"version-history":[{"count":0,"href":"https:\/\/canal7slp.tv\/2019\/wp-json\/wp\/v2\/posts\/13249\/revisions"}],"wp:featuredmedia":[{"embeddable":true,"href":"https:\/\/canal7slp.tv\/2019\/wp-json\/wp\/v2\/media\/13250"}],"wp:attachment":[{"href":"https:\/\/canal7slp.tv\/2019\/wp-json\/wp\/v2\/media?parent=13249"}],"wp:term":[{"taxonomy":"category","embeddable":true,"href":"https:\/\/canal7slp.tv\/2019\/wp-json\/wp\/v2\/categories?post=13249"},{"taxonomy":"post_tag","embeddable":true,"href":"https:\/\/canal7slp.tv\/2019\/wp-json\/wp\/v2\/tags?post=13249"}],"curies":[{"name":"wp","href":"https:\/\/api.w.org\/{rel}","templated":true}]}}