{"id":13246,"date":"2019-06-12T13:38:06","date_gmt":"2019-06-12T18:38:06","guid":{"rendered":"https:\/\/canal7slp.tv\/2019\/?p=13246"},"modified":"2019-06-12T13:38:06","modified_gmt":"2019-06-12T18:38:06","slug":"mexico-pais-de-la-region-donde-menos-invierte-america-movil","status":"publish","type":"post","link":"https:\/\/canal7slp.tv\/2019\/mexico-pais-de-la-region-donde-menos-invierte-america-movil\/","title":{"rendered":"M\u00e9xico, pa\u00eds de la regi\u00f3n donde menos invierte Am\u00e9rica M\u00f3vil"},"content":{"rendered":"<p style=\"text-align: justify\">M\u00e9xico.- Entre las naciones de Am\u00e9rica Latina, M\u00e9xico es el pa\u00eds donde menos invierte Am\u00e9rica M\u00f3vil, pese a que es el operador que m\u00e1s ingresos obtiene, asever\u00f3 Gerardo Soria, presidente del Instituto del Derecho de las Telecomunicaciones (IDET).<\/p>\n<p style=\"text-align: justify\">\u201cEst\u00e1n invirtiendo s\u00f3lo una tercera parte de sus ingresos, cuando reciben las dos terceras partes de los ingresos totales en el sector\u2026invierte en todos los dem\u00e1s mercados, porque en todos los dem\u00e1s mercados tiene una competencia real, tiene una competencia que s\u00ed le puede quitar clientes\u201d, apunt\u00f3.<\/p>\n<p style=\"text-align: justify\">El marco de la presentaci\u00f3n del Manifiesto Digital de Telef\u00f3nica, Soria dijo que las medidas de preponderancia que se le han impuesto a Am\u00e9rica M\u00f3vil en el pa\u00eds, \u201cen el pizarr\u00f3n se ven muy bien, pero en la pr\u00e1ctica no se aplican\u201d.<\/p>\n<p style=\"text-align: justify\">\u201cLlevamos desde 2014 con medidas de preponderancia y no existe una sola multa que se le haya impuesto a todo el grupo de inter\u00e9s econ\u00f3mico del que forma parte Am\u00e9rica M\u00f3vil, Telmex y Telcel\u201d, apunt\u00f3 en conferencia de prensa.<\/p>\n<p style=\"text-align: justify\">El presidente del IDET coment\u00f3 que adem\u00e1s que desde hace 20 a\u00f1os Telmex se queja de que tiene obligaciones de cobertura social que nadie m\u00e1s tiene y \u201caprovechando ese pretexto, durante muchos sexenios se le permiti\u00f3 tener un cuasi monopolio durante varios a\u00f1os, un monopolio legalmente establecido en el t\u00edtulo de concesi\u00f3n\u201d.<\/p>\n<p style=\"text-align: justify\">Agreg\u00f3 que al d\u00eda de hoy, Am\u00e9rica M\u00f3vil no invierte porque tiene obligaciones de preponderancia y que eso es un castigo, \u201cy que no va a invertir si no les quitan las obligaciones de preponderancia\u201d.<\/p>\n<p style=\"text-align: justify\">\u201cSe puede dar ese lujo, precisamente porque es preponderante, si no fuera preponderante no se podr\u00eda dar ese lujo y tendr\u00eda que competir con todos los dem\u00e1s\u2026 aqu\u00ed es un poco la amenaza: si no me das lo que yo quiero, no invierto\u201d, recalc\u00f3.<\/p>\n<p style=\"text-align: justify\">Soria agreg\u00f3 que el proyecto de la Red Compartida, que vino luego de la Reforma en Telecomunicaciones de 2013, promet\u00eda llevar a las zonas donde no hab\u00eda cobertura, pero eso \u201csiempre fue una falacia\u201d.<\/p>\n<p style=\"text-align: justify\">\u201cAl d\u00eda de hoy, Alt\u00e1n est\u00e1 colgada de la estructura de los dem\u00e1s operadores, no tienen absolutamente ning\u00fan equipo en zonas donde no hayan estado ya antes los operadores ya establecidos, concretamente: Telmex, Telef\u00f3nica y AT&amp;T\u201d, abund\u00f3.<\/p>\n<p style=\"text-align: justify\">Consider\u00f3 que si bien las asociaciones p\u00fablico-privadas pueden funcionar, no se vale un proyecto espec\u00edfico como es el caso de la Red Compartida y de Alt\u00e1n que paga un 10 por ciento de lo que le cuenta el espectro a todas las dem\u00e1s empresas y no subsidiar al crecimiento de cobertura general a trav\u00e9s de todas las empresa en el mercado.<\/p>\n","protected":false},"excerpt":{"rendered":"<p>M\u00e9xico.- Entre las naciones de Am\u00e9rica Latina, M\u00e9xico es el pa\u00eds donde menos invierte Am\u00e9rica M\u00f3vil, pese a que es el operador que m\u00e1s ingresos obtiene, asever\u00f3 Gerardo Soria, presidente del Instituto del Derecho de las Telecomunicaciones (IDET). \u201cEst\u00e1n invirtiendo s\u00f3lo una tercera parte de sus ingresos, cuando reciben las dos terceras partes de los [&hellip;]<\/p>\n","protected":false},"author":2,"featured_media":13247,"comment_status":"open","ping_status":"closed","sticky":false,"template":"","format":"standard","meta":{"footnotes":""},"categories":[98],"tags":[],"class_list":["post-13246","post","type-post","status-publish","format-standard","has-post-thumbnail","hentry","category-finanzas"],"yoast_head":"<!-- This site is optimized with the Yoast SEO plugin v27.5 - https:\/\/yoast.com\/product\/yoast-seo-wordpress\/ -->\n<title>M\u00e9xico, pa\u00eds de la regi\u00f3n donde menos invierte Am\u00e9rica M\u00f3vil - Canal 7 SLP - 2019<\/title>\n<meta name=\"robots\" content=\"index, follow, max-snippet:-1, max-image-preview:large, max-video-preview:-1\" \/>\n<link rel=\"canonical\" href=\"https:\/\/canal7slp.tv\/2019\/mexico-pais-de-la-region-donde-menos-invierte-america-movil\/\" \/>\n<meta property=\"og:locale\" content=\"es_ES\" \/>\n<meta property=\"og:type\" content=\"article\" \/>\n<meta property=\"og:title\" content=\"M\u00e9xico, pa\u00eds de la regi\u00f3n donde menos invierte Am\u00e9rica M\u00f3vil - Canal 7 SLP - 2019\" \/>\n<meta property=\"og:description\" content=\"M\u00e9xico.- Entre las naciones de Am\u00e9rica Latina, M\u00e9xico es el pa\u00eds donde menos invierte Am\u00e9rica M\u00f3vil, pese a que es el operador que m\u00e1s ingresos obtiene, asever\u00f3 Gerardo Soria, presidente del Instituto del Derecho de las Telecomunicaciones (IDET). \u201cEst\u00e1n invirtiendo s\u00f3lo una tercera parte de sus ingresos, cuando reciben las dos terceras partes de los [&hellip;]\" \/>\n<meta property=\"og:url\" content=\"https:\/\/canal7slp.tv\/2019\/mexico-pais-de-la-region-donde-menos-invierte-america-movil\/\" \/>\n<meta property=\"og:site_name\" content=\"Canal 7 SLP - 2019\" \/>\n<meta property=\"article:publisher\" content=\"https:\/\/www.facebook.com\/CANAL7SLP\/\" \/>\n<meta property=\"article:published_time\" content=\"2019-06-12T18:38:06+00:00\" \/>\n<meta property=\"og:image\" content=\"https:\/\/canal7slp.tv\/2019\/wp-content\/uploads\/2019\/06\/15-6.jpg\" \/>\n\t<meta property=\"og:image:width\" content=\"751\" \/>\n\t<meta property=\"og:image:height\" content=\"410\" \/>\n\t<meta property=\"og:image:type\" content=\"image\/jpeg\" \/>\n<meta name=\"author\" content=\"edicionweb\" \/>\n<meta name=\"twitter:card\" content=\"summary_large_image\" \/>\n<meta name=\"twitter:creator\" content=\"@canal7_slp\" \/>\n<meta name=\"twitter:site\" content=\"@canal7_slp\" \/>\n<meta name=\"twitter:label1\" content=\"Escrito por\" \/>\n\t<meta name=\"twitter:data1\" content=\"edicionweb\" \/>\n\t<meta name=\"twitter:label2\" content=\"Tiempo de lectura\" \/>\n\t<meta name=\"twitter:data2\" content=\"2 minutos\" \/>\n<script type=\"application\/ld+json\" class=\"yoast-schema-graph\">{\"@context\":\"https:\\\/\\\/schema.org\",\"@graph\":[{\"@type\":\"Article\",\"@id\":\"https:\\\/\\\/canal7slp.tv\\\/2019\\\/mexico-pais-de-la-region-donde-menos-invierte-america-movil\\\/#article\",\"isPartOf\":{\"@id\":\"https:\\\/\\\/canal7slp.tv\\\/2019\\\/mexico-pais-de-la-region-donde-menos-invierte-america-movil\\\/\"},\"author\":{\"name\":\"edicionweb\",\"@id\":\"https:\\\/\\\/canal7slp.tv\\\/2019\\\/#\\\/schema\\\/person\\\/11d941c1c6ca30ac0a46b95fa37aa2e3\"},\"headline\":\"M\u00e9xico, pa\u00eds de la regi\u00f3n donde menos invierte Am\u00e9rica M\u00f3vil\",\"datePublished\":\"2019-06-12T18:38:06+00:00\",\"mainEntityOfPage\":{\"@id\":\"https:\\\/\\\/canal7slp.tv\\\/2019\\\/mexico-pais-de-la-region-donde-menos-invierte-america-movil\\\/\"},\"wordCount\":490,\"commentCount\":0,\"publisher\":{\"@id\":\"https:\\\/\\\/canal7slp.tv\\\/2019\\\/#organization\"},\"image\":{\"@id\":\"https:\\\/\\\/canal7slp.tv\\\/2019\\\/mexico-pais-de-la-region-donde-menos-invierte-america-movil\\\/#primaryimage\"},\"thumbnailUrl\":\"https:\\\/\\\/canal7slp.tv\\\/2019\\\/wp-content\\\/uploads\\\/2019\\\/06\\\/15-6.jpg\",\"articleSection\":[\"FINANZAS\"],\"inLanguage\":\"es\",\"potentialAction\":[{\"@type\":\"CommentAction\",\"name\":\"Comment\",\"target\":[\"https:\\\/\\\/canal7slp.tv\\\/2019\\\/mexico-pais-de-la-region-donde-menos-invierte-america-movil\\\/#respond\"]}]},{\"@type\":\"WebPage\",\"@id\":\"https:\\\/\\\/canal7slp.tv\\\/2019\\\/mexico-pais-de-la-region-donde-menos-invierte-america-movil\\\/\",\"url\":\"https:\\\/\\\/canal7slp.tv\\\/2019\\\/mexico-pais-de-la-region-donde-menos-invierte-america-movil\\\/\",\"name\":\"M\u00e9xico, pa\u00eds de la regi\u00f3n donde menos invierte Am\u00e9rica M\u00f3vil - Canal 7 SLP - 2019\",\"isPartOf\":{\"@id\":\"https:\\\/\\\/canal7slp.tv\\\/2019\\\/#website\"},\"primaryImageOfPage\":{\"@id\":\"https:\\\/\\\/canal7slp.tv\\\/2019\\\/mexico-pais-de-la-region-donde-menos-invierte-america-movil\\\/#primaryimage\"},\"image\":{\"@id\":\"https:\\\/\\\/canal7slp.tv\\\/2019\\\/mexico-pais-de-la-region-donde-menos-invierte-america-movil\\\/#primaryimage\"},\"thumbnailUrl\":\"https:\\\/\\\/canal7slp.tv\\\/2019\\\/wp-content\\\/uploads\\\/2019\\\/06\\\/15-6.jpg\",\"datePublished\":\"2019-06-12T18:38:06+00:00\",\"breadcrumb\":{\"@id\":\"https:\\\/\\\/canal7slp.tv\\\/2019\\\/mexico-pais-de-la-region-donde-menos-invierte-america-movil\\\/#breadcrumb\"},\"inLanguage\":\"es\",\"potentialAction\":[{\"@type\":\"ReadAction\",\"target\":[\"https:\\\/\\\/canal7slp.tv\\\/2019\\\/mexico-pais-de-la-region-donde-menos-invierte-america-movil\\\/\"]}]},{\"@type\":\"ImageObject\",\"inLanguage\":\"es\",\"@id\":\"https:\\\/\\\/canal7slp.tv\\\/2019\\\/mexico-pais-de-la-region-donde-menos-invierte-america-movil\\\/#primaryimage\",\"url\":\"https:\\\/\\\/canal7slp.tv\\\/2019\\\/wp-content\\\/uploads\\\/2019\\\/06\\\/15-6.jpg\",\"contentUrl\":\"https:\\\/\\\/canal7slp.tv\\\/2019\\\/wp-content\\\/uploads\\\/2019\\\/06\\\/15-6.jpg\",\"width\":751,\"height\":410},{\"@type\":\"BreadcrumbList\",\"@id\":\"https:\\\/\\\/canal7slp.tv\\\/2019\\\/mexico-pais-de-la-region-donde-menos-invierte-america-movil\\\/#breadcrumb\",\"itemListElement\":[{\"@type\":\"ListItem\",\"position\":1,\"name\":\"Home\",\"item\":\"https:\\\/\\\/canal7slp.tv\\\/2019\\\/\"},{\"@type\":\"ListItem\",\"position\":2,\"name\":\"M\u00e9xico, pa\u00eds de la regi\u00f3n donde menos invierte Am\u00e9rica M\u00f3vil\"}]},{\"@type\":\"WebSite\",\"@id\":\"https:\\\/\\\/canal7slp.tv\\\/2019\\\/#website\",\"url\":\"https:\\\/\\\/canal7slp.tv\\\/2019\\\/\",\"name\":\"Canal 7 SLP - Somos TV\",\"description\":\"Somos un Canal de 10\",\"publisher\":{\"@id\":\"https:\\\/\\\/canal7slp.tv\\\/2019\\\/#organization\"},\"potentialAction\":[{\"@type\":\"SearchAction\",\"target\":{\"@type\":\"EntryPoint\",\"urlTemplate\":\"https:\\\/\\\/canal7slp.tv\\\/2019\\\/?s={search_term_string}\"},\"query-input\":{\"@type\":\"PropertyValueSpecification\",\"valueRequired\":true,\"valueName\":\"search_term_string\"}}],\"inLanguage\":\"es\"},{\"@type\":\"Organization\",\"@id\":\"https:\\\/\\\/canal7slp.tv\\\/2019\\\/#organization\",\"name\":\"Comunicaci\u00f3n 2000 S.A. de C.V.\",\"url\":\"https:\\\/\\\/canal7slp.tv\\\/2019\\\/\",\"logo\":{\"@type\":\"ImageObject\",\"inLanguage\":\"es\",\"@id\":\"https:\\\/\\\/canal7slp.tv\\\/2019\\\/#\\\/schema\\\/logo\\\/image\\\/\",\"url\":\"https:\\\/\\\/canal7slp.tv\\\/2019\\\/wp-content\\\/uploads\\\/2019\\\/07\\\/logo-c7.png\",\"contentUrl\":\"https:\\\/\\\/canal7slp.tv\\\/2019\\\/wp-content\\\/uploads\\\/2019\\\/07\\\/logo-c7.png\",\"width\":220,\"height\":60,\"caption\":\"Comunicaci\u00f3n 2000 S.A. de C.V.\"},\"image\":{\"@id\":\"https:\\\/\\\/canal7slp.tv\\\/2019\\\/#\\\/schema\\\/logo\\\/image\\\/\"},\"sameAs\":[\"https:\\\/\\\/www.facebook.com\\\/CANAL7SLP\\\/\",\"https:\\\/\\\/x.com\\\/canal7_slp\",\"https:\\\/\\\/www.instagram.com\\\/canal7_slp\",\"https:\\\/\\\/www.youtube.com\\\/user\\\/NOTICIEROSCANAL7SLP\\\/\"]},{\"@type\":\"Person\",\"@id\":\"https:\\\/\\\/canal7slp.tv\\\/2019\\\/#\\\/schema\\\/person\\\/11d941c1c6ca30ac0a46b95fa37aa2e3\",\"name\":\"edicionweb\",\"image\":{\"@type\":\"ImageObject\",\"inLanguage\":\"es\",\"@id\":\"https:\\\/\\\/secure.gravatar.com\\\/avatar\\\/eee448fc3f7164808013b816ba91ac7e43bbe82a70bebac296f8bc6f0addaa1a?s=96&d=mm&r=g\",\"url\":\"https:\\\/\\\/secure.gravatar.com\\\/avatar\\\/eee448fc3f7164808013b816ba91ac7e43bbe82a70bebac296f8bc6f0addaa1a?s=96&d=mm&r=g\",\"contentUrl\":\"https:\\\/\\\/secure.gravatar.com\\\/avatar\\\/eee448fc3f7164808013b816ba91ac7e43bbe82a70bebac296f8bc6f0addaa1a?s=96&d=mm&r=g\",\"caption\":\"edicionweb\"}}]}<\/script>\n<!-- \/ Yoast SEO plugin. -->","yoast_head_json":{"title":"M\u00e9xico, pa\u00eds de la regi\u00f3n donde menos invierte Am\u00e9rica M\u00f3vil - Canal 7 SLP - 2019","robots":{"index":"index","follow":"follow","max-snippet":"max-snippet:-1","max-image-preview":"max-image-preview:large","max-video-preview":"max-video-preview:-1"},"canonical":"https:\/\/canal7slp.tv\/2019\/mexico-pais-de-la-region-donde-menos-invierte-america-movil\/","og_locale":"es_ES","og_type":"article","og_title":"M\u00e9xico, pa\u00eds de la regi\u00f3n donde menos invierte Am\u00e9rica M\u00f3vil - Canal 7 SLP - 2019","og_description":"M\u00e9xico.- Entre las naciones de Am\u00e9rica Latina, M\u00e9xico es el pa\u00eds donde menos invierte Am\u00e9rica M\u00f3vil, pese a que es el operador que m\u00e1s ingresos obtiene, asever\u00f3 Gerardo Soria, presidente del Instituto del Derecho de las Telecomunicaciones (IDET). \u201cEst\u00e1n invirtiendo s\u00f3lo una tercera parte de sus ingresos, cuando reciben las dos terceras partes de los [&hellip;]","og_url":"https:\/\/canal7slp.tv\/2019\/mexico-pais-de-la-region-donde-menos-invierte-america-movil\/","og_site_name":"Canal 7 SLP - 2019","article_publisher":"https:\/\/www.facebook.com\/CANAL7SLP\/","article_published_time":"2019-06-12T18:38:06+00:00","og_image":[{"width":751,"height":410,"url":"https:\/\/canal7slp.tv\/2019\/wp-content\/uploads\/2019\/06\/15-6.jpg","type":"image\/jpeg"}],"author":"edicionweb","twitter_card":"summary_large_image","twitter_creator":"@canal7_slp","twitter_site":"@canal7_slp","twitter_misc":{"Escrito por":"edicionweb","Tiempo de lectura":"2 minutos"},"schema":{"@context":"https:\/\/schema.org","@graph":[{"@type":"Article","@id":"https:\/\/canal7slp.tv\/2019\/mexico-pais-de-la-region-donde-menos-invierte-america-movil\/#article","isPartOf":{"@id":"https:\/\/canal7slp.tv\/2019\/mexico-pais-de-la-region-donde-menos-invierte-america-movil\/"},"author":{"name":"edicionweb","@id":"https:\/\/canal7slp.tv\/2019\/#\/schema\/person\/11d941c1c6ca30ac0a46b95fa37aa2e3"},"headline":"M\u00e9xico, pa\u00eds de la regi\u00f3n donde menos invierte Am\u00e9rica M\u00f3vil","datePublished":"2019-06-12T18:38:06+00:00","mainEntityOfPage":{"@id":"https:\/\/canal7slp.tv\/2019\/mexico-pais-de-la-region-donde-menos-invierte-america-movil\/"},"wordCount":490,"commentCount":0,"publisher":{"@id":"https:\/\/canal7slp.tv\/2019\/#organization"},"image":{"@id":"https:\/\/canal7slp.tv\/2019\/mexico-pais-de-la-region-donde-menos-invierte-america-movil\/#primaryimage"},"thumbnailUrl":"https:\/\/canal7slp.tv\/2019\/wp-content\/uploads\/2019\/06\/15-6.jpg","articleSection":["FINANZAS"],"inLanguage":"es","potentialAction":[{"@type":"CommentAction","name":"Comment","target":["https:\/\/canal7slp.tv\/2019\/mexico-pais-de-la-region-donde-menos-invierte-america-movil\/#respond"]}]},{"@type":"WebPage","@id":"https:\/\/canal7slp.tv\/2019\/mexico-pais-de-la-region-donde-menos-invierte-america-movil\/","url":"https:\/\/canal7slp.tv\/2019\/mexico-pais-de-la-region-donde-menos-invierte-america-movil\/","name":"M\u00e9xico, pa\u00eds de la regi\u00f3n donde menos invierte Am\u00e9rica M\u00f3vil - Canal 7 SLP - 2019","isPartOf":{"@id":"https:\/\/canal7slp.tv\/2019\/#website"},"primaryImageOfPage":{"@id":"https:\/\/canal7slp.tv\/2019\/mexico-pais-de-la-region-donde-menos-invierte-america-movil\/#primaryimage"},"image":{"@id":"https:\/\/canal7slp.tv\/2019\/mexico-pais-de-la-region-donde-menos-invierte-america-movil\/#primaryimage"},"thumbnailUrl":"https:\/\/canal7slp.tv\/2019\/wp-content\/uploads\/2019\/06\/15-6.jpg","datePublished":"2019-06-12T18:38:06+00:00","breadcrumb":{"@id":"https:\/\/canal7slp.tv\/2019\/mexico-pais-de-la-region-donde-menos-invierte-america-movil\/#breadcrumb"},"inLanguage":"es","potentialAction":[{"@type":"ReadAction","target":["https:\/\/canal7slp.tv\/2019\/mexico-pais-de-la-region-donde-menos-invierte-america-movil\/"]}]},{"@type":"ImageObject","inLanguage":"es","@id":"https:\/\/canal7slp.tv\/2019\/mexico-pais-de-la-region-donde-menos-invierte-america-movil\/#primaryimage","url":"https:\/\/canal7slp.tv\/2019\/wp-content\/uploads\/2019\/06\/15-6.jpg","contentUrl":"https:\/\/canal7slp.tv\/2019\/wp-content\/uploads\/2019\/06\/15-6.jpg","width":751,"height":410},{"@type":"BreadcrumbList","@id":"https:\/\/canal7slp.tv\/2019\/mexico-pais-de-la-region-donde-menos-invierte-america-movil\/#breadcrumb","itemListElement":[{"@type":"ListItem","position":1,"name":"Home","item":"https:\/\/canal7slp.tv\/2019\/"},{"@type":"ListItem","position":2,"name":"M\u00e9xico, pa\u00eds de la regi\u00f3n donde menos invierte Am\u00e9rica M\u00f3vil"}]},{"@type":"WebSite","@id":"https:\/\/canal7slp.tv\/2019\/#website","url":"https:\/\/canal7slp.tv\/2019\/","name":"Canal 7 SLP - Somos TV","description":"Somos un Canal de 10","publisher":{"@id":"https:\/\/canal7slp.tv\/2019\/#organization"},"potentialAction":[{"@type":"SearchAction","target":{"@type":"EntryPoint","urlTemplate":"https:\/\/canal7slp.tv\/2019\/?s={search_term_string}"},"query-input":{"@type":"PropertyValueSpecification","valueRequired":true,"valueName":"search_term_string"}}],"inLanguage":"es"},{"@type":"Organization","@id":"https:\/\/canal7slp.tv\/2019\/#organization","name":"Comunicaci\u00f3n 2000 S.A. de C.V.","url":"https:\/\/canal7slp.tv\/2019\/","logo":{"@type":"ImageObject","inLanguage":"es","@id":"https:\/\/canal7slp.tv\/2019\/#\/schema\/logo\/image\/","url":"https:\/\/canal7slp.tv\/2019\/wp-content\/uploads\/2019\/07\/logo-c7.png","contentUrl":"https:\/\/canal7slp.tv\/2019\/wp-content\/uploads\/2019\/07\/logo-c7.png","width":220,"height":60,"caption":"Comunicaci\u00f3n 2000 S.A. de C.V."},"image":{"@id":"https:\/\/canal7slp.tv\/2019\/#\/schema\/logo\/image\/"},"sameAs":["https:\/\/www.facebook.com\/CANAL7SLP\/","https:\/\/x.com\/canal7_slp","https:\/\/www.instagram.com\/canal7_slp","https:\/\/www.youtube.com\/user\/NOTICIEROSCANAL7SLP\/"]},{"@type":"Person","@id":"https:\/\/canal7slp.tv\/2019\/#\/schema\/person\/11d941c1c6ca30ac0a46b95fa37aa2e3","name":"edicionweb","image":{"@type":"ImageObject","inLanguage":"es","@id":"https:\/\/secure.gravatar.com\/avatar\/eee448fc3f7164808013b816ba91ac7e43bbe82a70bebac296f8bc6f0addaa1a?s=96&d=mm&r=g","url":"https:\/\/secure.gravatar.com\/avatar\/eee448fc3f7164808013b816ba91ac7e43bbe82a70bebac296f8bc6f0addaa1a?s=96&d=mm&r=g","contentUrl":"https:\/\/secure.gravatar.com\/avatar\/eee448fc3f7164808013b816ba91ac7e43bbe82a70bebac296f8bc6f0addaa1a?s=96&d=mm&r=g","caption":"edicionweb"}}]}},"amp_enabled":true,"cmb2":{"video_ids_in_playlist":{"vid_p_videos":""},"video_ids_in_channel":{"vid_c_videos":""},"playlist_ids_in_channel":{"vid_c_playlists":""},"series_ids_in_channel":{"vid_c_series":""},"channel_images":{"vid_c_logo":"","vid_c_banner":""},"poster_feature_image":{"vid_m_poster_image":""},"gif_feature_image":{"vid_m_gif_image":""},"video_movie_settings":{"vid_m_director":"","vid_m_actor":"","vid_m_imdb_ratings":"","vid_m_amazon_associates":""},"vid_youtube_broadcasts_settings":{"vid_yb_broadcast_title":"","vid_yb_q":"","vid_yb_channelid":"","vid_yb_videocategoryid":"","vid_yb_maxresults":"","vid_yb_order":"","vid_yb_regioncode":"","vid_yb_videosyndicated":"","vid_yb_style":"","vid_yb_reload_first":""},"video_series_settings":{"vid_m_director":"","vid_m_actor":"","vid_m_imdb_ratings":"","video_series_group":""},"amazon_associates_settings":{"amazon_associates":"","amazon_native_ad":""},"vid_youtube_automatic_settings":{"vid_ya_youtube_source":"","vid_ya_update_every":"","vid_ya_update_unit":"","vid_ya_categories":"","vid_ya_published_after":"","vid_ya_published_before":"","vid_ya_playlists":"","vid_ya_channels":"","vid_ya_director":"","vid_ya_actor":"","vid_ya_author":"","vid_ya_import_post_date":"","vid_ya_status":"","vid_ya_sub_api_key":""},"vid_ads_m_videoads_settings_post":{"vid_ads_m_video_ads":"","vid_ads_m_video_ads_type":"","vid_ads_m_group_google_ima":"","vid_ads_m_group_image":"","vid_ads_m_group_html5_video":"","vid_ads_m_group_html":"","vid_ads_m_vast_preroll":"","vid_ads_m_vast_postroll":"","vid_ads_m_vast_pauseroll":"","vid_ads_m_vast_midroll":[{"vid_ads_m_vast_timer_seconds":"50"}],"vid_ads_m_time_to_show_ads":"","vid_ads_m_time_skip_ads":"","vid_ads_m_time_to_hide_ads":""},"page_slider_settings":{"display_slider_group":"","page_slider_group":""},"blog_page_settings":{"blog_page_title":"","blog_page_heading":"","blog_page_ic":"","blog_page_it":"","blog_page_ec":"","blog_page_ip":"","archive_loop_style":"","blog_image_ratio":"","blog_show_categories":"","blog_show_excerpt":"","blog_show_author":"","blog_show_date":"","blog_show_comment_count":"","blog_show_view_count":"","blog_show_like_count":"","blog_show_dislike_count":"","blog_items_per_page":"","blog_pag_type":""},"page_options":{"get_page_template":"","color_mode":"","main_layout":"","main_layout_full_with":"","main_logo":"","main_logo_retina":"","main_logo_mobile":"","main_logo_mobile_retina":"","sticky_logo":"","sticky_logo_retina":"","main_nav_layout":"","ajax_search":"","header_background":"","theme_sidebar":"","instagram_feed":"","instagram_feed_position":"","popular_videos":"","popular_videos_title_1":"","popular_videos_title_2":"","popular_videos_ic":"","popular_videos_it":"","theme_background":"","page_custom_css":""},"feature_image_settings":{"feature_image_position":""},"video_player_settings":{"single_video_style":"","video_player_position":"","vm_video_url":"","video_player_library":"","video_streaming":"","vm_media_sources":"","vid_auto_play":"","vm_video_shortcode":"","vid_p_sync_playlist":"","vid_c_sync_channel":"","get_post_format":"","multiple_links_structure":"default","multi_links_title":"","vm_video_multi_links":"","vm_duration":"","vid_social_locker":"off","vid_social_locker_id":"","vid_membership_action":"content-video","vm_video_trailer_url":"","vid_download_type":"free","vid_download_target":"download","vid_woo_product":"","vm_media_download":"","user_rating":"","user_rating_position":"","user_rating_mode":"","user_rating_multi_sets":""},"video_auto_fetch_settings":{"vm_video_fetch":"on"},"video_fake_views_likes":{"vm_fake_views":"","vm_fake_likes":"","vm_fake_dislikes":""},"gallery_settings":{"gallery_position":""},"quote_settings":{"quote_position":""},"post_options":{"main_layout":"","main_logo":"","main_logo_retina":"","main_logo_mobile":"","main_logo_mobile_retina":"","sticky_logo":"","sticky_logo_retina":"","main_nav_layout":"","header_background":"","theme_sidebar":"","single_post_comment_type":"","theme_background":""}},"_links":{"self":[{"href":"https:\/\/canal7slp.tv\/2019\/wp-json\/wp\/v2\/posts\/13246","targetHints":{"allow":["GET"]}}],"collection":[{"href":"https:\/\/canal7slp.tv\/2019\/wp-json\/wp\/v2\/posts"}],"about":[{"href":"https:\/\/canal7slp.tv\/2019\/wp-json\/wp\/v2\/types\/post"}],"author":[{"embeddable":true,"href":"https:\/\/canal7slp.tv\/2019\/wp-json\/wp\/v2\/users\/2"}],"replies":[{"embeddable":true,"href":"https:\/\/canal7slp.tv\/2019\/wp-json\/wp\/v2\/comments?post=13246"}],"version-history":[{"count":0,"href":"https:\/\/canal7slp.tv\/2019\/wp-json\/wp\/v2\/posts\/13246\/revisions"}],"wp:featuredmedia":[{"embeddable":true,"href":"https:\/\/canal7slp.tv\/2019\/wp-json\/wp\/v2\/media\/13247"}],"wp:attachment":[{"href":"https:\/\/canal7slp.tv\/2019\/wp-json\/wp\/v2\/media?parent=13246"}],"wp:term":[{"taxonomy":"category","embeddable":true,"href":"https:\/\/canal7slp.tv\/2019\/wp-json\/wp\/v2\/categories?post=13246"},{"taxonomy":"post_tag","embeddable":true,"href":"https:\/\/canal7slp.tv\/2019\/wp-json\/wp\/v2\/tags?post=13246"}],"curies":[{"name":"wp","href":"https:\/\/api.w.org\/{rel}","templated":true}]}}