{"id":13235,"date":"2019-06-12T13:25:07","date_gmt":"2019-06-12T18:25:07","guid":{"rendered":"https:\/\/canal7slp.tv\/2019\/?p=13235"},"modified":"2019-06-12T13:25:07","modified_gmt":"2019-06-12T18:25:07","slug":"imperativo-hablar-de-diversidad-sexual-en-tv-mexicana-arath-de-la-torre","status":"publish","type":"post","link":"https:\/\/canal7slp.tv\/2019\/imperativo-hablar-de-diversidad-sexual-en-tv-mexicana-arath-de-la-torre\/","title":{"rendered":"Imperativo hablar de diversidad sexual en TV mexicana: Arath de la Torre"},"content":{"rendered":"<p style=\"text-align: justify\">M\u00e9xico.- El actor Arath de la Torre dijo que era imperativo que la televisi\u00f3n mexicana tocara el tema de la diversidad sexual de una manera responsable y respetuosa, lo que ayudar\u00e1 a terminar con las pr\u00e1cticas homof\u00f3bicas.<\/p>\n<p style=\"text-align: justify\">El artista, quien participa en la serie\u00a0<em>Juntos, el coraz\u00f3n nunca se equivoca<\/em>, que aborda la tem\u00e1tica de la diversidad sexual, asegur\u00f3 en entrevista con\u00a0<strong>Notimex<\/strong>\u00a0que para \u00e9l es una fortuna poder ser parte de este tipo de historias que invitan a generar cambios en la cultura y la mentalidad de las personas.<\/p>\n<p style=\"text-align: justify\">Sin embargo, reconoci\u00f3 que aun cuando la f\u00f3rmula no es nueva, debido a que hace algunos a\u00f1os se intent\u00f3 hablar de asuntos como la drogadicci\u00f3n, hoy en d\u00eda se retoma la tem\u00e1tica en los melodramas, en los que se expone lo que pasa en la sociedad.<\/p>\n<p style=\"text-align: justify\">\u201cLa b\u00fasqueda de nuevos contenidos nos regresa a este punto, por lo que tratar el tema de la homosexualidad era imperativo\u201d, subray\u00f3 el actor de telenovelas como\u00a0<em>Una familia con suerte y<\/em>\u00a0<em>Zacatillo, un lugar en tu coraz\u00f3n,\u00a0<\/em>entre otras.<\/p>\n<p style=\"text-align: justify\">Destac\u00f3 que adem\u00e1s la libertad que se le est\u00e1 dando ahora a los contenidos en la televisi\u00f3n abierta permiten generar conciencia o por lo menos una reflexi\u00f3n.<\/p>\n<p style=\"text-align: justify\">\u201cDebemos entender que el mundo est\u00e1 hecho de diversidad en todos los sentidos y debemos predicar el amor para una sana convivencia\u201d, apunt\u00f3 el artista, quien se\u00f1al\u00f3 que nadie tiene derecho a juzgar por las preferencias sexuales, \u201cpero s\u00ed tenemos que aprender a respetarnos\u201d.<\/p>\n<p style=\"text-align: justify\">\u201cSuena sencillo y lo es, pero tambi\u00e9n es cierto que la televisi\u00f3n puede ser un buen v\u00ednculo de comunicaci\u00f3n para hablar de este tema y se comprob\u00f3 porque la serie de\u00a0<em>Los Aristemos<\/em>\u00a0se hizo porque la audiencia quer\u00eda seguir tratando esta tem\u00e1tica\u201d.<\/p>\n<p style=\"text-align: justify\">Mencion\u00f3 que desde su punto de vista este tema de la homosexualidad ten\u00eda que haberse tocado desde hace tiempo con respeto y el debido amor.<\/p>\n<p style=\"text-align: justify\">Arath coment\u00f3 por otra parte que la pareja de &#8220;Los Aristemos&#8221;, interpretada por Emilio Osorio y Joaqu\u00edn Bondoni, ser\u00e1 parte de la marcha LGBTTTI que se realizar\u00e1 el 29 de junio pr\u00f3ximo en esta ciudad.<\/p>\n<p style=\"text-align: justify\">Comparti\u00f3 que ni \u00e9l ni su personaje de &#8220;Pancho L\u00f3pez&#8221; han sido solicitados para participar en dicha marcha, pero dijo que en caso de ser invitado asistir\u00e1 porque est\u00e1 de acuerdo con la sana convivencia.<\/p>\n<p style=\"text-align: justify\">\u201cQue viva la diversidad y aunque a m\u00ed me encantan las mujeres, creo que es un buen momento para hablar del tema y sentar las bases del respeto\u201d,\u00a0subray\u00f3 el actor de cintas como\u00a0<em>Busco marido para mi mujer<\/em>\u00a0y\u00a0<em>C\u00f3mplices<\/em>, entre otras.<\/p>\n<p style=\"text-align: justify\">La homosexualidad no es de lo \u00fanico de lo que se tratar\u00e1 en la serie de\u00a0<em>Los Aristemos<\/em>, ya que personajes como &#8220;Pancho L\u00f3pez&#8221; exaltar\u00e1n los valores familiares.<\/p>\n<p style=\"text-align: justify\">Coment\u00f3 que su papel es id\u00f3neo para llevar el mensaje de tolerancia y aceptaci\u00f3n a la audiencia, adem\u00e1s de que le da un toque familiar.<\/p>\n<p style=\"text-align: justify\">Asegur\u00f3 que pocas veces un personaje puede tener tanto parecido con quien lo interpreta, como es su caso.<\/p>\n<p style=\"text-align: justify\">\u201cYo he tratado siempre de que mi familia sea la prioridad, adem\u00e1s de que es mi centro.\u00a0La familia es muy importante para m\u00ed\u201d, concluy\u00f3 el artista, que est\u00e1 casado con la tambi\u00e9n actriz Susy Lu, con quien tiene tres hijos.<\/p>\n","protected":false},"excerpt":{"rendered":"<p>M\u00e9xico.- El actor Arath de la Torre dijo que era imperativo que la televisi\u00f3n mexicana tocara el tema de la diversidad sexual de una manera responsable y respetuosa, lo que ayudar\u00e1 a terminar con las pr\u00e1cticas homof\u00f3bicas. El artista, quien participa en la serie\u00a0Juntos, el coraz\u00f3n nunca se equivoca, que aborda la tem\u00e1tica de la [&hellip;]<\/p>\n","protected":false},"author":2,"featured_media":13236,"comment_status":"open","ping_status":"closed","sticky":false,"template":"","format":"standard","meta":{"footnotes":""},"categories":[24],"tags":[],"class_list":["post-13235","post","type-post","status-publish","format-standard","has-post-thumbnail","hentry","category-espectaculos"],"yoast_head":"<!-- This site is optimized with the Yoast SEO plugin v27.5 - https:\/\/yoast.com\/product\/yoast-seo-wordpress\/ -->\n<title>Imperativo hablar de diversidad sexual en TV mexicana: Arath de la Torre - Canal 7 SLP - 2019<\/title>\n<meta name=\"robots\" content=\"index, follow, max-snippet:-1, max-image-preview:large, max-video-preview:-1\" \/>\n<link rel=\"canonical\" href=\"https:\/\/canal7slp.tv\/2019\/imperativo-hablar-de-diversidad-sexual-en-tv-mexicana-arath-de-la-torre\/\" \/>\n<meta property=\"og:locale\" content=\"es_ES\" \/>\n<meta property=\"og:type\" content=\"article\" \/>\n<meta property=\"og:title\" content=\"Imperativo hablar de diversidad sexual en TV mexicana: Arath de la Torre - Canal 7 SLP - 2019\" \/>\n<meta property=\"og:description\" content=\"M\u00e9xico.- El actor Arath de la Torre dijo que era imperativo que la televisi\u00f3n mexicana tocara el tema de la diversidad sexual de una manera responsable y respetuosa, lo que ayudar\u00e1 a terminar con las pr\u00e1cticas homof\u00f3bicas. El artista, quien participa en la serie\u00a0Juntos, el coraz\u00f3n nunca se equivoca, que aborda la tem\u00e1tica de la [&hellip;]\" \/>\n<meta property=\"og:url\" content=\"https:\/\/canal7slp.tv\/2019\/imperativo-hablar-de-diversidad-sexual-en-tv-mexicana-arath-de-la-torre\/\" \/>\n<meta property=\"og:site_name\" content=\"Canal 7 SLP - 2019\" \/>\n<meta property=\"article:publisher\" content=\"https:\/\/www.facebook.com\/CANAL7SLP\/\" \/>\n<meta property=\"article:published_time\" content=\"2019-06-12T18:25:07+00:00\" \/>\n<meta property=\"og:image\" content=\"https:\/\/canal7slp.tv\/2019\/wp-content\/uploads\/2019\/06\/12.jpeg\" \/>\n\t<meta property=\"og:image:width\" content=\"585\" \/>\n\t<meta property=\"og:image:height\" content=\"410\" \/>\n\t<meta property=\"og:image:type\" content=\"image\/jpeg\" \/>\n<meta name=\"author\" content=\"edicionweb\" \/>\n<meta name=\"twitter:card\" content=\"summary_large_image\" \/>\n<meta name=\"twitter:creator\" content=\"@canal7_slp\" \/>\n<meta name=\"twitter:site\" content=\"@canal7_slp\" \/>\n<meta name=\"twitter:label1\" content=\"Escrito por\" \/>\n\t<meta name=\"twitter:data1\" content=\"edicionweb\" \/>\n\t<meta name=\"twitter:label2\" content=\"Tiempo de lectura\" \/>\n\t<meta name=\"twitter:data2\" content=\"3 minutos\" \/>\n<script type=\"application\/ld+json\" class=\"yoast-schema-graph\">{\"@context\":\"https:\\\/\\\/schema.org\",\"@graph\":[{\"@type\":\"Article\",\"@id\":\"https:\\\/\\\/canal7slp.tv\\\/2019\\\/imperativo-hablar-de-diversidad-sexual-en-tv-mexicana-arath-de-la-torre\\\/#article\",\"isPartOf\":{\"@id\":\"https:\\\/\\\/canal7slp.tv\\\/2019\\\/imperativo-hablar-de-diversidad-sexual-en-tv-mexicana-arath-de-la-torre\\\/\"},\"author\":{\"name\":\"edicionweb\",\"@id\":\"https:\\\/\\\/canal7slp.tv\\\/2019\\\/#\\\/schema\\\/person\\\/11d941c1c6ca30ac0a46b95fa37aa2e3\"},\"headline\":\"Imperativo hablar de diversidad sexual en TV mexicana: Arath de la Torre\",\"datePublished\":\"2019-06-12T18:25:07+00:00\",\"mainEntityOfPage\":{\"@id\":\"https:\\\/\\\/canal7slp.tv\\\/2019\\\/imperativo-hablar-de-diversidad-sexual-en-tv-mexicana-arath-de-la-torre\\\/\"},\"wordCount\":588,\"commentCount\":0,\"publisher\":{\"@id\":\"https:\\\/\\\/canal7slp.tv\\\/2019\\\/#organization\"},\"image\":{\"@id\":\"https:\\\/\\\/canal7slp.tv\\\/2019\\\/imperativo-hablar-de-diversidad-sexual-en-tv-mexicana-arath-de-la-torre\\\/#primaryimage\"},\"thumbnailUrl\":\"https:\\\/\\\/canal7slp.tv\\\/2019\\\/wp-content\\\/uploads\\\/2019\\\/06\\\/12.jpeg\",\"articleSection\":[\"ESPECTACULOS\"],\"inLanguage\":\"es\",\"potentialAction\":[{\"@type\":\"CommentAction\",\"name\":\"Comment\",\"target\":[\"https:\\\/\\\/canal7slp.tv\\\/2019\\\/imperativo-hablar-de-diversidad-sexual-en-tv-mexicana-arath-de-la-torre\\\/#respond\"]}]},{\"@type\":\"WebPage\",\"@id\":\"https:\\\/\\\/canal7slp.tv\\\/2019\\\/imperativo-hablar-de-diversidad-sexual-en-tv-mexicana-arath-de-la-torre\\\/\",\"url\":\"https:\\\/\\\/canal7slp.tv\\\/2019\\\/imperativo-hablar-de-diversidad-sexual-en-tv-mexicana-arath-de-la-torre\\\/\",\"name\":\"Imperativo hablar de diversidad sexual en TV mexicana: Arath de la Torre - Canal 7 SLP - 2019\",\"isPartOf\":{\"@id\":\"https:\\\/\\\/canal7slp.tv\\\/2019\\\/#website\"},\"primaryImageOfPage\":{\"@id\":\"https:\\\/\\\/canal7slp.tv\\\/2019\\\/imperativo-hablar-de-diversidad-sexual-en-tv-mexicana-arath-de-la-torre\\\/#primaryimage\"},\"image\":{\"@id\":\"https:\\\/\\\/canal7slp.tv\\\/2019\\\/imperativo-hablar-de-diversidad-sexual-en-tv-mexicana-arath-de-la-torre\\\/#primaryimage\"},\"thumbnailUrl\":\"https:\\\/\\\/canal7slp.tv\\\/2019\\\/wp-content\\\/uploads\\\/2019\\\/06\\\/12.jpeg\",\"datePublished\":\"2019-06-12T18:25:07+00:00\",\"breadcrumb\":{\"@id\":\"https:\\\/\\\/canal7slp.tv\\\/2019\\\/imperativo-hablar-de-diversidad-sexual-en-tv-mexicana-arath-de-la-torre\\\/#breadcrumb\"},\"inLanguage\":\"es\",\"potentialAction\":[{\"@type\":\"ReadAction\",\"target\":[\"https:\\\/\\\/canal7slp.tv\\\/2019\\\/imperativo-hablar-de-diversidad-sexual-en-tv-mexicana-arath-de-la-torre\\\/\"]}]},{\"@type\":\"ImageObject\",\"inLanguage\":\"es\",\"@id\":\"https:\\\/\\\/canal7slp.tv\\\/2019\\\/imperativo-hablar-de-diversidad-sexual-en-tv-mexicana-arath-de-la-torre\\\/#primaryimage\",\"url\":\"https:\\\/\\\/canal7slp.tv\\\/2019\\\/wp-content\\\/uploads\\\/2019\\\/06\\\/12.jpeg\",\"contentUrl\":\"https:\\\/\\\/canal7slp.tv\\\/2019\\\/wp-content\\\/uploads\\\/2019\\\/06\\\/12.jpeg\",\"width\":585,\"height\":410},{\"@type\":\"BreadcrumbList\",\"@id\":\"https:\\\/\\\/canal7slp.tv\\\/2019\\\/imperativo-hablar-de-diversidad-sexual-en-tv-mexicana-arath-de-la-torre\\\/#breadcrumb\",\"itemListElement\":[{\"@type\":\"ListItem\",\"position\":1,\"name\":\"Home\",\"item\":\"https:\\\/\\\/canal7slp.tv\\\/2019\\\/\"},{\"@type\":\"ListItem\",\"position\":2,\"name\":\"Imperativo hablar de diversidad sexual en TV mexicana: Arath de la Torre\"}]},{\"@type\":\"WebSite\",\"@id\":\"https:\\\/\\\/canal7slp.tv\\\/2019\\\/#website\",\"url\":\"https:\\\/\\\/canal7slp.tv\\\/2019\\\/\",\"name\":\"Canal 7 SLP - Somos TV\",\"description\":\"Somos un Canal de 10\",\"publisher\":{\"@id\":\"https:\\\/\\\/canal7slp.tv\\\/2019\\\/#organization\"},\"potentialAction\":[{\"@type\":\"SearchAction\",\"target\":{\"@type\":\"EntryPoint\",\"urlTemplate\":\"https:\\\/\\\/canal7slp.tv\\\/2019\\\/?s={search_term_string}\"},\"query-input\":{\"@type\":\"PropertyValueSpecification\",\"valueRequired\":true,\"valueName\":\"search_term_string\"}}],\"inLanguage\":\"es\"},{\"@type\":\"Organization\",\"@id\":\"https:\\\/\\\/canal7slp.tv\\\/2019\\\/#organization\",\"name\":\"Comunicaci\u00f3n 2000 S.A. de C.V.\",\"url\":\"https:\\\/\\\/canal7slp.tv\\\/2019\\\/\",\"logo\":{\"@type\":\"ImageObject\",\"inLanguage\":\"es\",\"@id\":\"https:\\\/\\\/canal7slp.tv\\\/2019\\\/#\\\/schema\\\/logo\\\/image\\\/\",\"url\":\"https:\\\/\\\/canal7slp.tv\\\/2019\\\/wp-content\\\/uploads\\\/2019\\\/07\\\/logo-c7.png\",\"contentUrl\":\"https:\\\/\\\/canal7slp.tv\\\/2019\\\/wp-content\\\/uploads\\\/2019\\\/07\\\/logo-c7.png\",\"width\":220,\"height\":60,\"caption\":\"Comunicaci\u00f3n 2000 S.A. de C.V.\"},\"image\":{\"@id\":\"https:\\\/\\\/canal7slp.tv\\\/2019\\\/#\\\/schema\\\/logo\\\/image\\\/\"},\"sameAs\":[\"https:\\\/\\\/www.facebook.com\\\/CANAL7SLP\\\/\",\"https:\\\/\\\/x.com\\\/canal7_slp\",\"https:\\\/\\\/www.instagram.com\\\/canal7_slp\",\"https:\\\/\\\/www.youtube.com\\\/user\\\/NOTICIEROSCANAL7SLP\\\/\"]},{\"@type\":\"Person\",\"@id\":\"https:\\\/\\\/canal7slp.tv\\\/2019\\\/#\\\/schema\\\/person\\\/11d941c1c6ca30ac0a46b95fa37aa2e3\",\"name\":\"edicionweb\",\"image\":{\"@type\":\"ImageObject\",\"inLanguage\":\"es\",\"@id\":\"https:\\\/\\\/secure.gravatar.com\\\/avatar\\\/eee448fc3f7164808013b816ba91ac7e43bbe82a70bebac296f8bc6f0addaa1a?s=96&d=mm&r=g\",\"url\":\"https:\\\/\\\/secure.gravatar.com\\\/avatar\\\/eee448fc3f7164808013b816ba91ac7e43bbe82a70bebac296f8bc6f0addaa1a?s=96&d=mm&r=g\",\"contentUrl\":\"https:\\\/\\\/secure.gravatar.com\\\/avatar\\\/eee448fc3f7164808013b816ba91ac7e43bbe82a70bebac296f8bc6f0addaa1a?s=96&d=mm&r=g\",\"caption\":\"edicionweb\"}}]}<\/script>\n<!-- \/ Yoast SEO plugin. -->","yoast_head_json":{"title":"Imperativo hablar de diversidad sexual en TV mexicana: Arath de la Torre - Canal 7 SLP - 2019","robots":{"index":"index","follow":"follow","max-snippet":"max-snippet:-1","max-image-preview":"max-image-preview:large","max-video-preview":"max-video-preview:-1"},"canonical":"https:\/\/canal7slp.tv\/2019\/imperativo-hablar-de-diversidad-sexual-en-tv-mexicana-arath-de-la-torre\/","og_locale":"es_ES","og_type":"article","og_title":"Imperativo hablar de diversidad sexual en TV mexicana: Arath de la Torre - Canal 7 SLP - 2019","og_description":"M\u00e9xico.- El actor Arath de la Torre dijo que era imperativo que la televisi\u00f3n mexicana tocara el tema de la diversidad sexual de una manera responsable y respetuosa, lo que ayudar\u00e1 a terminar con las pr\u00e1cticas homof\u00f3bicas. El artista, quien participa en la serie\u00a0Juntos, el coraz\u00f3n nunca se equivoca, que aborda la tem\u00e1tica de la [&hellip;]","og_url":"https:\/\/canal7slp.tv\/2019\/imperativo-hablar-de-diversidad-sexual-en-tv-mexicana-arath-de-la-torre\/","og_site_name":"Canal 7 SLP - 2019","article_publisher":"https:\/\/www.facebook.com\/CANAL7SLP\/","article_published_time":"2019-06-12T18:25:07+00:00","og_image":[{"width":585,"height":410,"url":"https:\/\/canal7slp.tv\/2019\/wp-content\/uploads\/2019\/06\/12.jpeg","type":"image\/jpeg"}],"author":"edicionweb","twitter_card":"summary_large_image","twitter_creator":"@canal7_slp","twitter_site":"@canal7_slp","twitter_misc":{"Escrito por":"edicionweb","Tiempo de lectura":"3 minutos"},"schema":{"@context":"https:\/\/schema.org","@graph":[{"@type":"Article","@id":"https:\/\/canal7slp.tv\/2019\/imperativo-hablar-de-diversidad-sexual-en-tv-mexicana-arath-de-la-torre\/#article","isPartOf":{"@id":"https:\/\/canal7slp.tv\/2019\/imperativo-hablar-de-diversidad-sexual-en-tv-mexicana-arath-de-la-torre\/"},"author":{"name":"edicionweb","@id":"https:\/\/canal7slp.tv\/2019\/#\/schema\/person\/11d941c1c6ca30ac0a46b95fa37aa2e3"},"headline":"Imperativo hablar de diversidad sexual en TV mexicana: Arath de la Torre","datePublished":"2019-06-12T18:25:07+00:00","mainEntityOfPage":{"@id":"https:\/\/canal7slp.tv\/2019\/imperativo-hablar-de-diversidad-sexual-en-tv-mexicana-arath-de-la-torre\/"},"wordCount":588,"commentCount":0,"publisher":{"@id":"https:\/\/canal7slp.tv\/2019\/#organization"},"image":{"@id":"https:\/\/canal7slp.tv\/2019\/imperativo-hablar-de-diversidad-sexual-en-tv-mexicana-arath-de-la-torre\/#primaryimage"},"thumbnailUrl":"https:\/\/canal7slp.tv\/2019\/wp-content\/uploads\/2019\/06\/12.jpeg","articleSection":["ESPECTACULOS"],"inLanguage":"es","potentialAction":[{"@type":"CommentAction","name":"Comment","target":["https:\/\/canal7slp.tv\/2019\/imperativo-hablar-de-diversidad-sexual-en-tv-mexicana-arath-de-la-torre\/#respond"]}]},{"@type":"WebPage","@id":"https:\/\/canal7slp.tv\/2019\/imperativo-hablar-de-diversidad-sexual-en-tv-mexicana-arath-de-la-torre\/","url":"https:\/\/canal7slp.tv\/2019\/imperativo-hablar-de-diversidad-sexual-en-tv-mexicana-arath-de-la-torre\/","name":"Imperativo hablar de diversidad sexual en TV mexicana: Arath de la Torre - Canal 7 SLP - 2019","isPartOf":{"@id":"https:\/\/canal7slp.tv\/2019\/#website"},"primaryImageOfPage":{"@id":"https:\/\/canal7slp.tv\/2019\/imperativo-hablar-de-diversidad-sexual-en-tv-mexicana-arath-de-la-torre\/#primaryimage"},"image":{"@id":"https:\/\/canal7slp.tv\/2019\/imperativo-hablar-de-diversidad-sexual-en-tv-mexicana-arath-de-la-torre\/#primaryimage"},"thumbnailUrl":"https:\/\/canal7slp.tv\/2019\/wp-content\/uploads\/2019\/06\/12.jpeg","datePublished":"2019-06-12T18:25:07+00:00","breadcrumb":{"@id":"https:\/\/canal7slp.tv\/2019\/imperativo-hablar-de-diversidad-sexual-en-tv-mexicana-arath-de-la-torre\/#breadcrumb"},"inLanguage":"es","potentialAction":[{"@type":"ReadAction","target":["https:\/\/canal7slp.tv\/2019\/imperativo-hablar-de-diversidad-sexual-en-tv-mexicana-arath-de-la-torre\/"]}]},{"@type":"ImageObject","inLanguage":"es","@id":"https:\/\/canal7slp.tv\/2019\/imperativo-hablar-de-diversidad-sexual-en-tv-mexicana-arath-de-la-torre\/#primaryimage","url":"https:\/\/canal7slp.tv\/2019\/wp-content\/uploads\/2019\/06\/12.jpeg","contentUrl":"https:\/\/canal7slp.tv\/2019\/wp-content\/uploads\/2019\/06\/12.jpeg","width":585,"height":410},{"@type":"BreadcrumbList","@id":"https:\/\/canal7slp.tv\/2019\/imperativo-hablar-de-diversidad-sexual-en-tv-mexicana-arath-de-la-torre\/#breadcrumb","itemListElement":[{"@type":"ListItem","position":1,"name":"Home","item":"https:\/\/canal7slp.tv\/2019\/"},{"@type":"ListItem","position":2,"name":"Imperativo hablar de diversidad sexual en TV mexicana: Arath de la Torre"}]},{"@type":"WebSite","@id":"https:\/\/canal7slp.tv\/2019\/#website","url":"https:\/\/canal7slp.tv\/2019\/","name":"Canal 7 SLP - Somos TV","description":"Somos un Canal de 10","publisher":{"@id":"https:\/\/canal7slp.tv\/2019\/#organization"},"potentialAction":[{"@type":"SearchAction","target":{"@type":"EntryPoint","urlTemplate":"https:\/\/canal7slp.tv\/2019\/?s={search_term_string}"},"query-input":{"@type":"PropertyValueSpecification","valueRequired":true,"valueName":"search_term_string"}}],"inLanguage":"es"},{"@type":"Organization","@id":"https:\/\/canal7slp.tv\/2019\/#organization","name":"Comunicaci\u00f3n 2000 S.A. de C.V.","url":"https:\/\/canal7slp.tv\/2019\/","logo":{"@type":"ImageObject","inLanguage":"es","@id":"https:\/\/canal7slp.tv\/2019\/#\/schema\/logo\/image\/","url":"https:\/\/canal7slp.tv\/2019\/wp-content\/uploads\/2019\/07\/logo-c7.png","contentUrl":"https:\/\/canal7slp.tv\/2019\/wp-content\/uploads\/2019\/07\/logo-c7.png","width":220,"height":60,"caption":"Comunicaci\u00f3n 2000 S.A. de C.V."},"image":{"@id":"https:\/\/canal7slp.tv\/2019\/#\/schema\/logo\/image\/"},"sameAs":["https:\/\/www.facebook.com\/CANAL7SLP\/","https:\/\/x.com\/canal7_slp","https:\/\/www.instagram.com\/canal7_slp","https:\/\/www.youtube.com\/user\/NOTICIEROSCANAL7SLP\/"]},{"@type":"Person","@id":"https:\/\/canal7slp.tv\/2019\/#\/schema\/person\/11d941c1c6ca30ac0a46b95fa37aa2e3","name":"edicionweb","image":{"@type":"ImageObject","inLanguage":"es","@id":"https:\/\/secure.gravatar.com\/avatar\/eee448fc3f7164808013b816ba91ac7e43bbe82a70bebac296f8bc6f0addaa1a?s=96&d=mm&r=g","url":"https:\/\/secure.gravatar.com\/avatar\/eee448fc3f7164808013b816ba91ac7e43bbe82a70bebac296f8bc6f0addaa1a?s=96&d=mm&r=g","contentUrl":"https:\/\/secure.gravatar.com\/avatar\/eee448fc3f7164808013b816ba91ac7e43bbe82a70bebac296f8bc6f0addaa1a?s=96&d=mm&r=g","caption":"edicionweb"}}]}},"amp_enabled":true,"cmb2":{"video_ids_in_playlist":{"vid_p_videos":""},"video_ids_in_channel":{"vid_c_videos":""},"playlist_ids_in_channel":{"vid_c_playlists":""},"series_ids_in_channel":{"vid_c_series":""},"channel_images":{"vid_c_logo":"","vid_c_banner":""},"poster_feature_image":{"vid_m_poster_image":""},"gif_feature_image":{"vid_m_gif_image":""},"video_movie_settings":{"vid_m_director":"","vid_m_actor":"","vid_m_imdb_ratings":"","vid_m_amazon_associates":""},"vid_youtube_broadcasts_settings":{"vid_yb_broadcast_title":"","vid_yb_q":"","vid_yb_channelid":"","vid_yb_videocategoryid":"","vid_yb_maxresults":"","vid_yb_order":"","vid_yb_regioncode":"","vid_yb_videosyndicated":"","vid_yb_style":"","vid_yb_reload_first":""},"video_series_settings":{"vid_m_director":"","vid_m_actor":"","vid_m_imdb_ratings":"","video_series_group":""},"amazon_associates_settings":{"amazon_associates":"","amazon_native_ad":""},"vid_youtube_automatic_settings":{"vid_ya_youtube_source":"","vid_ya_update_every":"","vid_ya_update_unit":"","vid_ya_categories":"","vid_ya_published_after":"","vid_ya_published_before":"","vid_ya_playlists":"","vid_ya_channels":"","vid_ya_director":"","vid_ya_actor":"","vid_ya_author":"","vid_ya_import_post_date":"","vid_ya_status":"","vid_ya_sub_api_key":""},"vid_ads_m_videoads_settings_post":{"vid_ads_m_video_ads":"","vid_ads_m_video_ads_type":"","vid_ads_m_group_google_ima":"","vid_ads_m_group_image":"","vid_ads_m_group_html5_video":"","vid_ads_m_group_html":"","vid_ads_m_vast_preroll":"","vid_ads_m_vast_postroll":"","vid_ads_m_vast_pauseroll":"","vid_ads_m_vast_midroll":[{"vid_ads_m_vast_timer_seconds":"50"}],"vid_ads_m_time_to_show_ads":"","vid_ads_m_time_skip_ads":"","vid_ads_m_time_to_hide_ads":""},"page_slider_settings":{"display_slider_group":"","page_slider_group":""},"blog_page_settings":{"blog_page_title":"","blog_page_heading":"","blog_page_ic":"","blog_page_it":"","blog_page_ec":"","blog_page_ip":"","archive_loop_style":"","blog_image_ratio":"","blog_show_categories":"","blog_show_excerpt":"","blog_show_author":"","blog_show_date":"","blog_show_comment_count":"","blog_show_view_count":"","blog_show_like_count":"","blog_show_dislike_count":"","blog_items_per_page":"","blog_pag_type":""},"page_options":{"get_page_template":"","color_mode":"","main_layout":"","main_layout_full_with":"","main_logo":"","main_logo_retina":"","main_logo_mobile":"","main_logo_mobile_retina":"","sticky_logo":"","sticky_logo_retina":"","main_nav_layout":"","ajax_search":"","header_background":"","theme_sidebar":"","instagram_feed":"","instagram_feed_position":"","popular_videos":"","popular_videos_title_1":"","popular_videos_title_2":"","popular_videos_ic":"","popular_videos_it":"","theme_background":"","page_custom_css":""},"feature_image_settings":{"feature_image_position":""},"video_player_settings":{"single_video_style":"","video_player_position":"","vm_video_url":"","video_player_library":"","video_streaming":"","vm_media_sources":"","vid_auto_play":"","vm_video_shortcode":"","vid_p_sync_playlist":"","vid_c_sync_channel":"","get_post_format":"","multiple_links_structure":"default","multi_links_title":"","vm_video_multi_links":"","vm_duration":"","vid_social_locker":"off","vid_social_locker_id":"","vid_membership_action":"content-video","vm_video_trailer_url":"","vid_download_type":"free","vid_download_target":"download","vid_woo_product":"","vm_media_download":"","user_rating":"","user_rating_position":"","user_rating_mode":"","user_rating_multi_sets":""},"video_auto_fetch_settings":{"vm_video_fetch":"on"},"video_fake_views_likes":{"vm_fake_views":"","vm_fake_likes":"","vm_fake_dislikes":""},"gallery_settings":{"gallery_position":""},"quote_settings":{"quote_position":""},"post_options":{"main_layout":"","main_logo":"","main_logo_retina":"","main_logo_mobile":"","main_logo_mobile_retina":"","sticky_logo":"","sticky_logo_retina":"","main_nav_layout":"","header_background":"","theme_sidebar":"","single_post_comment_type":"","theme_background":""}},"_links":{"self":[{"href":"https:\/\/canal7slp.tv\/2019\/wp-json\/wp\/v2\/posts\/13235","targetHints":{"allow":["GET"]}}],"collection":[{"href":"https:\/\/canal7slp.tv\/2019\/wp-json\/wp\/v2\/posts"}],"about":[{"href":"https:\/\/canal7slp.tv\/2019\/wp-json\/wp\/v2\/types\/post"}],"author":[{"embeddable":true,"href":"https:\/\/canal7slp.tv\/2019\/wp-json\/wp\/v2\/users\/2"}],"replies":[{"embeddable":true,"href":"https:\/\/canal7slp.tv\/2019\/wp-json\/wp\/v2\/comments?post=13235"}],"version-history":[{"count":0,"href":"https:\/\/canal7slp.tv\/2019\/wp-json\/wp\/v2\/posts\/13235\/revisions"}],"wp:featuredmedia":[{"embeddable":true,"href":"https:\/\/canal7slp.tv\/2019\/wp-json\/wp\/v2\/media\/13236"}],"wp:attachment":[{"href":"https:\/\/canal7slp.tv\/2019\/wp-json\/wp\/v2\/media?parent=13235"}],"wp:term":[{"taxonomy":"category","embeddable":true,"href":"https:\/\/canal7slp.tv\/2019\/wp-json\/wp\/v2\/categories?post=13235"},{"taxonomy":"post_tag","embeddable":true,"href":"https:\/\/canal7slp.tv\/2019\/wp-json\/wp\/v2\/tags?post=13235"}],"curies":[{"name":"wp","href":"https:\/\/api.w.org\/{rel}","templated":true}]}}