{"id":13223,"date":"2019-06-12T13:07:21","date_gmt":"2019-06-12T18:07:21","guid":{"rendered":"https:\/\/canal7slp.tv\/2019\/?p=13223"},"modified":"2019-06-12T13:07:21","modified_gmt":"2019-06-12T18:07:21","slug":"julian-assange-es-victima-de-persecucion-politica-wikileaks","status":"publish","type":"post","link":"https:\/\/canal7slp.tv\/2019\/julian-assange-es-victima-de-persecucion-politica-wikileaks\/","title":{"rendered":"Julian Assange es v\u00edctima de persecuci\u00f3n pol\u00edtica: WikiLeaks"},"content":{"rendered":"<p style=\"text-align: justify\">Canberra.- El fundador del portal WikiLeaks, Julian Assange, es v\u00edctima de una persecuci\u00f3n pol\u00edtica, la cual se est\u00e1 ejecutando mediante una cadena de golpes internacionales para amordazar el periodismo de investigaci\u00f3n, denunci\u00f3 este martes el periodista island\u00e9s Kristinn Hrafnsson.<\/p>\n<p style=\"text-align: justify\">En un encuentro con miembros de la Asociaci\u00f3n de Prensa Internacional de Londres (FPA),\u00a0el portavoz de WikiLeaks calific\u00f3 la situaci\u00f3n de Assange como una persecuci\u00f3n y &#8220;no una acusaci\u00f3n a un individuo o un medio de comunicaci\u00f3n&#8221;.<\/p>\n<p style=\"text-align: justify\">El caso de Assange es un precedente, que est\u00e1 enviando\u00a0una se\u00f1al a otros casos con periodistas de Australia y de California que se dedican al periodismo de investigaci\u00f3n sobre asuntos de seguridad nacional,\u00a0se\u00f1al\u00f3 Hrafnsson, de acuerdo con el diario australiano The Herald Sun.<\/p>\n<p style=\"text-align: justify\">Llam\u00f3 a la comunidad internacional a apoyar a Assange, lo que significa defender no s\u00f3lo al periodista, sino tambi\u00e9n a la libertad de prensa en general.<\/p>\n<p style=\"text-align: justify\">Se\u00f1al\u00f3, por otra parte, que Assange, quien se encuentra en la c\u00e1rcel londinense de Belmarsh, fue revisado por un terapeuta y un psiquiatra por afectaciones a su salud, tras permanecer siete a\u00f1os en la embajada de Ecuador en Londres, donde se encontraba asilado, sin recibir atenci\u00f3n m\u00e9dica.<\/p>\n<p style=\"text-align: justify\">Assange -quien fue trasladado a una unidad m\u00e9dica debido a problemas de salud-\u00a0\u00a0entiende muy bien que le espera una batalla larga y tuvo tiempo para elaborar su l\u00ednea de defensa, agreg\u00f3.<\/p>\n<p style=\"text-align: justify\">El fundador de WikiLeaks, a quien el\u00a0gobierno ecuatoriano le retir\u00f3 el asilo, cumple una sentencia de 50 semanas de c\u00e1rcel por violar las condiciones de la libertad condicional otorgada por la justicia brit\u00e1nica en 2012.<\/p>\n<p style=\"text-align: justify\">Por otro lado,\u00a0Hrafnsson\u00a0se\u00f1al\u00f3 que las autoridades de Estados Unidos presentar\u00e1n el pr\u00f3ximo viernes\u00a0ante la justicia brit\u00e1nica las pruebas que disponen para apoyar su solicitud de extradici\u00f3n de Assange.<\/p>\n<p style=\"text-align: justify\">Explic\u00f3 que para ese d\u00eda est\u00e1 prevista una audiencia ante el tribunal londinense de Westminster, en la cual Assange podr\u00eda estar presente a trav\u00e9s de una videoconferencia, ya que la sesi\u00f3n se dedicar\u00e1 s\u00f3lo a cuestiones de procedimiento.<\/p>\n<p style=\"text-align: justify\">Por lo que una primera confrontaci\u00f3n de argumentos entre las autoridades estadunidenses y la defensa del fundador de WikiLeaks se llevar\u00eda a cabo dentro de varias semanas o incluso meses.<\/p>\n<p style=\"text-align: justify\">Estados Unidos busca juzgar a Assange por 18 cargos relacionados a la divulgaci\u00f3n, mediante WikiLeaks, documentos militares y\u00a0diplom\u00e1ticos clasificados.<\/p>\n<p style=\"text-align: justify\">Este martes, Assange fue visitado por su padre\u00a0John Shipton y el reconocido artista disidente chino Ai Weiwei.<\/p>\n<p style=\"text-align: justify\">De acuerdo con Shipton, su hijo perdi\u00f3 peso y pese a que est\u00e1 sometido a mucho estr\u00e9s &#8220;mantiene la fuerza del esp\u00edritu&#8221;, indic\u00f3 el diario brit\u00e1nico Evening\u00a0Standard.<\/p>\n","protected":false},"excerpt":{"rendered":"<p>Canberra.- El fundador del portal WikiLeaks, Julian Assange, es v\u00edctima de una persecuci\u00f3n pol\u00edtica, la cual se est\u00e1 ejecutando mediante una cadena de golpes internacionales para amordazar el periodismo de investigaci\u00f3n, denunci\u00f3 este martes el periodista island\u00e9s Kristinn Hrafnsson. En un encuentro con miembros de la Asociaci\u00f3n de Prensa Internacional de Londres (FPA),\u00a0el portavoz de [&hellip;]<\/p>\n","protected":false},"author":2,"featured_media":13224,"comment_status":"open","ping_status":"closed","sticky":false,"template":"","format":"standard","meta":{"footnotes":""},"categories":[18],"tags":[],"class_list":["post-13223","post","type-post","status-publish","format-standard","has-post-thumbnail","hentry","category-internacional"],"yoast_head":"<!-- This site is optimized with the Yoast SEO plugin v27.5 - https:\/\/yoast.com\/product\/yoast-seo-wordpress\/ -->\n<title>Julian Assange es v\u00edctima de persecuci\u00f3n pol\u00edtica: WikiLeaks - Canal 7 SLP - 2019<\/title>\n<meta name=\"robots\" content=\"index, follow, max-snippet:-1, max-image-preview:large, max-video-preview:-1\" \/>\n<link rel=\"canonical\" href=\"https:\/\/canal7slp.tv\/2019\/julian-assange-es-victima-de-persecucion-politica-wikileaks\/\" \/>\n<meta property=\"og:locale\" content=\"es_ES\" \/>\n<meta property=\"og:type\" content=\"article\" \/>\n<meta property=\"og:title\" content=\"Julian Assange es v\u00edctima de persecuci\u00f3n pol\u00edtica: WikiLeaks - Canal 7 SLP - 2019\" \/>\n<meta property=\"og:description\" content=\"Canberra.- El fundador del portal WikiLeaks, Julian Assange, es v\u00edctima de una persecuci\u00f3n pol\u00edtica, la cual se est\u00e1 ejecutando mediante una cadena de golpes internacionales para amordazar el periodismo de investigaci\u00f3n, denunci\u00f3 este martes el periodista island\u00e9s Kristinn Hrafnsson. En un encuentro con miembros de la Asociaci\u00f3n de Prensa Internacional de Londres (FPA),\u00a0el portavoz de [&hellip;]\" \/>\n<meta property=\"og:url\" content=\"https:\/\/canal7slp.tv\/2019\/julian-assange-es-victima-de-persecucion-politica-wikileaks\/\" \/>\n<meta property=\"og:site_name\" content=\"Canal 7 SLP - 2019\" \/>\n<meta property=\"article:publisher\" content=\"https:\/\/www.facebook.com\/CANAL7SLP\/\" \/>\n<meta property=\"article:published_time\" content=\"2019-06-12T18:07:21+00:00\" \/>\n<meta property=\"og:image\" content=\"https:\/\/canal7slp.tv\/2019\/wp-content\/uploads\/2019\/06\/08.png\" \/>\n\t<meta property=\"og:image:width\" content=\"604\" \/>\n\t<meta property=\"og:image:height\" content=\"410\" \/>\n\t<meta property=\"og:image:type\" content=\"image\/png\" \/>\n<meta name=\"author\" content=\"edicionweb\" \/>\n<meta name=\"twitter:card\" content=\"summary_large_image\" \/>\n<meta name=\"twitter:creator\" content=\"@canal7_slp\" \/>\n<meta name=\"twitter:site\" content=\"@canal7_slp\" \/>\n<meta name=\"twitter:label1\" content=\"Escrito por\" \/>\n\t<meta name=\"twitter:data1\" content=\"edicionweb\" \/>\n\t<meta name=\"twitter:label2\" content=\"Tiempo de lectura\" \/>\n\t<meta name=\"twitter:data2\" content=\"2 minutos\" \/>\n<script type=\"application\/ld+json\" class=\"yoast-schema-graph\">{\"@context\":\"https:\\\/\\\/schema.org\",\"@graph\":[{\"@type\":\"Article\",\"@id\":\"https:\\\/\\\/canal7slp.tv\\\/2019\\\/julian-assange-es-victima-de-persecucion-politica-wikileaks\\\/#article\",\"isPartOf\":{\"@id\":\"https:\\\/\\\/canal7slp.tv\\\/2019\\\/julian-assange-es-victima-de-persecucion-politica-wikileaks\\\/\"},\"author\":{\"name\":\"edicionweb\",\"@id\":\"https:\\\/\\\/canal7slp.tv\\\/2019\\\/#\\\/schema\\\/person\\\/11d941c1c6ca30ac0a46b95fa37aa2e3\"},\"headline\":\"Julian Assange es v\u00edctima de persecuci\u00f3n pol\u00edtica: WikiLeaks\",\"datePublished\":\"2019-06-12T18:07:21+00:00\",\"mainEntityOfPage\":{\"@id\":\"https:\\\/\\\/canal7slp.tv\\\/2019\\\/julian-assange-es-victima-de-persecucion-politica-wikileaks\\\/\"},\"wordCount\":478,\"commentCount\":0,\"publisher\":{\"@id\":\"https:\\\/\\\/canal7slp.tv\\\/2019\\\/#organization\"},\"image\":{\"@id\":\"https:\\\/\\\/canal7slp.tv\\\/2019\\\/julian-assange-es-victima-de-persecucion-politica-wikileaks\\\/#primaryimage\"},\"thumbnailUrl\":\"https:\\\/\\\/canal7slp.tv\\\/2019\\\/wp-content\\\/uploads\\\/2019\\\/06\\\/08.png\",\"articleSection\":[\"INTERNACIONAL\"],\"inLanguage\":\"es\",\"potentialAction\":[{\"@type\":\"CommentAction\",\"name\":\"Comment\",\"target\":[\"https:\\\/\\\/canal7slp.tv\\\/2019\\\/julian-assange-es-victima-de-persecucion-politica-wikileaks\\\/#respond\"]}]},{\"@type\":\"WebPage\",\"@id\":\"https:\\\/\\\/canal7slp.tv\\\/2019\\\/julian-assange-es-victima-de-persecucion-politica-wikileaks\\\/\",\"url\":\"https:\\\/\\\/canal7slp.tv\\\/2019\\\/julian-assange-es-victima-de-persecucion-politica-wikileaks\\\/\",\"name\":\"Julian Assange es v\u00edctima de persecuci\u00f3n pol\u00edtica: WikiLeaks - Canal 7 SLP - 2019\",\"isPartOf\":{\"@id\":\"https:\\\/\\\/canal7slp.tv\\\/2019\\\/#website\"},\"primaryImageOfPage\":{\"@id\":\"https:\\\/\\\/canal7slp.tv\\\/2019\\\/julian-assange-es-victima-de-persecucion-politica-wikileaks\\\/#primaryimage\"},\"image\":{\"@id\":\"https:\\\/\\\/canal7slp.tv\\\/2019\\\/julian-assange-es-victima-de-persecucion-politica-wikileaks\\\/#primaryimage\"},\"thumbnailUrl\":\"https:\\\/\\\/canal7slp.tv\\\/2019\\\/wp-content\\\/uploads\\\/2019\\\/06\\\/08.png\",\"datePublished\":\"2019-06-12T18:07:21+00:00\",\"breadcrumb\":{\"@id\":\"https:\\\/\\\/canal7slp.tv\\\/2019\\\/julian-assange-es-victima-de-persecucion-politica-wikileaks\\\/#breadcrumb\"},\"inLanguage\":\"es\",\"potentialAction\":[{\"@type\":\"ReadAction\",\"target\":[\"https:\\\/\\\/canal7slp.tv\\\/2019\\\/julian-assange-es-victima-de-persecucion-politica-wikileaks\\\/\"]}]},{\"@type\":\"ImageObject\",\"inLanguage\":\"es\",\"@id\":\"https:\\\/\\\/canal7slp.tv\\\/2019\\\/julian-assange-es-victima-de-persecucion-politica-wikileaks\\\/#primaryimage\",\"url\":\"https:\\\/\\\/canal7slp.tv\\\/2019\\\/wp-content\\\/uploads\\\/2019\\\/06\\\/08.png\",\"contentUrl\":\"https:\\\/\\\/canal7slp.tv\\\/2019\\\/wp-content\\\/uploads\\\/2019\\\/06\\\/08.png\",\"width\":604,\"height\":410},{\"@type\":\"BreadcrumbList\",\"@id\":\"https:\\\/\\\/canal7slp.tv\\\/2019\\\/julian-assange-es-victima-de-persecucion-politica-wikileaks\\\/#breadcrumb\",\"itemListElement\":[{\"@type\":\"ListItem\",\"position\":1,\"name\":\"Home\",\"item\":\"https:\\\/\\\/canal7slp.tv\\\/2019\\\/\"},{\"@type\":\"ListItem\",\"position\":2,\"name\":\"Julian Assange es v\u00edctima de persecuci\u00f3n pol\u00edtica: WikiLeaks\"}]},{\"@type\":\"WebSite\",\"@id\":\"https:\\\/\\\/canal7slp.tv\\\/2019\\\/#website\",\"url\":\"https:\\\/\\\/canal7slp.tv\\\/2019\\\/\",\"name\":\"Canal 7 SLP - Somos TV\",\"description\":\"Somos un Canal de 10\",\"publisher\":{\"@id\":\"https:\\\/\\\/canal7slp.tv\\\/2019\\\/#organization\"},\"potentialAction\":[{\"@type\":\"SearchAction\",\"target\":{\"@type\":\"EntryPoint\",\"urlTemplate\":\"https:\\\/\\\/canal7slp.tv\\\/2019\\\/?s={search_term_string}\"},\"query-input\":{\"@type\":\"PropertyValueSpecification\",\"valueRequired\":true,\"valueName\":\"search_term_string\"}}],\"inLanguage\":\"es\"},{\"@type\":\"Organization\",\"@id\":\"https:\\\/\\\/canal7slp.tv\\\/2019\\\/#organization\",\"name\":\"Comunicaci\u00f3n 2000 S.A. de C.V.\",\"url\":\"https:\\\/\\\/canal7slp.tv\\\/2019\\\/\",\"logo\":{\"@type\":\"ImageObject\",\"inLanguage\":\"es\",\"@id\":\"https:\\\/\\\/canal7slp.tv\\\/2019\\\/#\\\/schema\\\/logo\\\/image\\\/\",\"url\":\"https:\\\/\\\/canal7slp.tv\\\/2019\\\/wp-content\\\/uploads\\\/2019\\\/07\\\/logo-c7.png\",\"contentUrl\":\"https:\\\/\\\/canal7slp.tv\\\/2019\\\/wp-content\\\/uploads\\\/2019\\\/07\\\/logo-c7.png\",\"width\":220,\"height\":60,\"caption\":\"Comunicaci\u00f3n 2000 S.A. de C.V.\"},\"image\":{\"@id\":\"https:\\\/\\\/canal7slp.tv\\\/2019\\\/#\\\/schema\\\/logo\\\/image\\\/\"},\"sameAs\":[\"https:\\\/\\\/www.facebook.com\\\/CANAL7SLP\\\/\",\"https:\\\/\\\/x.com\\\/canal7_slp\",\"https:\\\/\\\/www.instagram.com\\\/canal7_slp\",\"https:\\\/\\\/www.youtube.com\\\/user\\\/NOTICIEROSCANAL7SLP\\\/\"]},{\"@type\":\"Person\",\"@id\":\"https:\\\/\\\/canal7slp.tv\\\/2019\\\/#\\\/schema\\\/person\\\/11d941c1c6ca30ac0a46b95fa37aa2e3\",\"name\":\"edicionweb\",\"image\":{\"@type\":\"ImageObject\",\"inLanguage\":\"es\",\"@id\":\"https:\\\/\\\/secure.gravatar.com\\\/avatar\\\/eee448fc3f7164808013b816ba91ac7e43bbe82a70bebac296f8bc6f0addaa1a?s=96&d=mm&r=g\",\"url\":\"https:\\\/\\\/secure.gravatar.com\\\/avatar\\\/eee448fc3f7164808013b816ba91ac7e43bbe82a70bebac296f8bc6f0addaa1a?s=96&d=mm&r=g\",\"contentUrl\":\"https:\\\/\\\/secure.gravatar.com\\\/avatar\\\/eee448fc3f7164808013b816ba91ac7e43bbe82a70bebac296f8bc6f0addaa1a?s=96&d=mm&r=g\",\"caption\":\"edicionweb\"}}]}<\/script>\n<!-- \/ Yoast SEO plugin. -->","yoast_head_json":{"title":"Julian Assange es v\u00edctima de persecuci\u00f3n pol\u00edtica: WikiLeaks - Canal 7 SLP - 2019","robots":{"index":"index","follow":"follow","max-snippet":"max-snippet:-1","max-image-preview":"max-image-preview:large","max-video-preview":"max-video-preview:-1"},"canonical":"https:\/\/canal7slp.tv\/2019\/julian-assange-es-victima-de-persecucion-politica-wikileaks\/","og_locale":"es_ES","og_type":"article","og_title":"Julian Assange es v\u00edctima de persecuci\u00f3n pol\u00edtica: WikiLeaks - Canal 7 SLP - 2019","og_description":"Canberra.- El fundador del portal WikiLeaks, Julian Assange, es v\u00edctima de una persecuci\u00f3n pol\u00edtica, la cual se est\u00e1 ejecutando mediante una cadena de golpes internacionales para amordazar el periodismo de investigaci\u00f3n, denunci\u00f3 este martes el periodista island\u00e9s Kristinn Hrafnsson. En un encuentro con miembros de la Asociaci\u00f3n de Prensa Internacional de Londres (FPA),\u00a0el portavoz de [&hellip;]","og_url":"https:\/\/canal7slp.tv\/2019\/julian-assange-es-victima-de-persecucion-politica-wikileaks\/","og_site_name":"Canal 7 SLP - 2019","article_publisher":"https:\/\/www.facebook.com\/CANAL7SLP\/","article_published_time":"2019-06-12T18:07:21+00:00","og_image":[{"width":604,"height":410,"url":"https:\/\/canal7slp.tv\/2019\/wp-content\/uploads\/2019\/06\/08.png","type":"image\/png"}],"author":"edicionweb","twitter_card":"summary_large_image","twitter_creator":"@canal7_slp","twitter_site":"@canal7_slp","twitter_misc":{"Escrito por":"edicionweb","Tiempo de lectura":"2 minutos"},"schema":{"@context":"https:\/\/schema.org","@graph":[{"@type":"Article","@id":"https:\/\/canal7slp.tv\/2019\/julian-assange-es-victima-de-persecucion-politica-wikileaks\/#article","isPartOf":{"@id":"https:\/\/canal7slp.tv\/2019\/julian-assange-es-victima-de-persecucion-politica-wikileaks\/"},"author":{"name":"edicionweb","@id":"https:\/\/canal7slp.tv\/2019\/#\/schema\/person\/11d941c1c6ca30ac0a46b95fa37aa2e3"},"headline":"Julian Assange es v\u00edctima de persecuci\u00f3n pol\u00edtica: WikiLeaks","datePublished":"2019-06-12T18:07:21+00:00","mainEntityOfPage":{"@id":"https:\/\/canal7slp.tv\/2019\/julian-assange-es-victima-de-persecucion-politica-wikileaks\/"},"wordCount":478,"commentCount":0,"publisher":{"@id":"https:\/\/canal7slp.tv\/2019\/#organization"},"image":{"@id":"https:\/\/canal7slp.tv\/2019\/julian-assange-es-victima-de-persecucion-politica-wikileaks\/#primaryimage"},"thumbnailUrl":"https:\/\/canal7slp.tv\/2019\/wp-content\/uploads\/2019\/06\/08.png","articleSection":["INTERNACIONAL"],"inLanguage":"es","potentialAction":[{"@type":"CommentAction","name":"Comment","target":["https:\/\/canal7slp.tv\/2019\/julian-assange-es-victima-de-persecucion-politica-wikileaks\/#respond"]}]},{"@type":"WebPage","@id":"https:\/\/canal7slp.tv\/2019\/julian-assange-es-victima-de-persecucion-politica-wikileaks\/","url":"https:\/\/canal7slp.tv\/2019\/julian-assange-es-victima-de-persecucion-politica-wikileaks\/","name":"Julian Assange es v\u00edctima de persecuci\u00f3n pol\u00edtica: WikiLeaks - Canal 7 SLP - 2019","isPartOf":{"@id":"https:\/\/canal7slp.tv\/2019\/#website"},"primaryImageOfPage":{"@id":"https:\/\/canal7slp.tv\/2019\/julian-assange-es-victima-de-persecucion-politica-wikileaks\/#primaryimage"},"image":{"@id":"https:\/\/canal7slp.tv\/2019\/julian-assange-es-victima-de-persecucion-politica-wikileaks\/#primaryimage"},"thumbnailUrl":"https:\/\/canal7slp.tv\/2019\/wp-content\/uploads\/2019\/06\/08.png","datePublished":"2019-06-12T18:07:21+00:00","breadcrumb":{"@id":"https:\/\/canal7slp.tv\/2019\/julian-assange-es-victima-de-persecucion-politica-wikileaks\/#breadcrumb"},"inLanguage":"es","potentialAction":[{"@type":"ReadAction","target":["https:\/\/canal7slp.tv\/2019\/julian-assange-es-victima-de-persecucion-politica-wikileaks\/"]}]},{"@type":"ImageObject","inLanguage":"es","@id":"https:\/\/canal7slp.tv\/2019\/julian-assange-es-victima-de-persecucion-politica-wikileaks\/#primaryimage","url":"https:\/\/canal7slp.tv\/2019\/wp-content\/uploads\/2019\/06\/08.png","contentUrl":"https:\/\/canal7slp.tv\/2019\/wp-content\/uploads\/2019\/06\/08.png","width":604,"height":410},{"@type":"BreadcrumbList","@id":"https:\/\/canal7slp.tv\/2019\/julian-assange-es-victima-de-persecucion-politica-wikileaks\/#breadcrumb","itemListElement":[{"@type":"ListItem","position":1,"name":"Home","item":"https:\/\/canal7slp.tv\/2019\/"},{"@type":"ListItem","position":2,"name":"Julian Assange es v\u00edctima de persecuci\u00f3n pol\u00edtica: WikiLeaks"}]},{"@type":"WebSite","@id":"https:\/\/canal7slp.tv\/2019\/#website","url":"https:\/\/canal7slp.tv\/2019\/","name":"Canal 7 SLP - Somos TV","description":"Somos un Canal de 10","publisher":{"@id":"https:\/\/canal7slp.tv\/2019\/#organization"},"potentialAction":[{"@type":"SearchAction","target":{"@type":"EntryPoint","urlTemplate":"https:\/\/canal7slp.tv\/2019\/?s={search_term_string}"},"query-input":{"@type":"PropertyValueSpecification","valueRequired":true,"valueName":"search_term_string"}}],"inLanguage":"es"},{"@type":"Organization","@id":"https:\/\/canal7slp.tv\/2019\/#organization","name":"Comunicaci\u00f3n 2000 S.A. de C.V.","url":"https:\/\/canal7slp.tv\/2019\/","logo":{"@type":"ImageObject","inLanguage":"es","@id":"https:\/\/canal7slp.tv\/2019\/#\/schema\/logo\/image\/","url":"https:\/\/canal7slp.tv\/2019\/wp-content\/uploads\/2019\/07\/logo-c7.png","contentUrl":"https:\/\/canal7slp.tv\/2019\/wp-content\/uploads\/2019\/07\/logo-c7.png","width":220,"height":60,"caption":"Comunicaci\u00f3n 2000 S.A. de C.V."},"image":{"@id":"https:\/\/canal7slp.tv\/2019\/#\/schema\/logo\/image\/"},"sameAs":["https:\/\/www.facebook.com\/CANAL7SLP\/","https:\/\/x.com\/canal7_slp","https:\/\/www.instagram.com\/canal7_slp","https:\/\/www.youtube.com\/user\/NOTICIEROSCANAL7SLP\/"]},{"@type":"Person","@id":"https:\/\/canal7slp.tv\/2019\/#\/schema\/person\/11d941c1c6ca30ac0a46b95fa37aa2e3","name":"edicionweb","image":{"@type":"ImageObject","inLanguage":"es","@id":"https:\/\/secure.gravatar.com\/avatar\/eee448fc3f7164808013b816ba91ac7e43bbe82a70bebac296f8bc6f0addaa1a?s=96&d=mm&r=g","url":"https:\/\/secure.gravatar.com\/avatar\/eee448fc3f7164808013b816ba91ac7e43bbe82a70bebac296f8bc6f0addaa1a?s=96&d=mm&r=g","contentUrl":"https:\/\/secure.gravatar.com\/avatar\/eee448fc3f7164808013b816ba91ac7e43bbe82a70bebac296f8bc6f0addaa1a?s=96&d=mm&r=g","caption":"edicionweb"}}]}},"amp_enabled":true,"cmb2":{"video_ids_in_playlist":{"vid_p_videos":""},"video_ids_in_channel":{"vid_c_videos":""},"playlist_ids_in_channel":{"vid_c_playlists":""},"series_ids_in_channel":{"vid_c_series":""},"channel_images":{"vid_c_logo":"","vid_c_banner":""},"poster_feature_image":{"vid_m_poster_image":""},"gif_feature_image":{"vid_m_gif_image":""},"video_movie_settings":{"vid_m_director":"","vid_m_actor":"","vid_m_imdb_ratings":"","vid_m_amazon_associates":""},"vid_youtube_broadcasts_settings":{"vid_yb_broadcast_title":"","vid_yb_q":"","vid_yb_channelid":"","vid_yb_videocategoryid":"","vid_yb_maxresults":"","vid_yb_order":"","vid_yb_regioncode":"","vid_yb_videosyndicated":"","vid_yb_style":"","vid_yb_reload_first":""},"video_series_settings":{"vid_m_director":"","vid_m_actor":"","vid_m_imdb_ratings":"","video_series_group":""},"amazon_associates_settings":{"amazon_associates":"","amazon_native_ad":""},"vid_youtube_automatic_settings":{"vid_ya_youtube_source":"","vid_ya_update_every":"","vid_ya_update_unit":"","vid_ya_categories":"","vid_ya_published_after":"","vid_ya_published_before":"","vid_ya_playlists":"","vid_ya_channels":"","vid_ya_director":"","vid_ya_actor":"","vid_ya_author":"","vid_ya_import_post_date":"","vid_ya_status":"","vid_ya_sub_api_key":""},"vid_ads_m_videoads_settings_post":{"vid_ads_m_video_ads":"","vid_ads_m_video_ads_type":"","vid_ads_m_group_google_ima":"","vid_ads_m_group_image":"","vid_ads_m_group_html5_video":"","vid_ads_m_group_html":"","vid_ads_m_vast_preroll":"","vid_ads_m_vast_postroll":"","vid_ads_m_vast_pauseroll":"","vid_ads_m_vast_midroll":[{"vid_ads_m_vast_timer_seconds":"50"}],"vid_ads_m_time_to_show_ads":"","vid_ads_m_time_skip_ads":"","vid_ads_m_time_to_hide_ads":""},"page_slider_settings":{"display_slider_group":"","page_slider_group":""},"blog_page_settings":{"blog_page_title":"","blog_page_heading":"","blog_page_ic":"","blog_page_it":"","blog_page_ec":"","blog_page_ip":"","archive_loop_style":"","blog_image_ratio":"","blog_show_categories":"","blog_show_excerpt":"","blog_show_author":"","blog_show_date":"","blog_show_comment_count":"","blog_show_view_count":"","blog_show_like_count":"","blog_show_dislike_count":"","blog_items_per_page":"","blog_pag_type":""},"page_options":{"get_page_template":"","color_mode":"","main_layout":"","main_layout_full_with":"","main_logo":"","main_logo_retina":"","main_logo_mobile":"","main_logo_mobile_retina":"","sticky_logo":"","sticky_logo_retina":"","main_nav_layout":"","ajax_search":"","header_background":"","theme_sidebar":"","instagram_feed":"","instagram_feed_position":"","popular_videos":"","popular_videos_title_1":"","popular_videos_title_2":"","popular_videos_ic":"","popular_videos_it":"","theme_background":"","page_custom_css":""},"feature_image_settings":{"feature_image_position":""},"video_player_settings":{"single_video_style":"","video_player_position":"","vm_video_url":"","video_player_library":"","video_streaming":"","vm_media_sources":"","vid_auto_play":"","vm_video_shortcode":"","vid_p_sync_playlist":"","vid_c_sync_channel":"","get_post_format":"","multiple_links_structure":"default","multi_links_title":"","vm_video_multi_links":"","vm_duration":"","vid_social_locker":"off","vid_social_locker_id":"","vid_membership_action":"content-video","vm_video_trailer_url":"","vid_download_type":"free","vid_download_target":"download","vid_woo_product":"","vm_media_download":"","user_rating":"","user_rating_position":"","user_rating_mode":"","user_rating_multi_sets":""},"video_auto_fetch_settings":{"vm_video_fetch":"on"},"video_fake_views_likes":{"vm_fake_views":"","vm_fake_likes":"","vm_fake_dislikes":""},"gallery_settings":{"gallery_position":""},"quote_settings":{"quote_position":""},"post_options":{"main_layout":"","main_logo":"","main_logo_retina":"","main_logo_mobile":"","main_logo_mobile_retina":"","sticky_logo":"","sticky_logo_retina":"","main_nav_layout":"","header_background":"","theme_sidebar":"","single_post_comment_type":"","theme_background":""}},"_links":{"self":[{"href":"https:\/\/canal7slp.tv\/2019\/wp-json\/wp\/v2\/posts\/13223","targetHints":{"allow":["GET"]}}],"collection":[{"href":"https:\/\/canal7slp.tv\/2019\/wp-json\/wp\/v2\/posts"}],"about":[{"href":"https:\/\/canal7slp.tv\/2019\/wp-json\/wp\/v2\/types\/post"}],"author":[{"embeddable":true,"href":"https:\/\/canal7slp.tv\/2019\/wp-json\/wp\/v2\/users\/2"}],"replies":[{"embeddable":true,"href":"https:\/\/canal7slp.tv\/2019\/wp-json\/wp\/v2\/comments?post=13223"}],"version-history":[{"count":0,"href":"https:\/\/canal7slp.tv\/2019\/wp-json\/wp\/v2\/posts\/13223\/revisions"}],"wp:featuredmedia":[{"embeddable":true,"href":"https:\/\/canal7slp.tv\/2019\/wp-json\/wp\/v2\/media\/13224"}],"wp:attachment":[{"href":"https:\/\/canal7slp.tv\/2019\/wp-json\/wp\/v2\/media?parent=13223"}],"wp:term":[{"taxonomy":"category","embeddable":true,"href":"https:\/\/canal7slp.tv\/2019\/wp-json\/wp\/v2\/categories?post=13223"},{"taxonomy":"post_tag","embeddable":true,"href":"https:\/\/canal7slp.tv\/2019\/wp-json\/wp\/v2\/tags?post=13223"}],"curies":[{"name":"wp","href":"https:\/\/api.w.org\/{rel}","templated":true}]}}