{"id":13198,"date":"2019-06-12T12:25:04","date_gmt":"2019-06-12T17:25:04","guid":{"rendered":"https:\/\/canal7slp.tv\/2019\/?p=13198"},"modified":"2019-06-12T12:25:04","modified_gmt":"2019-06-12T17:25:04","slug":"el-show-de-los-aristemos-donara-taquilla-a-estancias-infantiles","status":"publish","type":"post","link":"https:\/\/canal7slp.tv\/2019\/el-show-de-los-aristemos-donara-taquilla-a-estancias-infantiles\/","title":{"rendered":"El show de &#8220;Los Aristemos&#8221; donar\u00e1 taquilla a estancias infantiles"},"content":{"rendered":"<p style=\"text-align: justify\">M\u00e9xico.- Con la finalidad de encauzar su trabajo hacia el bien com\u00fan, el productor Juan Osorio ayudar\u00e1 a estancias infantiles con lo que se logre recaudar de una serie presentaciones que realizar\u00e1 la famosa pareja \u201cLos Aristemos\u201d.<\/p>\n<p style=\"text-align: justify\">Dijo que desde hace tiempo\u00a0desea\u00a0enfocarse en esta causa, y para lograrlo aprovechar\u00e1\u00a0el \u00e9xito de los personajes &#8220;Cuauht\u00e9moc&#8221; y &#8220;Arist\u00f3teles&#8221;, que surgieron de la telenovela \u201cMi marido tiene m\u00e1s familia\u201d, de la cual es productor.<\/p>\n<p style=\"text-align: justify\">Osorio tiene planeado realizar una gira de presentaciones con el espect\u00e1culo de &#8220;Los Aristemos&#8221;, cuyas ganancias ser\u00e1n destinadas a esta causa.\u00a0\u201cSer\u00e1 una temporada de tres o cuatro meses, aprovechar\u00e9 que est\u00e1n j\u00f3venes y los entregaremos a esta causa que me interesa, porque es una manera de ayudar a todas aquellas madres trabajadoras\u201d.<\/p>\n<p style=\"text-align: justify\">Se\u00f1al\u00f3 que esta iniciativa la tiene presente luego de que se diera a conocer la noticia del recorte presupuestal a las estancias infantiles en el pa\u00eds.<\/p>\n<p style=\"text-align: justify\">\u201cLo importante es que la gente quiere a estos personajes y espero que esto sirva para hacer una labor altruista\u201d, dijo Osorio, quien se muestra satisfecho del trabajo que ha desempe\u00f1ado por su hijo Emilio.<\/p>\n<p style=\"text-align: justify\">Respecto al tema de la diversidad sexual, el productor opin\u00f3 que era necesario abordarlo en la televisi\u00f3n abierta, ya que es una realidad, \u201csimplemente hab\u00eda que saber c\u00f3mo contar la historia de una manera seductora\u201d.<\/p>\n<p style=\"text-align: justify\">Destac\u00f3 que este concepto no solo se ha vuelto una buena iniciativa para hablar sobre el respeto e igualdad a la diversidad sexual, sino que tambi\u00e9n llevar\u00e1 esta historia a otros foros con el fin de hacer un an\u00e1lisis del tema.<\/p>\n<p style=\"text-align: justify\">&#8220;Estamos pensando tambi\u00e9n en hacer talleres y pl\u00e1ticas sobre el tema, a fin de seguir creando una cultura del respeto y tolerancia\u201d, apunt\u00f3 Osorio.<\/p>\n<p style=\"text-align: justify\">Indic\u00f3 que adem\u00e1s de los personajes\u00a0tambi\u00e9n estar\u00e1 invitada la terapeuta Silvia Olmedo y l\u00edderes de la comunidad LGBTTTI, todo esto sin fines de lucro, destac\u00f3 el productor televisivo.<\/p>\n<p style=\"text-align: justify\">Destac\u00f3 que\u00a0el \u00e9xito\u00a0de \u201cLos Aristemos\u201d\u00a0fue una verdadera sorpresa, ya que esta trama no estaba dentro de la\u00a0telenovela\u00a0y mucho menos se pens\u00f3 que tuviera su propia serie.<\/p>\n<p style=\"text-align: justify\">Aprovechando el cari\u00f1o que les tiene la comunidad gay, los actores Emilio Osorio y Joaqu\u00edn Bondoni, ser\u00e1n parte de la marcha del orgullo LGBTTTI que se realizar\u00e1 el pr\u00f3ximo 29 de junio y con la cual seguir\u00e1n promoviendo el respeto e igualdad.<\/p>\n<p style=\"text-align: justify\">\u201cNosotros con esta propuesta queremos que m\u00e1s gente hable del tema, que se rompan los tab\u00faes, porque a\u00fan los hay y fuertes\u201d, apunt\u00f3 el productor, quien a trav\u00e9s de su trabajo ha tratado de ayudar a diversas causas como en su momento lo hizo con la donaci\u00f3n de \u00f3rganos y las adicciones.<\/p>\n<p style=\"text-align: justify\">Destac\u00f3 que espera que la serie \u201cJuntos, el coraz\u00f3n nunca se equivoca\u201d protagonizada por \u201cLos Aristemos\u201d siga abriendo\u00a0espacios para hablar en la televisi\u00f3n de otros temas, como el machismo.<\/p>\n","protected":false},"excerpt":{"rendered":"<p>M\u00e9xico.- Con la finalidad de encauzar su trabajo hacia el bien com\u00fan, el productor Juan Osorio ayudar\u00e1 a estancias infantiles con lo que se logre recaudar de una serie presentaciones que realizar\u00e1 la famosa pareja \u201cLos Aristemos\u201d. Dijo que desde hace tiempo\u00a0desea\u00a0enfocarse en esta causa, y para lograrlo aprovechar\u00e1\u00a0el \u00e9xito de los personajes &#8220;Cuauht\u00e9moc&#8221; y [&hellip;]<\/p>\n","protected":false},"author":2,"featured_media":13200,"comment_status":"open","ping_status":"closed","sticky":false,"template":"","format":"standard","meta":{"footnotes":""},"categories":[24],"tags":[],"class_list":["post-13198","post","type-post","status-publish","format-standard","has-post-thumbnail","hentry","category-espectaculos"],"yoast_head":"<!-- This site is optimized with the Yoast SEO plugin v27.5 - https:\/\/yoast.com\/product\/yoast-seo-wordpress\/ -->\n<title>El show de &quot;Los Aristemos&quot; donar\u00e1 taquilla a estancias infantiles - Canal 7 SLP - 2019<\/title>\n<meta name=\"robots\" content=\"index, follow, max-snippet:-1, max-image-preview:large, max-video-preview:-1\" \/>\n<link rel=\"canonical\" href=\"https:\/\/canal7slp.tv\/2019\/el-show-de-los-aristemos-donara-taquilla-a-estancias-infantiles\/\" \/>\n<meta property=\"og:locale\" content=\"es_ES\" \/>\n<meta property=\"og:type\" content=\"article\" \/>\n<meta property=\"og:title\" content=\"El show de &quot;Los Aristemos&quot; donar\u00e1 taquilla a estancias infantiles - Canal 7 SLP - 2019\" \/>\n<meta property=\"og:description\" content=\"M\u00e9xico.- Con la finalidad de encauzar su trabajo hacia el bien com\u00fan, el productor Juan Osorio ayudar\u00e1 a estancias infantiles con lo que se logre recaudar de una serie presentaciones que realizar\u00e1 la famosa pareja \u201cLos Aristemos\u201d. Dijo que desde hace tiempo\u00a0desea\u00a0enfocarse en esta causa, y para lograrlo aprovechar\u00e1\u00a0el \u00e9xito de los personajes &#8220;Cuauht\u00e9moc&#8221; y [&hellip;]\" \/>\n<meta property=\"og:url\" content=\"https:\/\/canal7slp.tv\/2019\/el-show-de-los-aristemos-donara-taquilla-a-estancias-infantiles\/\" \/>\n<meta property=\"og:site_name\" content=\"Canal 7 SLP - 2019\" \/>\n<meta property=\"article:publisher\" content=\"https:\/\/www.facebook.com\/CANAL7SLP\/\" \/>\n<meta property=\"article:published_time\" content=\"2019-06-12T17:25:04+00:00\" \/>\n<meta property=\"og:image\" content=\"https:\/\/canal7slp.tv\/2019\/wp-content\/uploads\/2019\/06\/01-11.jpg\" \/>\n\t<meta property=\"og:image:width\" content=\"491\" \/>\n\t<meta property=\"og:image:height\" content=\"410\" \/>\n\t<meta property=\"og:image:type\" content=\"image\/jpeg\" \/>\n<meta name=\"author\" content=\"edicionweb\" \/>\n<meta name=\"twitter:card\" content=\"summary_large_image\" \/>\n<meta name=\"twitter:creator\" content=\"@canal7_slp\" \/>\n<meta name=\"twitter:site\" content=\"@canal7_slp\" \/>\n<meta name=\"twitter:label1\" content=\"Escrito por\" \/>\n\t<meta name=\"twitter:data1\" content=\"edicionweb\" \/>\n\t<meta name=\"twitter:label2\" content=\"Tiempo de lectura\" \/>\n\t<meta name=\"twitter:data2\" content=\"3 minutos\" \/>\n<script type=\"application\/ld+json\" class=\"yoast-schema-graph\">{\"@context\":\"https:\\\/\\\/schema.org\",\"@graph\":[{\"@type\":\"Article\",\"@id\":\"https:\\\/\\\/canal7slp.tv\\\/2019\\\/el-show-de-los-aristemos-donara-taquilla-a-estancias-infantiles\\\/#article\",\"isPartOf\":{\"@id\":\"https:\\\/\\\/canal7slp.tv\\\/2019\\\/el-show-de-los-aristemos-donara-taquilla-a-estancias-infantiles\\\/\"},\"author\":{\"name\":\"edicionweb\",\"@id\":\"https:\\\/\\\/canal7slp.tv\\\/2019\\\/#\\\/schema\\\/person\\\/11d941c1c6ca30ac0a46b95fa37aa2e3\"},\"headline\":\"El show de &#8220;Los Aristemos&#8221; donar\u00e1 taquilla a estancias infantiles\",\"datePublished\":\"2019-06-12T17:25:04+00:00\",\"mainEntityOfPage\":{\"@id\":\"https:\\\/\\\/canal7slp.tv\\\/2019\\\/el-show-de-los-aristemos-donara-taquilla-a-estancias-infantiles\\\/\"},\"wordCount\":516,\"commentCount\":0,\"publisher\":{\"@id\":\"https:\\\/\\\/canal7slp.tv\\\/2019\\\/#organization\"},\"image\":{\"@id\":\"https:\\\/\\\/canal7slp.tv\\\/2019\\\/el-show-de-los-aristemos-donara-taquilla-a-estancias-infantiles\\\/#primaryimage\"},\"thumbnailUrl\":\"https:\\\/\\\/canal7slp.tv\\\/2019\\\/wp-content\\\/uploads\\\/2019\\\/06\\\/01-11.jpg\",\"articleSection\":[\"ESPECTACULOS\"],\"inLanguage\":\"es\",\"potentialAction\":[{\"@type\":\"CommentAction\",\"name\":\"Comment\",\"target\":[\"https:\\\/\\\/canal7slp.tv\\\/2019\\\/el-show-de-los-aristemos-donara-taquilla-a-estancias-infantiles\\\/#respond\"]}]},{\"@type\":\"WebPage\",\"@id\":\"https:\\\/\\\/canal7slp.tv\\\/2019\\\/el-show-de-los-aristemos-donara-taquilla-a-estancias-infantiles\\\/\",\"url\":\"https:\\\/\\\/canal7slp.tv\\\/2019\\\/el-show-de-los-aristemos-donara-taquilla-a-estancias-infantiles\\\/\",\"name\":\"El show de \\\"Los Aristemos\\\" donar\u00e1 taquilla a estancias infantiles - Canal 7 SLP - 2019\",\"isPartOf\":{\"@id\":\"https:\\\/\\\/canal7slp.tv\\\/2019\\\/#website\"},\"primaryImageOfPage\":{\"@id\":\"https:\\\/\\\/canal7slp.tv\\\/2019\\\/el-show-de-los-aristemos-donara-taquilla-a-estancias-infantiles\\\/#primaryimage\"},\"image\":{\"@id\":\"https:\\\/\\\/canal7slp.tv\\\/2019\\\/el-show-de-los-aristemos-donara-taquilla-a-estancias-infantiles\\\/#primaryimage\"},\"thumbnailUrl\":\"https:\\\/\\\/canal7slp.tv\\\/2019\\\/wp-content\\\/uploads\\\/2019\\\/06\\\/01-11.jpg\",\"datePublished\":\"2019-06-12T17:25:04+00:00\",\"breadcrumb\":{\"@id\":\"https:\\\/\\\/canal7slp.tv\\\/2019\\\/el-show-de-los-aristemos-donara-taquilla-a-estancias-infantiles\\\/#breadcrumb\"},\"inLanguage\":\"es\",\"potentialAction\":[{\"@type\":\"ReadAction\",\"target\":[\"https:\\\/\\\/canal7slp.tv\\\/2019\\\/el-show-de-los-aristemos-donara-taquilla-a-estancias-infantiles\\\/\"]}]},{\"@type\":\"ImageObject\",\"inLanguage\":\"es\",\"@id\":\"https:\\\/\\\/canal7slp.tv\\\/2019\\\/el-show-de-los-aristemos-donara-taquilla-a-estancias-infantiles\\\/#primaryimage\",\"url\":\"https:\\\/\\\/canal7slp.tv\\\/2019\\\/wp-content\\\/uploads\\\/2019\\\/06\\\/01-11.jpg\",\"contentUrl\":\"https:\\\/\\\/canal7slp.tv\\\/2019\\\/wp-content\\\/uploads\\\/2019\\\/06\\\/01-11.jpg\",\"width\":491,\"height\":410},{\"@type\":\"BreadcrumbList\",\"@id\":\"https:\\\/\\\/canal7slp.tv\\\/2019\\\/el-show-de-los-aristemos-donara-taquilla-a-estancias-infantiles\\\/#breadcrumb\",\"itemListElement\":[{\"@type\":\"ListItem\",\"position\":1,\"name\":\"Home\",\"item\":\"https:\\\/\\\/canal7slp.tv\\\/2019\\\/\"},{\"@type\":\"ListItem\",\"position\":2,\"name\":\"El show de &#8220;Los Aristemos&#8221; donar\u00e1 taquilla a estancias infantiles\"}]},{\"@type\":\"WebSite\",\"@id\":\"https:\\\/\\\/canal7slp.tv\\\/2019\\\/#website\",\"url\":\"https:\\\/\\\/canal7slp.tv\\\/2019\\\/\",\"name\":\"Canal 7 SLP - Somos TV\",\"description\":\"Somos un Canal de 10\",\"publisher\":{\"@id\":\"https:\\\/\\\/canal7slp.tv\\\/2019\\\/#organization\"},\"potentialAction\":[{\"@type\":\"SearchAction\",\"target\":{\"@type\":\"EntryPoint\",\"urlTemplate\":\"https:\\\/\\\/canal7slp.tv\\\/2019\\\/?s={search_term_string}\"},\"query-input\":{\"@type\":\"PropertyValueSpecification\",\"valueRequired\":true,\"valueName\":\"search_term_string\"}}],\"inLanguage\":\"es\"},{\"@type\":\"Organization\",\"@id\":\"https:\\\/\\\/canal7slp.tv\\\/2019\\\/#organization\",\"name\":\"Comunicaci\u00f3n 2000 S.A. de C.V.\",\"url\":\"https:\\\/\\\/canal7slp.tv\\\/2019\\\/\",\"logo\":{\"@type\":\"ImageObject\",\"inLanguage\":\"es\",\"@id\":\"https:\\\/\\\/canal7slp.tv\\\/2019\\\/#\\\/schema\\\/logo\\\/image\\\/\",\"url\":\"https:\\\/\\\/canal7slp.tv\\\/2019\\\/wp-content\\\/uploads\\\/2019\\\/07\\\/logo-c7.png\",\"contentUrl\":\"https:\\\/\\\/canal7slp.tv\\\/2019\\\/wp-content\\\/uploads\\\/2019\\\/07\\\/logo-c7.png\",\"width\":220,\"height\":60,\"caption\":\"Comunicaci\u00f3n 2000 S.A. de C.V.\"},\"image\":{\"@id\":\"https:\\\/\\\/canal7slp.tv\\\/2019\\\/#\\\/schema\\\/logo\\\/image\\\/\"},\"sameAs\":[\"https:\\\/\\\/www.facebook.com\\\/CANAL7SLP\\\/\",\"https:\\\/\\\/x.com\\\/canal7_slp\",\"https:\\\/\\\/www.instagram.com\\\/canal7_slp\",\"https:\\\/\\\/www.youtube.com\\\/user\\\/NOTICIEROSCANAL7SLP\\\/\"]},{\"@type\":\"Person\",\"@id\":\"https:\\\/\\\/canal7slp.tv\\\/2019\\\/#\\\/schema\\\/person\\\/11d941c1c6ca30ac0a46b95fa37aa2e3\",\"name\":\"edicionweb\",\"image\":{\"@type\":\"ImageObject\",\"inLanguage\":\"es\",\"@id\":\"https:\\\/\\\/secure.gravatar.com\\\/avatar\\\/eee448fc3f7164808013b816ba91ac7e43bbe82a70bebac296f8bc6f0addaa1a?s=96&d=mm&r=g\",\"url\":\"https:\\\/\\\/secure.gravatar.com\\\/avatar\\\/eee448fc3f7164808013b816ba91ac7e43bbe82a70bebac296f8bc6f0addaa1a?s=96&d=mm&r=g\",\"contentUrl\":\"https:\\\/\\\/secure.gravatar.com\\\/avatar\\\/eee448fc3f7164808013b816ba91ac7e43bbe82a70bebac296f8bc6f0addaa1a?s=96&d=mm&r=g\",\"caption\":\"edicionweb\"}}]}<\/script>\n<!-- \/ Yoast SEO plugin. -->","yoast_head_json":{"title":"El show de \"Los Aristemos\" donar\u00e1 taquilla a estancias infantiles - Canal 7 SLP - 2019","robots":{"index":"index","follow":"follow","max-snippet":"max-snippet:-1","max-image-preview":"max-image-preview:large","max-video-preview":"max-video-preview:-1"},"canonical":"https:\/\/canal7slp.tv\/2019\/el-show-de-los-aristemos-donara-taquilla-a-estancias-infantiles\/","og_locale":"es_ES","og_type":"article","og_title":"El show de \"Los Aristemos\" donar\u00e1 taquilla a estancias infantiles - Canal 7 SLP - 2019","og_description":"M\u00e9xico.- Con la finalidad de encauzar su trabajo hacia el bien com\u00fan, el productor Juan Osorio ayudar\u00e1 a estancias infantiles con lo que se logre recaudar de una serie presentaciones que realizar\u00e1 la famosa pareja \u201cLos Aristemos\u201d. Dijo que desde hace tiempo\u00a0desea\u00a0enfocarse en esta causa, y para lograrlo aprovechar\u00e1\u00a0el \u00e9xito de los personajes &#8220;Cuauht\u00e9moc&#8221; y [&hellip;]","og_url":"https:\/\/canal7slp.tv\/2019\/el-show-de-los-aristemos-donara-taquilla-a-estancias-infantiles\/","og_site_name":"Canal 7 SLP - 2019","article_publisher":"https:\/\/www.facebook.com\/CANAL7SLP\/","article_published_time":"2019-06-12T17:25:04+00:00","og_image":[{"width":491,"height":410,"url":"https:\/\/canal7slp.tv\/2019\/wp-content\/uploads\/2019\/06\/01-11.jpg","type":"image\/jpeg"}],"author":"edicionweb","twitter_card":"summary_large_image","twitter_creator":"@canal7_slp","twitter_site":"@canal7_slp","twitter_misc":{"Escrito por":"edicionweb","Tiempo de lectura":"3 minutos"},"schema":{"@context":"https:\/\/schema.org","@graph":[{"@type":"Article","@id":"https:\/\/canal7slp.tv\/2019\/el-show-de-los-aristemos-donara-taquilla-a-estancias-infantiles\/#article","isPartOf":{"@id":"https:\/\/canal7slp.tv\/2019\/el-show-de-los-aristemos-donara-taquilla-a-estancias-infantiles\/"},"author":{"name":"edicionweb","@id":"https:\/\/canal7slp.tv\/2019\/#\/schema\/person\/11d941c1c6ca30ac0a46b95fa37aa2e3"},"headline":"El show de &#8220;Los Aristemos&#8221; donar\u00e1 taquilla a estancias infantiles","datePublished":"2019-06-12T17:25:04+00:00","mainEntityOfPage":{"@id":"https:\/\/canal7slp.tv\/2019\/el-show-de-los-aristemos-donara-taquilla-a-estancias-infantiles\/"},"wordCount":516,"commentCount":0,"publisher":{"@id":"https:\/\/canal7slp.tv\/2019\/#organization"},"image":{"@id":"https:\/\/canal7slp.tv\/2019\/el-show-de-los-aristemos-donara-taquilla-a-estancias-infantiles\/#primaryimage"},"thumbnailUrl":"https:\/\/canal7slp.tv\/2019\/wp-content\/uploads\/2019\/06\/01-11.jpg","articleSection":["ESPECTACULOS"],"inLanguage":"es","potentialAction":[{"@type":"CommentAction","name":"Comment","target":["https:\/\/canal7slp.tv\/2019\/el-show-de-los-aristemos-donara-taquilla-a-estancias-infantiles\/#respond"]}]},{"@type":"WebPage","@id":"https:\/\/canal7slp.tv\/2019\/el-show-de-los-aristemos-donara-taquilla-a-estancias-infantiles\/","url":"https:\/\/canal7slp.tv\/2019\/el-show-de-los-aristemos-donara-taquilla-a-estancias-infantiles\/","name":"El show de \"Los Aristemos\" donar\u00e1 taquilla a estancias infantiles - Canal 7 SLP - 2019","isPartOf":{"@id":"https:\/\/canal7slp.tv\/2019\/#website"},"primaryImageOfPage":{"@id":"https:\/\/canal7slp.tv\/2019\/el-show-de-los-aristemos-donara-taquilla-a-estancias-infantiles\/#primaryimage"},"image":{"@id":"https:\/\/canal7slp.tv\/2019\/el-show-de-los-aristemos-donara-taquilla-a-estancias-infantiles\/#primaryimage"},"thumbnailUrl":"https:\/\/canal7slp.tv\/2019\/wp-content\/uploads\/2019\/06\/01-11.jpg","datePublished":"2019-06-12T17:25:04+00:00","breadcrumb":{"@id":"https:\/\/canal7slp.tv\/2019\/el-show-de-los-aristemos-donara-taquilla-a-estancias-infantiles\/#breadcrumb"},"inLanguage":"es","potentialAction":[{"@type":"ReadAction","target":["https:\/\/canal7slp.tv\/2019\/el-show-de-los-aristemos-donara-taquilla-a-estancias-infantiles\/"]}]},{"@type":"ImageObject","inLanguage":"es","@id":"https:\/\/canal7slp.tv\/2019\/el-show-de-los-aristemos-donara-taquilla-a-estancias-infantiles\/#primaryimage","url":"https:\/\/canal7slp.tv\/2019\/wp-content\/uploads\/2019\/06\/01-11.jpg","contentUrl":"https:\/\/canal7slp.tv\/2019\/wp-content\/uploads\/2019\/06\/01-11.jpg","width":491,"height":410},{"@type":"BreadcrumbList","@id":"https:\/\/canal7slp.tv\/2019\/el-show-de-los-aristemos-donara-taquilla-a-estancias-infantiles\/#breadcrumb","itemListElement":[{"@type":"ListItem","position":1,"name":"Home","item":"https:\/\/canal7slp.tv\/2019\/"},{"@type":"ListItem","position":2,"name":"El show de &#8220;Los Aristemos&#8221; donar\u00e1 taquilla a estancias infantiles"}]},{"@type":"WebSite","@id":"https:\/\/canal7slp.tv\/2019\/#website","url":"https:\/\/canal7slp.tv\/2019\/","name":"Canal 7 SLP - Somos TV","description":"Somos un Canal de 10","publisher":{"@id":"https:\/\/canal7slp.tv\/2019\/#organization"},"potentialAction":[{"@type":"SearchAction","target":{"@type":"EntryPoint","urlTemplate":"https:\/\/canal7slp.tv\/2019\/?s={search_term_string}"},"query-input":{"@type":"PropertyValueSpecification","valueRequired":true,"valueName":"search_term_string"}}],"inLanguage":"es"},{"@type":"Organization","@id":"https:\/\/canal7slp.tv\/2019\/#organization","name":"Comunicaci\u00f3n 2000 S.A. de C.V.","url":"https:\/\/canal7slp.tv\/2019\/","logo":{"@type":"ImageObject","inLanguage":"es","@id":"https:\/\/canal7slp.tv\/2019\/#\/schema\/logo\/image\/","url":"https:\/\/canal7slp.tv\/2019\/wp-content\/uploads\/2019\/07\/logo-c7.png","contentUrl":"https:\/\/canal7slp.tv\/2019\/wp-content\/uploads\/2019\/07\/logo-c7.png","width":220,"height":60,"caption":"Comunicaci\u00f3n 2000 S.A. de C.V."},"image":{"@id":"https:\/\/canal7slp.tv\/2019\/#\/schema\/logo\/image\/"},"sameAs":["https:\/\/www.facebook.com\/CANAL7SLP\/","https:\/\/x.com\/canal7_slp","https:\/\/www.instagram.com\/canal7_slp","https:\/\/www.youtube.com\/user\/NOTICIEROSCANAL7SLP\/"]},{"@type":"Person","@id":"https:\/\/canal7slp.tv\/2019\/#\/schema\/person\/11d941c1c6ca30ac0a46b95fa37aa2e3","name":"edicionweb","image":{"@type":"ImageObject","inLanguage":"es","@id":"https:\/\/secure.gravatar.com\/avatar\/eee448fc3f7164808013b816ba91ac7e43bbe82a70bebac296f8bc6f0addaa1a?s=96&d=mm&r=g","url":"https:\/\/secure.gravatar.com\/avatar\/eee448fc3f7164808013b816ba91ac7e43bbe82a70bebac296f8bc6f0addaa1a?s=96&d=mm&r=g","contentUrl":"https:\/\/secure.gravatar.com\/avatar\/eee448fc3f7164808013b816ba91ac7e43bbe82a70bebac296f8bc6f0addaa1a?s=96&d=mm&r=g","caption":"edicionweb"}}]}},"amp_enabled":true,"cmb2":{"video_ids_in_playlist":{"vid_p_videos":""},"video_ids_in_channel":{"vid_c_videos":""},"playlist_ids_in_channel":{"vid_c_playlists":""},"series_ids_in_channel":{"vid_c_series":""},"channel_images":{"vid_c_logo":"","vid_c_banner":""},"poster_feature_image":{"vid_m_poster_image":""},"gif_feature_image":{"vid_m_gif_image":""},"video_movie_settings":{"vid_m_director":"","vid_m_actor":"","vid_m_imdb_ratings":"","vid_m_amazon_associates":""},"vid_youtube_broadcasts_settings":{"vid_yb_broadcast_title":"","vid_yb_q":"","vid_yb_channelid":"","vid_yb_videocategoryid":"","vid_yb_maxresults":"","vid_yb_order":"","vid_yb_regioncode":"","vid_yb_videosyndicated":"","vid_yb_style":"","vid_yb_reload_first":""},"video_series_settings":{"vid_m_director":"","vid_m_actor":"","vid_m_imdb_ratings":"","video_series_group":""},"amazon_associates_settings":{"amazon_associates":"","amazon_native_ad":""},"vid_youtube_automatic_settings":{"vid_ya_youtube_source":"","vid_ya_update_every":"","vid_ya_update_unit":"","vid_ya_categories":"","vid_ya_published_after":"","vid_ya_published_before":"","vid_ya_playlists":"","vid_ya_channels":"","vid_ya_director":"","vid_ya_actor":"","vid_ya_author":"","vid_ya_import_post_date":"","vid_ya_status":"","vid_ya_sub_api_key":""},"vid_ads_m_videoads_settings_post":{"vid_ads_m_video_ads":"","vid_ads_m_video_ads_type":"","vid_ads_m_group_google_ima":"","vid_ads_m_group_image":"","vid_ads_m_group_html5_video":"","vid_ads_m_group_html":"","vid_ads_m_vast_preroll":"","vid_ads_m_vast_postroll":"","vid_ads_m_vast_pauseroll":"","vid_ads_m_vast_midroll":[{"vid_ads_m_vast_timer_seconds":"50"}],"vid_ads_m_time_to_show_ads":"","vid_ads_m_time_skip_ads":"","vid_ads_m_time_to_hide_ads":""},"page_slider_settings":{"display_slider_group":"","page_slider_group":""},"blog_page_settings":{"blog_page_title":"","blog_page_heading":"","blog_page_ic":"","blog_page_it":"","blog_page_ec":"","blog_page_ip":"","archive_loop_style":"","blog_image_ratio":"","blog_show_categories":"","blog_show_excerpt":"","blog_show_author":"","blog_show_date":"","blog_show_comment_count":"","blog_show_view_count":"","blog_show_like_count":"","blog_show_dislike_count":"","blog_items_per_page":"","blog_pag_type":""},"page_options":{"get_page_template":"","color_mode":"","main_layout":"","main_layout_full_with":"","main_logo":"","main_logo_retina":"","main_logo_mobile":"","main_logo_mobile_retina":"","sticky_logo":"","sticky_logo_retina":"","main_nav_layout":"","ajax_search":"","header_background":"","theme_sidebar":"","instagram_feed":"","instagram_feed_position":"","popular_videos":"","popular_videos_title_1":"","popular_videos_title_2":"","popular_videos_ic":"","popular_videos_it":"","theme_background":"","page_custom_css":""},"feature_image_settings":{"feature_image_position":""},"video_player_settings":{"single_video_style":"","video_player_position":"","vm_video_url":"","video_player_library":"","video_streaming":"","vm_media_sources":"","vid_auto_play":"","vm_video_shortcode":"","vid_p_sync_playlist":"","vid_c_sync_channel":"","get_post_format":"","multiple_links_structure":"default","multi_links_title":"","vm_video_multi_links":"","vm_duration":"","vid_social_locker":"off","vid_social_locker_id":"","vid_membership_action":"content-video","vm_video_trailer_url":"","vid_download_type":"free","vid_download_target":"download","vid_woo_product":"","vm_media_download":"","user_rating":"","user_rating_position":"","user_rating_mode":"","user_rating_multi_sets":""},"video_auto_fetch_settings":{"vm_video_fetch":"on"},"video_fake_views_likes":{"vm_fake_views":"","vm_fake_likes":"","vm_fake_dislikes":""},"gallery_settings":{"gallery_position":""},"quote_settings":{"quote_position":""},"post_options":{"main_layout":"","main_logo":"","main_logo_retina":"","main_logo_mobile":"","main_logo_mobile_retina":"","sticky_logo":"","sticky_logo_retina":"","main_nav_layout":"","header_background":"","theme_sidebar":"","single_post_comment_type":"","theme_background":""}},"_links":{"self":[{"href":"https:\/\/canal7slp.tv\/2019\/wp-json\/wp\/v2\/posts\/13198","targetHints":{"allow":["GET"]}}],"collection":[{"href":"https:\/\/canal7slp.tv\/2019\/wp-json\/wp\/v2\/posts"}],"about":[{"href":"https:\/\/canal7slp.tv\/2019\/wp-json\/wp\/v2\/types\/post"}],"author":[{"embeddable":true,"href":"https:\/\/canal7slp.tv\/2019\/wp-json\/wp\/v2\/users\/2"}],"replies":[{"embeddable":true,"href":"https:\/\/canal7slp.tv\/2019\/wp-json\/wp\/v2\/comments?post=13198"}],"version-history":[{"count":0,"href":"https:\/\/canal7slp.tv\/2019\/wp-json\/wp\/v2\/posts\/13198\/revisions"}],"wp:featuredmedia":[{"embeddable":true,"href":"https:\/\/canal7slp.tv\/2019\/wp-json\/wp\/v2\/media\/13200"}],"wp:attachment":[{"href":"https:\/\/canal7slp.tv\/2019\/wp-json\/wp\/v2\/media?parent=13198"}],"wp:term":[{"taxonomy":"category","embeddable":true,"href":"https:\/\/canal7slp.tv\/2019\/wp-json\/wp\/v2\/categories?post=13198"},{"taxonomy":"post_tag","embeddable":true,"href":"https:\/\/canal7slp.tv\/2019\/wp-json\/wp\/v2\/tags?post=13198"}],"curies":[{"name":"wp","href":"https:\/\/api.w.org\/{rel}","templated":true}]}}