{"id":12728,"date":"2019-06-11T17:21:59","date_gmt":"2019-06-11T22:21:59","guid":{"rendered":"https:\/\/canal7slp.tv\/2019\/?p=12728"},"modified":"2019-06-11T18:09:54","modified_gmt":"2019-06-11T23:09:54","slug":"para-el-sistema-red-metro-se-proyecta-una-inversion-de-415-mdp","status":"publish","type":"post","link":"https:\/\/canal7slp.tv\/2019\/para-el-sistema-red-metro-se-proyecta-una-inversion-de-415-mdp\/","title":{"rendered":"Para el Sistema Red Metro se proyecta una inversi\u00f3n de 415 MDP."},"content":{"rendered":"<p>96 mil personas ser\u00edan trasladadas diariamente.<\/p>\n<p>SLP.- En las instalaciones de la C\u00e1mara Nacional de Comercio (CANACO), la Secretar\u00eda de Comunicaciones y Transportes (SCT) y la Junta Estatal de Caminos (JEC) presentaron al empresariado e integrantes del Poder Legislativo el proyecto denominado Red Metro.<\/p>\n<p>La habilitaci\u00f3n de dos corredores requerir\u00e1 una inversi\u00f3n de 415 millones 610 mil pesos.<\/p>\n<p>El Encargado de Despacho de la Junta Estatal de Caminos (JEC) Marcos Rosales Vega explic\u00f3 sobre el corredor n\u00famero tres que su longitud es de 13 kil\u00f3metros.<\/p>\n<p>Asegur\u00f3 que ya est\u00e1 construido o bien acondicionada, avenida Universidad, tambi\u00e9n la parte del Distribuidor Ju\u00e1rez a Rutilo Torres y desde la altura de una plaza comercial ubicada en la carretera 57 a mismo Rutilo Torres.<\/p>\n<p>Sin embargo, se refiri\u00f3 a la parte faltante que ata\u00f1e a tanto a la SCT, como a la JEC.<\/p>\n<p>El funcionario mostr\u00f3 un trazo del Centro de Transferencia, sobre el cual se requerir\u00eda trabajo desde Rutilo Torres al Eje 128.<\/p>\n<p>Entre los presentes se aclar\u00f3 que hay distintas inversiones y cuando la obra concluya, ser\u00e1 normado el transporte privado.<\/p>\n<p>De forma inicial hizo referencia a una inversi\u00f3n aproximada de 145 millones de pesos.<\/p>\n<p>Por su parte, Urbano Menchaca \u2013quien dirige el Organismo P\u00fablico Descentralizado de Red Metro-revel\u00f3 que la mancha urbana de la zona metropolitana creci\u00f3 casi 19 veces en 50 a\u00f1os aunque con muchos espacios; mientras la densidad disminuy\u00f3.<\/p>\n<p>Se hizo un diagn\u00f3stico sobre las zonas generadoras de viaje, como ser\u00eda por trabajo, escuela y compras \u2013las cuales representan 80 por ciento-.<\/p>\n<p>En la ciudad, el tiempo de caminata promedio a un medio de transporte oscila en cinco minutos.<\/p>\n<p>Mencion\u00f3 un conflicto en la cabecera de Pozos porque el acceso principal ha colapsado.<\/p>\n<p>En tanto, expuso que el transporte p\u00fablico actual est\u00e1 compuesto por mil 100 unidades, 35 rutas y 19 ramales. El servicio es prestado por 28 personas morales.<\/p>\n<p>La capacidad de cada autob\u00fas es de 70 pasajeros, con antig\u00fcedad que supera seis a\u00f1os.<\/p>\n<p>Su velocidad promedio es de 17 kil\u00f3metros por hora.<\/p>\n<p>En cuanto al tiempo de recorrido, de la ruta 22 CONALEP es de casi tres horas de punto a punto.<\/p>\n<p>Detall\u00f3 que fueron analizados corredores potenciales de la zona urbana y se determinaron cuatro.<\/p>\n<p>Los dos primeros ten\u00edan que ser de la carretera 57 y el 12, como per\u00edmetro.<\/p>\n<p>En cuanto se consoliden dos corredores, usuarios podr\u00edan trasladarse con el mismo importe, a trav\u00e9s del proyecto que en general implicar\u00eda m\u00e1s de 415 millones de inversi\u00f3n, con posibilidad de mover 96 mil pasajeros al d\u00eda.<\/p>\n<p>La tipolog\u00eda de los autobuses de 12 metros es de entrada baja, con capacidad de 100 pasajeros y que utilicen di\u00e9sel.<\/p>\n<p>Al operador no se le pagar\u00eda por pasaje, sino por kil\u00f3metro.<\/p>\n<p>La proyecci\u00f3n es que la primera parte del sistema opere entre abril y mayo de 2020.<\/p>\n<p>Por: Paulina Rodr\u00edguez<\/p>\n","protected":false},"excerpt":{"rendered":"<p>96 mil personas ser\u00edan trasladadas diariamente. SLP.- En las instalaciones de la C\u00e1mara Nacional de Comercio (CANACO), la Secretar\u00eda de Comunicaciones y Transportes (SCT) y la Junta Estatal de Caminos (JEC) presentaron al empresariado e integrantes del Poder Legislativo el proyecto denominado Red Metro. La habilitaci\u00f3n de dos corredores requerir\u00e1 una inversi\u00f3n de 415 millones [&hellip;]<\/p>\n","protected":false},"author":2,"featured_media":12745,"comment_status":"open","ping_status":"closed","sticky":false,"template":"","format":"video","meta":{"footnotes":""},"categories":[108,17],"tags":[167,182,251],"class_list":["post-12728","post","type-post","status-publish","format-video","has-post-thumbnail","hentry","category-destacadas","category-localesyregionales","tag-canaco","tag-jec","tag-stc","post_format-post-format-video"],"yoast_head":"<!-- This site is optimized with the Yoast SEO plugin v27.5 - https:\/\/yoast.com\/product\/yoast-seo-wordpress\/ -->\n<title>Para el Sistema Red Metro se proyecta una inversi\u00f3n de 415 MDP. - Canal 7 SLP - 2019<\/title>\n<meta name=\"robots\" content=\"index, follow, max-snippet:-1, max-image-preview:large, max-video-preview:-1\" \/>\n<link rel=\"canonical\" href=\"https:\/\/canal7slp.tv\/2019\/para-el-sistema-red-metro-se-proyecta-una-inversion-de-415-mdp\/\" \/>\n<meta property=\"og:locale\" content=\"es_ES\" \/>\n<meta property=\"og:type\" content=\"article\" \/>\n<meta property=\"og:title\" content=\"Para el Sistema Red Metro se proyecta una inversi\u00f3n de 415 MDP. - Canal 7 SLP - 2019\" \/>\n<meta property=\"og:description\" content=\"96 mil personas ser\u00edan trasladadas diariamente. SLP.- En las instalaciones de la C\u00e1mara Nacional de Comercio (CANACO), la Secretar\u00eda de Comunicaciones y Transportes (SCT) y la Junta Estatal de Caminos (JEC) presentaron al empresariado e integrantes del Poder Legislativo el proyecto denominado Red Metro. La habilitaci\u00f3n de dos corredores requerir\u00e1 una inversi\u00f3n de 415 millones [&hellip;]\" \/>\n<meta property=\"og:url\" content=\"https:\/\/canal7slp.tv\/2019\/para-el-sistema-red-metro-se-proyecta-una-inversion-de-415-mdp\/\" \/>\n<meta property=\"og:site_name\" content=\"Canal 7 SLP - 2019\" \/>\n<meta property=\"article:publisher\" content=\"https:\/\/www.facebook.com\/CANAL7SLP\/\" \/>\n<meta property=\"article:published_time\" content=\"2019-06-11T22:21:59+00:00\" \/>\n<meta property=\"article:modified_time\" content=\"2019-06-11T23:09:54+00:00\" \/>\n<meta property=\"og:image\" content=\"https:\/\/canal7slp.tv\/2019\/wp-content\/uploads\/2019\/06\/redpresentacion.jpg\" \/>\n\t<meta property=\"og:image:width\" content=\"800\" \/>\n\t<meta property=\"og:image:height\" content=\"449\" \/>\n\t<meta property=\"og:image:type\" content=\"image\/jpeg\" \/>\n<meta name=\"author\" content=\"edicionweb\" \/>\n<meta name=\"twitter:card\" content=\"summary_large_image\" \/>\n<meta name=\"twitter:creator\" content=\"@canal7_slp\" \/>\n<meta name=\"twitter:site\" content=\"@canal7_slp\" \/>\n<meta name=\"twitter:label1\" content=\"Escrito por\" \/>\n\t<meta name=\"twitter:data1\" content=\"edicionweb\" \/>\n\t<meta name=\"twitter:label2\" content=\"Tiempo de lectura\" \/>\n\t<meta name=\"twitter:data2\" content=\"2 minutos\" \/>\n<script type=\"application\/ld+json\" class=\"yoast-schema-graph\">{\"@context\":\"https:\\\/\\\/schema.org\",\"@graph\":[{\"@type\":\"Article\",\"@id\":\"https:\\\/\\\/canal7slp.tv\\\/2019\\\/para-el-sistema-red-metro-se-proyecta-una-inversion-de-415-mdp\\\/#article\",\"isPartOf\":{\"@id\":\"https:\\\/\\\/canal7slp.tv\\\/2019\\\/para-el-sistema-red-metro-se-proyecta-una-inversion-de-415-mdp\\\/\"},\"author\":{\"name\":\"edicionweb\",\"@id\":\"https:\\\/\\\/canal7slp.tv\\\/2019\\\/#\\\/schema\\\/person\\\/11d941c1c6ca30ac0a46b95fa37aa2e3\"},\"headline\":\"Para el Sistema Red Metro se proyecta una inversi\u00f3n de 415 MDP.\",\"datePublished\":\"2019-06-11T22:21:59+00:00\",\"dateModified\":\"2019-06-11T23:09:54+00:00\",\"mainEntityOfPage\":{\"@id\":\"https:\\\/\\\/canal7slp.tv\\\/2019\\\/para-el-sistema-red-metro-se-proyecta-una-inversion-de-415-mdp\\\/\"},\"wordCount\":496,\"commentCount\":0,\"publisher\":{\"@id\":\"https:\\\/\\\/canal7slp.tv\\\/2019\\\/#organization\"},\"image\":{\"@id\":\"https:\\\/\\\/canal7slp.tv\\\/2019\\\/para-el-sistema-red-metro-se-proyecta-una-inversion-de-415-mdp\\\/#primaryimage\"},\"thumbnailUrl\":\"https:\\\/\\\/canal7slp.tv\\\/2019\\\/wp-content\\\/uploads\\\/2019\\\/06\\\/redpresentacion.jpg\",\"keywords\":[\"CANACO\",\"JEC\",\"STC\"],\"articleSection\":[\"DESTACADAS\",\"LOCALES Y REGIONALES\"],\"inLanguage\":\"es\",\"potentialAction\":[{\"@type\":\"CommentAction\",\"name\":\"Comment\",\"target\":[\"https:\\\/\\\/canal7slp.tv\\\/2019\\\/para-el-sistema-red-metro-se-proyecta-una-inversion-de-415-mdp\\\/#respond\"]}]},{\"@type\":\"WebPage\",\"@id\":\"https:\\\/\\\/canal7slp.tv\\\/2019\\\/para-el-sistema-red-metro-se-proyecta-una-inversion-de-415-mdp\\\/\",\"url\":\"https:\\\/\\\/canal7slp.tv\\\/2019\\\/para-el-sistema-red-metro-se-proyecta-una-inversion-de-415-mdp\\\/\",\"name\":\"Para el Sistema Red Metro se proyecta una inversi\u00f3n de 415 MDP. - Canal 7 SLP - 2019\",\"isPartOf\":{\"@id\":\"https:\\\/\\\/canal7slp.tv\\\/2019\\\/#website\"},\"primaryImageOfPage\":{\"@id\":\"https:\\\/\\\/canal7slp.tv\\\/2019\\\/para-el-sistema-red-metro-se-proyecta-una-inversion-de-415-mdp\\\/#primaryimage\"},\"image\":{\"@id\":\"https:\\\/\\\/canal7slp.tv\\\/2019\\\/para-el-sistema-red-metro-se-proyecta-una-inversion-de-415-mdp\\\/#primaryimage\"},\"thumbnailUrl\":\"https:\\\/\\\/canal7slp.tv\\\/2019\\\/wp-content\\\/uploads\\\/2019\\\/06\\\/redpresentacion.jpg\",\"datePublished\":\"2019-06-11T22:21:59+00:00\",\"dateModified\":\"2019-06-11T23:09:54+00:00\",\"breadcrumb\":{\"@id\":\"https:\\\/\\\/canal7slp.tv\\\/2019\\\/para-el-sistema-red-metro-se-proyecta-una-inversion-de-415-mdp\\\/#breadcrumb\"},\"inLanguage\":\"es\",\"potentialAction\":[{\"@type\":\"ReadAction\",\"target\":[\"https:\\\/\\\/canal7slp.tv\\\/2019\\\/para-el-sistema-red-metro-se-proyecta-una-inversion-de-415-mdp\\\/\"]}]},{\"@type\":\"ImageObject\",\"inLanguage\":\"es\",\"@id\":\"https:\\\/\\\/canal7slp.tv\\\/2019\\\/para-el-sistema-red-metro-se-proyecta-una-inversion-de-415-mdp\\\/#primaryimage\",\"url\":\"https:\\\/\\\/canal7slp.tv\\\/2019\\\/wp-content\\\/uploads\\\/2019\\\/06\\\/redpresentacion.jpg\",\"contentUrl\":\"https:\\\/\\\/canal7slp.tv\\\/2019\\\/wp-content\\\/uploads\\\/2019\\\/06\\\/redpresentacion.jpg\",\"width\":800,\"height\":449},{\"@type\":\"BreadcrumbList\",\"@id\":\"https:\\\/\\\/canal7slp.tv\\\/2019\\\/para-el-sistema-red-metro-se-proyecta-una-inversion-de-415-mdp\\\/#breadcrumb\",\"itemListElement\":[{\"@type\":\"ListItem\",\"position\":1,\"name\":\"Home\",\"item\":\"https:\\\/\\\/canal7slp.tv\\\/2019\\\/\"},{\"@type\":\"ListItem\",\"position\":2,\"name\":\"Para el Sistema Red Metro se proyecta una inversi\u00f3n de 415 MDP.\"}]},{\"@type\":\"WebSite\",\"@id\":\"https:\\\/\\\/canal7slp.tv\\\/2019\\\/#website\",\"url\":\"https:\\\/\\\/canal7slp.tv\\\/2019\\\/\",\"name\":\"Canal 7 SLP - Somos TV\",\"description\":\"Somos un Canal de 10\",\"publisher\":{\"@id\":\"https:\\\/\\\/canal7slp.tv\\\/2019\\\/#organization\"},\"potentialAction\":[{\"@type\":\"SearchAction\",\"target\":{\"@type\":\"EntryPoint\",\"urlTemplate\":\"https:\\\/\\\/canal7slp.tv\\\/2019\\\/?s={search_term_string}\"},\"query-input\":{\"@type\":\"PropertyValueSpecification\",\"valueRequired\":true,\"valueName\":\"search_term_string\"}}],\"inLanguage\":\"es\"},{\"@type\":\"Organization\",\"@id\":\"https:\\\/\\\/canal7slp.tv\\\/2019\\\/#organization\",\"name\":\"Comunicaci\u00f3n 2000 S.A. de C.V.\",\"url\":\"https:\\\/\\\/canal7slp.tv\\\/2019\\\/\",\"logo\":{\"@type\":\"ImageObject\",\"inLanguage\":\"es\",\"@id\":\"https:\\\/\\\/canal7slp.tv\\\/2019\\\/#\\\/schema\\\/logo\\\/image\\\/\",\"url\":\"https:\\\/\\\/canal7slp.tv\\\/2019\\\/wp-content\\\/uploads\\\/2019\\\/07\\\/logo-c7.png\",\"contentUrl\":\"https:\\\/\\\/canal7slp.tv\\\/2019\\\/wp-content\\\/uploads\\\/2019\\\/07\\\/logo-c7.png\",\"width\":220,\"height\":60,\"caption\":\"Comunicaci\u00f3n 2000 S.A. de C.V.\"},\"image\":{\"@id\":\"https:\\\/\\\/canal7slp.tv\\\/2019\\\/#\\\/schema\\\/logo\\\/image\\\/\"},\"sameAs\":[\"https:\\\/\\\/www.facebook.com\\\/CANAL7SLP\\\/\",\"https:\\\/\\\/x.com\\\/canal7_slp\",\"https:\\\/\\\/www.instagram.com\\\/canal7_slp\",\"https:\\\/\\\/www.youtube.com\\\/user\\\/NOTICIEROSCANAL7SLP\\\/\"]},{\"@type\":\"Person\",\"@id\":\"https:\\\/\\\/canal7slp.tv\\\/2019\\\/#\\\/schema\\\/person\\\/11d941c1c6ca30ac0a46b95fa37aa2e3\",\"name\":\"edicionweb\",\"image\":{\"@type\":\"ImageObject\",\"inLanguage\":\"es\",\"@id\":\"https:\\\/\\\/secure.gravatar.com\\\/avatar\\\/eee448fc3f7164808013b816ba91ac7e43bbe82a70bebac296f8bc6f0addaa1a?s=96&d=mm&r=g\",\"url\":\"https:\\\/\\\/secure.gravatar.com\\\/avatar\\\/eee448fc3f7164808013b816ba91ac7e43bbe82a70bebac296f8bc6f0addaa1a?s=96&d=mm&r=g\",\"contentUrl\":\"https:\\\/\\\/secure.gravatar.com\\\/avatar\\\/eee448fc3f7164808013b816ba91ac7e43bbe82a70bebac296f8bc6f0addaa1a?s=96&d=mm&r=g\",\"caption\":\"edicionweb\"}}]}<\/script>\n<!-- \/ Yoast SEO plugin. -->","yoast_head_json":{"title":"Para el Sistema Red Metro se proyecta una inversi\u00f3n de 415 MDP. - Canal 7 SLP - 2019","robots":{"index":"index","follow":"follow","max-snippet":"max-snippet:-1","max-image-preview":"max-image-preview:large","max-video-preview":"max-video-preview:-1"},"canonical":"https:\/\/canal7slp.tv\/2019\/para-el-sistema-red-metro-se-proyecta-una-inversion-de-415-mdp\/","og_locale":"es_ES","og_type":"article","og_title":"Para el Sistema Red Metro se proyecta una inversi\u00f3n de 415 MDP. - Canal 7 SLP - 2019","og_description":"96 mil personas ser\u00edan trasladadas diariamente. SLP.- En las instalaciones de la C\u00e1mara Nacional de Comercio (CANACO), la Secretar\u00eda de Comunicaciones y Transportes (SCT) y la Junta Estatal de Caminos (JEC) presentaron al empresariado e integrantes del Poder Legislativo el proyecto denominado Red Metro. La habilitaci\u00f3n de dos corredores requerir\u00e1 una inversi\u00f3n de 415 millones [&hellip;]","og_url":"https:\/\/canal7slp.tv\/2019\/para-el-sistema-red-metro-se-proyecta-una-inversion-de-415-mdp\/","og_site_name":"Canal 7 SLP - 2019","article_publisher":"https:\/\/www.facebook.com\/CANAL7SLP\/","article_published_time":"2019-06-11T22:21:59+00:00","article_modified_time":"2019-06-11T23:09:54+00:00","og_image":[{"width":800,"height":449,"url":"https:\/\/canal7slp.tv\/2019\/wp-content\/uploads\/2019\/06\/redpresentacion.jpg","type":"image\/jpeg"}],"author":"edicionweb","twitter_card":"summary_large_image","twitter_creator":"@canal7_slp","twitter_site":"@canal7_slp","twitter_misc":{"Escrito por":"edicionweb","Tiempo de lectura":"2 minutos"},"schema":{"@context":"https:\/\/schema.org","@graph":[{"@type":"Article","@id":"https:\/\/canal7slp.tv\/2019\/para-el-sistema-red-metro-se-proyecta-una-inversion-de-415-mdp\/#article","isPartOf":{"@id":"https:\/\/canal7slp.tv\/2019\/para-el-sistema-red-metro-se-proyecta-una-inversion-de-415-mdp\/"},"author":{"name":"edicionweb","@id":"https:\/\/canal7slp.tv\/2019\/#\/schema\/person\/11d941c1c6ca30ac0a46b95fa37aa2e3"},"headline":"Para el Sistema Red Metro se proyecta una inversi\u00f3n de 415 MDP.","datePublished":"2019-06-11T22:21:59+00:00","dateModified":"2019-06-11T23:09:54+00:00","mainEntityOfPage":{"@id":"https:\/\/canal7slp.tv\/2019\/para-el-sistema-red-metro-se-proyecta-una-inversion-de-415-mdp\/"},"wordCount":496,"commentCount":0,"publisher":{"@id":"https:\/\/canal7slp.tv\/2019\/#organization"},"image":{"@id":"https:\/\/canal7slp.tv\/2019\/para-el-sistema-red-metro-se-proyecta-una-inversion-de-415-mdp\/#primaryimage"},"thumbnailUrl":"https:\/\/canal7slp.tv\/2019\/wp-content\/uploads\/2019\/06\/redpresentacion.jpg","keywords":["CANACO","JEC","STC"],"articleSection":["DESTACADAS","LOCALES Y REGIONALES"],"inLanguage":"es","potentialAction":[{"@type":"CommentAction","name":"Comment","target":["https:\/\/canal7slp.tv\/2019\/para-el-sistema-red-metro-se-proyecta-una-inversion-de-415-mdp\/#respond"]}]},{"@type":"WebPage","@id":"https:\/\/canal7slp.tv\/2019\/para-el-sistema-red-metro-se-proyecta-una-inversion-de-415-mdp\/","url":"https:\/\/canal7slp.tv\/2019\/para-el-sistema-red-metro-se-proyecta-una-inversion-de-415-mdp\/","name":"Para el Sistema Red Metro se proyecta una inversi\u00f3n de 415 MDP. - Canal 7 SLP - 2019","isPartOf":{"@id":"https:\/\/canal7slp.tv\/2019\/#website"},"primaryImageOfPage":{"@id":"https:\/\/canal7slp.tv\/2019\/para-el-sistema-red-metro-se-proyecta-una-inversion-de-415-mdp\/#primaryimage"},"image":{"@id":"https:\/\/canal7slp.tv\/2019\/para-el-sistema-red-metro-se-proyecta-una-inversion-de-415-mdp\/#primaryimage"},"thumbnailUrl":"https:\/\/canal7slp.tv\/2019\/wp-content\/uploads\/2019\/06\/redpresentacion.jpg","datePublished":"2019-06-11T22:21:59+00:00","dateModified":"2019-06-11T23:09:54+00:00","breadcrumb":{"@id":"https:\/\/canal7slp.tv\/2019\/para-el-sistema-red-metro-se-proyecta-una-inversion-de-415-mdp\/#breadcrumb"},"inLanguage":"es","potentialAction":[{"@type":"ReadAction","target":["https:\/\/canal7slp.tv\/2019\/para-el-sistema-red-metro-se-proyecta-una-inversion-de-415-mdp\/"]}]},{"@type":"ImageObject","inLanguage":"es","@id":"https:\/\/canal7slp.tv\/2019\/para-el-sistema-red-metro-se-proyecta-una-inversion-de-415-mdp\/#primaryimage","url":"https:\/\/canal7slp.tv\/2019\/wp-content\/uploads\/2019\/06\/redpresentacion.jpg","contentUrl":"https:\/\/canal7slp.tv\/2019\/wp-content\/uploads\/2019\/06\/redpresentacion.jpg","width":800,"height":449},{"@type":"BreadcrumbList","@id":"https:\/\/canal7slp.tv\/2019\/para-el-sistema-red-metro-se-proyecta-una-inversion-de-415-mdp\/#breadcrumb","itemListElement":[{"@type":"ListItem","position":1,"name":"Home","item":"https:\/\/canal7slp.tv\/2019\/"},{"@type":"ListItem","position":2,"name":"Para el Sistema Red Metro se proyecta una inversi\u00f3n de 415 MDP."}]},{"@type":"WebSite","@id":"https:\/\/canal7slp.tv\/2019\/#website","url":"https:\/\/canal7slp.tv\/2019\/","name":"Canal 7 SLP - Somos TV","description":"Somos un Canal de 10","publisher":{"@id":"https:\/\/canal7slp.tv\/2019\/#organization"},"potentialAction":[{"@type":"SearchAction","target":{"@type":"EntryPoint","urlTemplate":"https:\/\/canal7slp.tv\/2019\/?s={search_term_string}"},"query-input":{"@type":"PropertyValueSpecification","valueRequired":true,"valueName":"search_term_string"}}],"inLanguage":"es"},{"@type":"Organization","@id":"https:\/\/canal7slp.tv\/2019\/#organization","name":"Comunicaci\u00f3n 2000 S.A. de C.V.","url":"https:\/\/canal7slp.tv\/2019\/","logo":{"@type":"ImageObject","inLanguage":"es","@id":"https:\/\/canal7slp.tv\/2019\/#\/schema\/logo\/image\/","url":"https:\/\/canal7slp.tv\/2019\/wp-content\/uploads\/2019\/07\/logo-c7.png","contentUrl":"https:\/\/canal7slp.tv\/2019\/wp-content\/uploads\/2019\/07\/logo-c7.png","width":220,"height":60,"caption":"Comunicaci\u00f3n 2000 S.A. de C.V."},"image":{"@id":"https:\/\/canal7slp.tv\/2019\/#\/schema\/logo\/image\/"},"sameAs":["https:\/\/www.facebook.com\/CANAL7SLP\/","https:\/\/x.com\/canal7_slp","https:\/\/www.instagram.com\/canal7_slp","https:\/\/www.youtube.com\/user\/NOTICIEROSCANAL7SLP\/"]},{"@type":"Person","@id":"https:\/\/canal7slp.tv\/2019\/#\/schema\/person\/11d941c1c6ca30ac0a46b95fa37aa2e3","name":"edicionweb","image":{"@type":"ImageObject","inLanguage":"es","@id":"https:\/\/secure.gravatar.com\/avatar\/eee448fc3f7164808013b816ba91ac7e43bbe82a70bebac296f8bc6f0addaa1a?s=96&d=mm&r=g","url":"https:\/\/secure.gravatar.com\/avatar\/eee448fc3f7164808013b816ba91ac7e43bbe82a70bebac296f8bc6f0addaa1a?s=96&d=mm&r=g","contentUrl":"https:\/\/secure.gravatar.com\/avatar\/eee448fc3f7164808013b816ba91ac7e43bbe82a70bebac296f8bc6f0addaa1a?s=96&d=mm&r=g","caption":"edicionweb"}}]}},"amp_enabled":true,"cmb2":{"video_ids_in_playlist":{"vid_p_videos":""},"video_ids_in_channel":{"vid_c_videos":""},"playlist_ids_in_channel":{"vid_c_playlists":""},"series_ids_in_channel":{"vid_c_series":""},"channel_images":{"vid_c_logo":"","vid_c_banner":""},"poster_feature_image":{"vid_m_poster_image":""},"gif_feature_image":{"vid_m_gif_image":""},"video_movie_settings":{"vid_m_director":"","vid_m_actor":"","vid_m_imdb_ratings":"","vid_m_amazon_associates":""},"vid_youtube_broadcasts_settings":{"vid_yb_broadcast_title":"","vid_yb_q":"","vid_yb_channelid":"","vid_yb_videocategoryid":"","vid_yb_maxresults":"","vid_yb_order":"","vid_yb_regioncode":"","vid_yb_videosyndicated":"","vid_yb_style":"","vid_yb_reload_first":""},"video_series_settings":{"vid_m_director":"","vid_m_actor":"","vid_m_imdb_ratings":"","video_series_group":""},"amazon_associates_settings":{"amazon_associates":"","amazon_native_ad":""},"vid_youtube_automatic_settings":{"vid_ya_youtube_source":"","vid_ya_update_every":"","vid_ya_update_unit":"","vid_ya_categories":"","vid_ya_published_after":"","vid_ya_published_before":"","vid_ya_playlists":"","vid_ya_channels":"","vid_ya_director":"","vid_ya_actor":"","vid_ya_author":"","vid_ya_import_post_date":"","vid_ya_status":"","vid_ya_sub_api_key":""},"vid_ads_m_videoads_settings_post":{"vid_ads_m_video_ads":"","vid_ads_m_video_ads_type":"","vid_ads_m_group_google_ima":"","vid_ads_m_group_image":"","vid_ads_m_group_html5_video":"","vid_ads_m_group_html":"","vid_ads_m_vast_preroll":"","vid_ads_m_vast_postroll":"","vid_ads_m_vast_pauseroll":"","vid_ads_m_vast_midroll":[{"vid_ads_m_vast_timer_seconds":"50"}],"vid_ads_m_time_to_show_ads":"","vid_ads_m_time_skip_ads":"","vid_ads_m_time_to_hide_ads":""},"page_slider_settings":{"display_slider_group":"","page_slider_group":""},"blog_page_settings":{"blog_page_title":"","blog_page_heading":"","blog_page_ic":"","blog_page_it":"","blog_page_ec":"","blog_page_ip":"","archive_loop_style":"","blog_image_ratio":"","blog_show_categories":"","blog_show_excerpt":"","blog_show_author":"","blog_show_date":"","blog_show_comment_count":"","blog_show_view_count":"","blog_show_like_count":"","blog_show_dislike_count":"","blog_items_per_page":"","blog_pag_type":""},"page_options":{"get_page_template":"","color_mode":"","main_layout":"","main_layout_full_with":"","main_logo":"","main_logo_retina":"","main_logo_mobile":"","main_logo_mobile_retina":"","sticky_logo":"","sticky_logo_retina":"","main_nav_layout":"","ajax_search":"","header_background":"","theme_sidebar":"","instagram_feed":"","instagram_feed_position":"","popular_videos":"","popular_videos_title_1":"","popular_videos_title_2":"","popular_videos_ic":"","popular_videos_it":"","theme_background":"","page_custom_css":""},"feature_image_settings":{"feature_image_position":""},"video_player_settings":{"single_video_style":"","video_player_position":"special","vm_video_url":"https:\/\/youtu.be\/diLlT7vACpE","video_player_library":"","video_streaming":"","vm_media_sources":"","vid_auto_play":"","vm_video_shortcode":"","vid_p_sync_playlist":"","vid_c_sync_channel":"","get_post_format":"","multiple_links_structure":"default","multi_links_title":"","vm_video_multi_links":"","vm_duration":"05:42","vid_social_locker":"off","vid_social_locker_id":"","vid_membership_action":"content-video","vm_video_trailer_url":"","vid_download_type":"free","vid_download_target":"download","vid_woo_product":"","vm_media_download":"","user_rating":"","user_rating_position":"","user_rating_mode":"","user_rating_multi_sets":""},"video_auto_fetch_settings":{"vm_video_fetch":"on"},"video_fake_views_likes":{"vm_fake_views":"","vm_fake_likes":"","vm_fake_dislikes":""},"gallery_settings":{"gallery_position":""},"quote_settings":{"quote_position":""},"post_options":{"main_layout":"","main_logo":"","main_logo_retina":"","main_logo_mobile":"","main_logo_mobile_retina":"","sticky_logo":"","sticky_logo_retina":"","main_nav_layout":"","header_background":"","theme_sidebar":"","single_post_comment_type":"","theme_background":""}},"_links":{"self":[{"href":"https:\/\/canal7slp.tv\/2019\/wp-json\/wp\/v2\/posts\/12728","targetHints":{"allow":["GET"]}}],"collection":[{"href":"https:\/\/canal7slp.tv\/2019\/wp-json\/wp\/v2\/posts"}],"about":[{"href":"https:\/\/canal7slp.tv\/2019\/wp-json\/wp\/v2\/types\/post"}],"author":[{"embeddable":true,"href":"https:\/\/canal7slp.tv\/2019\/wp-json\/wp\/v2\/users\/2"}],"replies":[{"embeddable":true,"href":"https:\/\/canal7slp.tv\/2019\/wp-json\/wp\/v2\/comments?post=12728"}],"version-history":[{"count":0,"href":"https:\/\/canal7slp.tv\/2019\/wp-json\/wp\/v2\/posts\/12728\/revisions"}],"wp:featuredmedia":[{"embeddable":true,"href":"https:\/\/canal7slp.tv\/2019\/wp-json\/wp\/v2\/media\/12745"}],"wp:attachment":[{"href":"https:\/\/canal7slp.tv\/2019\/wp-json\/wp\/v2\/media?parent=12728"}],"wp:term":[{"taxonomy":"category","embeddable":true,"href":"https:\/\/canal7slp.tv\/2019\/wp-json\/wp\/v2\/categories?post=12728"},{"taxonomy":"post_tag","embeddable":true,"href":"https:\/\/canal7slp.tv\/2019\/wp-json\/wp\/v2\/tags?post=12728"}],"curies":[{"name":"wp","href":"https:\/\/api.w.org\/{rel}","templated":true}]}}