{"id":12432,"date":"2019-06-11T13:54:42","date_gmt":"2019-06-11T18:54:42","guid":{"rendered":"https:\/\/canal7slp.tv\/2019\/?p=12432"},"modified":"2019-06-11T13:54:42","modified_gmt":"2019-06-11T18:54:42","slug":"se-integrara-mexico-a-comite-de-onu-que-protege-a-trabajadores-migrantes","status":"publish","type":"post","link":"https:\/\/canal7slp.tv\/2019\/se-integrara-mexico-a-comite-de-onu-que-protege-a-trabajadores-migrantes\/","title":{"rendered":"Se integrar\u00e1 M\u00e9xico a Comit\u00e9 de ONU que protege a trabajadores migrantes"},"content":{"rendered":"<p style=\"text-align: justify\">M\u00e9xico.- M\u00e9xico formar\u00e1 parte del Comit\u00e9 de la Organizaci\u00f3n de Naciones Unidas (ONU) encargado de proteger a los trabajadores migrantes, desde donde impulsar\u00e1 una pol\u00edtica basada en el respeto a los derechos humanos, inform\u00f3 hoy la Secretar\u00eda de Relaciones Exteriores (SRE).<\/p>\n<p style=\"text-align: justify\">En un comunicado, anunci\u00f3 que el doctor en Derecho Edgar Corzo Sosa fue electo para formar parte del Comit\u00e9 de la Convenci\u00f3n Internacional sobre la Protecci\u00f3n de los Derechos de todos los Trabajadores Migratorios y de sus Familiares, para el periodo 2020-2023.<\/p>\n<p style=\"text-align: justify\">Como integrante, &#8220;el Dr. Corzo Sosa buscar\u00e1 acentuar el trabajo del Comit\u00e9 en temas migratorios relevantes, as\u00ed como en asuntos relacionados con la migraci\u00f3n&#8221;, precis\u00f3.<\/p>\n<p style=\"text-align: justify\">Asimismo, &#8220;buscar\u00e1 impulsar una visi\u00f3n de la migraci\u00f3n basada en los derechos humanos, la responsabilidad compartida y la cooperaci\u00f3n internacional, en virtud de su firme compromiso con la defensa y promoci\u00f3n de los derechos humanos de los migrantes y su amplia experiencia en la materia&#8221;, agreg\u00f3 la SRE.<\/p>\n<p style=\"text-align: justify\">Corzo Sosa, cuya elecci\u00f3n se dio durante la novena Reuni\u00f3n de los Estados Parte de la Convenci\u00f3n,\u00a0mantendr\u00e1 los esfuerzos de M\u00e9xico por\u00a0tender puentes y acercar posturas para el reconocimiento y el avance sustantivo de los derechos de las y los trabajadores migratorios, puntualiz\u00f3.<\/p>\n<p style=\"text-align: justify\">El experto mexicano actualmente se desempe\u00f1a como visitador de la Comisi\u00f3n Nacional de Derechos Humanos (CNDH) y es encargado de los Programas de Migrantes, Agravios a Periodistas y Defensores Civiles de Derechos Humanos, y Trata de Personas.<\/p>\n<p style=\"text-align: justify\">Corzo Sosa es licenciado en Derecho por la Universidad Nacional Aut\u00f3noma de M\u00e9xico (UNAM) y se especializ\u00f3 en Amparo en el Instituto de Especializaci\u00f3n Judicial de la Suprema Corte de Justicia de la Naci\u00f3n.<\/p>\n<p style=\"text-align: justify\">Tambi\u00e9n es maestro en Derecho P\u00fablico Comparado en la Universidad de Par\u00eds I Panthe\u00f3n-Sorbonne y doctor en Derecho Constitucional por la Universidad Aut\u00f3noma de Madrid.<\/p>\n<p style=\"text-align: justify\">&#8220;El Gobierno de M\u00e9xico se congratula por su elecci\u00f3n y le desea el mayor \u00e9xito en el desarrollo de su nuevo encargo&#8221;, manifest\u00f3 el comunicado de la SRE.<\/p>\n","protected":false},"excerpt":{"rendered":"<p>M\u00e9xico.- M\u00e9xico formar\u00e1 parte del Comit\u00e9 de la Organizaci\u00f3n de Naciones Unidas (ONU) encargado de proteger a los trabajadores migrantes, desde donde impulsar\u00e1 una pol\u00edtica basada en el respeto a los derechos humanos, inform\u00f3 hoy la Secretar\u00eda de Relaciones Exteriores (SRE). En un comunicado, anunci\u00f3 que el doctor en Derecho Edgar Corzo Sosa fue electo [&hellip;]<\/p>\n","protected":false},"author":2,"featured_media":12434,"comment_status":"open","ping_status":"closed","sticky":false,"template":"","format":"standard","meta":{"footnotes":""},"categories":[30],"tags":[],"class_list":["post-12432","post","type-post","status-publish","format-standard","has-post-thumbnail","hentry","category-nacional"],"yoast_head":"<!-- This site is optimized with the Yoast SEO plugin v27.5 - https:\/\/yoast.com\/product\/yoast-seo-wordpress\/ -->\n<title>Se integrar\u00e1 M\u00e9xico a Comit\u00e9 de ONU que protege a trabajadores migrantes - Canal 7 SLP - 2019<\/title>\n<meta name=\"robots\" content=\"index, follow, max-snippet:-1, max-image-preview:large, max-video-preview:-1\" \/>\n<link rel=\"canonical\" href=\"https:\/\/canal7slp.tv\/2019\/se-integrara-mexico-a-comite-de-onu-que-protege-a-trabajadores-migrantes\/\" \/>\n<meta property=\"og:locale\" content=\"es_ES\" \/>\n<meta property=\"og:type\" content=\"article\" \/>\n<meta property=\"og:title\" content=\"Se integrar\u00e1 M\u00e9xico a Comit\u00e9 de ONU que protege a trabajadores migrantes - Canal 7 SLP - 2019\" \/>\n<meta property=\"og:description\" content=\"M\u00e9xico.- M\u00e9xico formar\u00e1 parte del Comit\u00e9 de la Organizaci\u00f3n de Naciones Unidas (ONU) encargado de proteger a los trabajadores migrantes, desde donde impulsar\u00e1 una pol\u00edtica basada en el respeto a los derechos humanos, inform\u00f3 hoy la Secretar\u00eda de Relaciones Exteriores (SRE). En un comunicado, anunci\u00f3 que el doctor en Derecho Edgar Corzo Sosa fue electo [&hellip;]\" \/>\n<meta property=\"og:url\" content=\"https:\/\/canal7slp.tv\/2019\/se-integrara-mexico-a-comite-de-onu-que-protege-a-trabajadores-migrantes\/\" \/>\n<meta property=\"og:site_name\" content=\"Canal 7 SLP - 2019\" \/>\n<meta property=\"article:publisher\" content=\"https:\/\/www.facebook.com\/CANAL7SLP\/\" \/>\n<meta property=\"article:published_time\" content=\"2019-06-11T18:54:42+00:00\" \/>\n<meta property=\"og:image\" content=\"https:\/\/canal7slp.tv\/2019\/wp-content\/uploads\/2019\/06\/20-5.jpg\" \/>\n\t<meta property=\"og:image:width\" content=\"732\" \/>\n\t<meta property=\"og:image:height\" content=\"410\" \/>\n\t<meta property=\"og:image:type\" content=\"image\/jpeg\" \/>\n<meta name=\"author\" content=\"edicionweb\" \/>\n<meta name=\"twitter:card\" content=\"summary_large_image\" \/>\n<meta name=\"twitter:creator\" content=\"@canal7_slp\" \/>\n<meta name=\"twitter:site\" content=\"@canal7_slp\" \/>\n<meta name=\"twitter:label1\" content=\"Escrito por\" \/>\n\t<meta name=\"twitter:data1\" content=\"edicionweb\" \/>\n\t<meta name=\"twitter:label2\" content=\"Tiempo de lectura\" \/>\n\t<meta name=\"twitter:data2\" content=\"2 minutos\" \/>\n<script type=\"application\/ld+json\" class=\"yoast-schema-graph\">{\"@context\":\"https:\\\/\\\/schema.org\",\"@graph\":[{\"@type\":\"Article\",\"@id\":\"https:\\\/\\\/canal7slp.tv\\\/2019\\\/se-integrara-mexico-a-comite-de-onu-que-protege-a-trabajadores-migrantes\\\/#article\",\"isPartOf\":{\"@id\":\"https:\\\/\\\/canal7slp.tv\\\/2019\\\/se-integrara-mexico-a-comite-de-onu-que-protege-a-trabajadores-migrantes\\\/\"},\"author\":{\"name\":\"edicionweb\",\"@id\":\"https:\\\/\\\/canal7slp.tv\\\/2019\\\/#\\\/schema\\\/person\\\/11d941c1c6ca30ac0a46b95fa37aa2e3\"},\"headline\":\"Se integrar\u00e1 M\u00e9xico a Comit\u00e9 de ONU que protege a trabajadores migrantes\",\"datePublished\":\"2019-06-11T18:54:42+00:00\",\"mainEntityOfPage\":{\"@id\":\"https:\\\/\\\/canal7slp.tv\\\/2019\\\/se-integrara-mexico-a-comite-de-onu-que-protege-a-trabajadores-migrantes\\\/\"},\"wordCount\":368,\"commentCount\":0,\"publisher\":{\"@id\":\"https:\\\/\\\/canal7slp.tv\\\/2019\\\/#organization\"},\"image\":{\"@id\":\"https:\\\/\\\/canal7slp.tv\\\/2019\\\/se-integrara-mexico-a-comite-de-onu-que-protege-a-trabajadores-migrantes\\\/#primaryimage\"},\"thumbnailUrl\":\"https:\\\/\\\/canal7slp.tv\\\/2019\\\/wp-content\\\/uploads\\\/2019\\\/06\\\/20-5.jpg\",\"articleSection\":[\"NACIONAL\"],\"inLanguage\":\"es\",\"potentialAction\":[{\"@type\":\"CommentAction\",\"name\":\"Comment\",\"target\":[\"https:\\\/\\\/canal7slp.tv\\\/2019\\\/se-integrara-mexico-a-comite-de-onu-que-protege-a-trabajadores-migrantes\\\/#respond\"]}]},{\"@type\":\"WebPage\",\"@id\":\"https:\\\/\\\/canal7slp.tv\\\/2019\\\/se-integrara-mexico-a-comite-de-onu-que-protege-a-trabajadores-migrantes\\\/\",\"url\":\"https:\\\/\\\/canal7slp.tv\\\/2019\\\/se-integrara-mexico-a-comite-de-onu-que-protege-a-trabajadores-migrantes\\\/\",\"name\":\"Se integrar\u00e1 M\u00e9xico a Comit\u00e9 de ONU que protege a trabajadores migrantes - Canal 7 SLP - 2019\",\"isPartOf\":{\"@id\":\"https:\\\/\\\/canal7slp.tv\\\/2019\\\/#website\"},\"primaryImageOfPage\":{\"@id\":\"https:\\\/\\\/canal7slp.tv\\\/2019\\\/se-integrara-mexico-a-comite-de-onu-que-protege-a-trabajadores-migrantes\\\/#primaryimage\"},\"image\":{\"@id\":\"https:\\\/\\\/canal7slp.tv\\\/2019\\\/se-integrara-mexico-a-comite-de-onu-que-protege-a-trabajadores-migrantes\\\/#primaryimage\"},\"thumbnailUrl\":\"https:\\\/\\\/canal7slp.tv\\\/2019\\\/wp-content\\\/uploads\\\/2019\\\/06\\\/20-5.jpg\",\"datePublished\":\"2019-06-11T18:54:42+00:00\",\"breadcrumb\":{\"@id\":\"https:\\\/\\\/canal7slp.tv\\\/2019\\\/se-integrara-mexico-a-comite-de-onu-que-protege-a-trabajadores-migrantes\\\/#breadcrumb\"},\"inLanguage\":\"es\",\"potentialAction\":[{\"@type\":\"ReadAction\",\"target\":[\"https:\\\/\\\/canal7slp.tv\\\/2019\\\/se-integrara-mexico-a-comite-de-onu-que-protege-a-trabajadores-migrantes\\\/\"]}]},{\"@type\":\"ImageObject\",\"inLanguage\":\"es\",\"@id\":\"https:\\\/\\\/canal7slp.tv\\\/2019\\\/se-integrara-mexico-a-comite-de-onu-que-protege-a-trabajadores-migrantes\\\/#primaryimage\",\"url\":\"https:\\\/\\\/canal7slp.tv\\\/2019\\\/wp-content\\\/uploads\\\/2019\\\/06\\\/20-5.jpg\",\"contentUrl\":\"https:\\\/\\\/canal7slp.tv\\\/2019\\\/wp-content\\\/uploads\\\/2019\\\/06\\\/20-5.jpg\",\"width\":732,\"height\":410},{\"@type\":\"BreadcrumbList\",\"@id\":\"https:\\\/\\\/canal7slp.tv\\\/2019\\\/se-integrara-mexico-a-comite-de-onu-que-protege-a-trabajadores-migrantes\\\/#breadcrumb\",\"itemListElement\":[{\"@type\":\"ListItem\",\"position\":1,\"name\":\"Home\",\"item\":\"https:\\\/\\\/canal7slp.tv\\\/2019\\\/\"},{\"@type\":\"ListItem\",\"position\":2,\"name\":\"Se integrar\u00e1 M\u00e9xico a Comit\u00e9 de ONU que protege a trabajadores migrantes\"}]},{\"@type\":\"WebSite\",\"@id\":\"https:\\\/\\\/canal7slp.tv\\\/2019\\\/#website\",\"url\":\"https:\\\/\\\/canal7slp.tv\\\/2019\\\/\",\"name\":\"Canal 7 SLP - Somos TV\",\"description\":\"Somos un Canal de 10\",\"publisher\":{\"@id\":\"https:\\\/\\\/canal7slp.tv\\\/2019\\\/#organization\"},\"potentialAction\":[{\"@type\":\"SearchAction\",\"target\":{\"@type\":\"EntryPoint\",\"urlTemplate\":\"https:\\\/\\\/canal7slp.tv\\\/2019\\\/?s={search_term_string}\"},\"query-input\":{\"@type\":\"PropertyValueSpecification\",\"valueRequired\":true,\"valueName\":\"search_term_string\"}}],\"inLanguage\":\"es\"},{\"@type\":\"Organization\",\"@id\":\"https:\\\/\\\/canal7slp.tv\\\/2019\\\/#organization\",\"name\":\"Comunicaci\u00f3n 2000 S.A. de C.V.\",\"url\":\"https:\\\/\\\/canal7slp.tv\\\/2019\\\/\",\"logo\":{\"@type\":\"ImageObject\",\"inLanguage\":\"es\",\"@id\":\"https:\\\/\\\/canal7slp.tv\\\/2019\\\/#\\\/schema\\\/logo\\\/image\\\/\",\"url\":\"https:\\\/\\\/canal7slp.tv\\\/2019\\\/wp-content\\\/uploads\\\/2019\\\/07\\\/logo-c7.png\",\"contentUrl\":\"https:\\\/\\\/canal7slp.tv\\\/2019\\\/wp-content\\\/uploads\\\/2019\\\/07\\\/logo-c7.png\",\"width\":220,\"height\":60,\"caption\":\"Comunicaci\u00f3n 2000 S.A. de C.V.\"},\"image\":{\"@id\":\"https:\\\/\\\/canal7slp.tv\\\/2019\\\/#\\\/schema\\\/logo\\\/image\\\/\"},\"sameAs\":[\"https:\\\/\\\/www.facebook.com\\\/CANAL7SLP\\\/\",\"https:\\\/\\\/x.com\\\/canal7_slp\",\"https:\\\/\\\/www.instagram.com\\\/canal7_slp\",\"https:\\\/\\\/www.youtube.com\\\/user\\\/NOTICIEROSCANAL7SLP\\\/\"]},{\"@type\":\"Person\",\"@id\":\"https:\\\/\\\/canal7slp.tv\\\/2019\\\/#\\\/schema\\\/person\\\/11d941c1c6ca30ac0a46b95fa37aa2e3\",\"name\":\"edicionweb\",\"image\":{\"@type\":\"ImageObject\",\"inLanguage\":\"es\",\"@id\":\"https:\\\/\\\/secure.gravatar.com\\\/avatar\\\/eee448fc3f7164808013b816ba91ac7e43bbe82a70bebac296f8bc6f0addaa1a?s=96&d=mm&r=g\",\"url\":\"https:\\\/\\\/secure.gravatar.com\\\/avatar\\\/eee448fc3f7164808013b816ba91ac7e43bbe82a70bebac296f8bc6f0addaa1a?s=96&d=mm&r=g\",\"contentUrl\":\"https:\\\/\\\/secure.gravatar.com\\\/avatar\\\/eee448fc3f7164808013b816ba91ac7e43bbe82a70bebac296f8bc6f0addaa1a?s=96&d=mm&r=g\",\"caption\":\"edicionweb\"}}]}<\/script>\n<!-- \/ Yoast SEO plugin. -->","yoast_head_json":{"title":"Se integrar\u00e1 M\u00e9xico a Comit\u00e9 de ONU que protege a trabajadores migrantes - Canal 7 SLP - 2019","robots":{"index":"index","follow":"follow","max-snippet":"max-snippet:-1","max-image-preview":"max-image-preview:large","max-video-preview":"max-video-preview:-1"},"canonical":"https:\/\/canal7slp.tv\/2019\/se-integrara-mexico-a-comite-de-onu-que-protege-a-trabajadores-migrantes\/","og_locale":"es_ES","og_type":"article","og_title":"Se integrar\u00e1 M\u00e9xico a Comit\u00e9 de ONU que protege a trabajadores migrantes - Canal 7 SLP - 2019","og_description":"M\u00e9xico.- M\u00e9xico formar\u00e1 parte del Comit\u00e9 de la Organizaci\u00f3n de Naciones Unidas (ONU) encargado de proteger a los trabajadores migrantes, desde donde impulsar\u00e1 una pol\u00edtica basada en el respeto a los derechos humanos, inform\u00f3 hoy la Secretar\u00eda de Relaciones Exteriores (SRE). En un comunicado, anunci\u00f3 que el doctor en Derecho Edgar Corzo Sosa fue electo [&hellip;]","og_url":"https:\/\/canal7slp.tv\/2019\/se-integrara-mexico-a-comite-de-onu-que-protege-a-trabajadores-migrantes\/","og_site_name":"Canal 7 SLP - 2019","article_publisher":"https:\/\/www.facebook.com\/CANAL7SLP\/","article_published_time":"2019-06-11T18:54:42+00:00","og_image":[{"width":732,"height":410,"url":"https:\/\/canal7slp.tv\/2019\/wp-content\/uploads\/2019\/06\/20-5.jpg","type":"image\/jpeg"}],"author":"edicionweb","twitter_card":"summary_large_image","twitter_creator":"@canal7_slp","twitter_site":"@canal7_slp","twitter_misc":{"Escrito por":"edicionweb","Tiempo de lectura":"2 minutos"},"schema":{"@context":"https:\/\/schema.org","@graph":[{"@type":"Article","@id":"https:\/\/canal7slp.tv\/2019\/se-integrara-mexico-a-comite-de-onu-que-protege-a-trabajadores-migrantes\/#article","isPartOf":{"@id":"https:\/\/canal7slp.tv\/2019\/se-integrara-mexico-a-comite-de-onu-que-protege-a-trabajadores-migrantes\/"},"author":{"name":"edicionweb","@id":"https:\/\/canal7slp.tv\/2019\/#\/schema\/person\/11d941c1c6ca30ac0a46b95fa37aa2e3"},"headline":"Se integrar\u00e1 M\u00e9xico a Comit\u00e9 de ONU que protege a trabajadores migrantes","datePublished":"2019-06-11T18:54:42+00:00","mainEntityOfPage":{"@id":"https:\/\/canal7slp.tv\/2019\/se-integrara-mexico-a-comite-de-onu-que-protege-a-trabajadores-migrantes\/"},"wordCount":368,"commentCount":0,"publisher":{"@id":"https:\/\/canal7slp.tv\/2019\/#organization"},"image":{"@id":"https:\/\/canal7slp.tv\/2019\/se-integrara-mexico-a-comite-de-onu-que-protege-a-trabajadores-migrantes\/#primaryimage"},"thumbnailUrl":"https:\/\/canal7slp.tv\/2019\/wp-content\/uploads\/2019\/06\/20-5.jpg","articleSection":["NACIONAL"],"inLanguage":"es","potentialAction":[{"@type":"CommentAction","name":"Comment","target":["https:\/\/canal7slp.tv\/2019\/se-integrara-mexico-a-comite-de-onu-que-protege-a-trabajadores-migrantes\/#respond"]}]},{"@type":"WebPage","@id":"https:\/\/canal7slp.tv\/2019\/se-integrara-mexico-a-comite-de-onu-que-protege-a-trabajadores-migrantes\/","url":"https:\/\/canal7slp.tv\/2019\/se-integrara-mexico-a-comite-de-onu-que-protege-a-trabajadores-migrantes\/","name":"Se integrar\u00e1 M\u00e9xico a Comit\u00e9 de ONU que protege a trabajadores migrantes - Canal 7 SLP - 2019","isPartOf":{"@id":"https:\/\/canal7slp.tv\/2019\/#website"},"primaryImageOfPage":{"@id":"https:\/\/canal7slp.tv\/2019\/se-integrara-mexico-a-comite-de-onu-que-protege-a-trabajadores-migrantes\/#primaryimage"},"image":{"@id":"https:\/\/canal7slp.tv\/2019\/se-integrara-mexico-a-comite-de-onu-que-protege-a-trabajadores-migrantes\/#primaryimage"},"thumbnailUrl":"https:\/\/canal7slp.tv\/2019\/wp-content\/uploads\/2019\/06\/20-5.jpg","datePublished":"2019-06-11T18:54:42+00:00","breadcrumb":{"@id":"https:\/\/canal7slp.tv\/2019\/se-integrara-mexico-a-comite-de-onu-que-protege-a-trabajadores-migrantes\/#breadcrumb"},"inLanguage":"es","potentialAction":[{"@type":"ReadAction","target":["https:\/\/canal7slp.tv\/2019\/se-integrara-mexico-a-comite-de-onu-que-protege-a-trabajadores-migrantes\/"]}]},{"@type":"ImageObject","inLanguage":"es","@id":"https:\/\/canal7slp.tv\/2019\/se-integrara-mexico-a-comite-de-onu-que-protege-a-trabajadores-migrantes\/#primaryimage","url":"https:\/\/canal7slp.tv\/2019\/wp-content\/uploads\/2019\/06\/20-5.jpg","contentUrl":"https:\/\/canal7slp.tv\/2019\/wp-content\/uploads\/2019\/06\/20-5.jpg","width":732,"height":410},{"@type":"BreadcrumbList","@id":"https:\/\/canal7slp.tv\/2019\/se-integrara-mexico-a-comite-de-onu-que-protege-a-trabajadores-migrantes\/#breadcrumb","itemListElement":[{"@type":"ListItem","position":1,"name":"Home","item":"https:\/\/canal7slp.tv\/2019\/"},{"@type":"ListItem","position":2,"name":"Se integrar\u00e1 M\u00e9xico a Comit\u00e9 de ONU que protege a trabajadores migrantes"}]},{"@type":"WebSite","@id":"https:\/\/canal7slp.tv\/2019\/#website","url":"https:\/\/canal7slp.tv\/2019\/","name":"Canal 7 SLP - Somos TV","description":"Somos un Canal de 10","publisher":{"@id":"https:\/\/canal7slp.tv\/2019\/#organization"},"potentialAction":[{"@type":"SearchAction","target":{"@type":"EntryPoint","urlTemplate":"https:\/\/canal7slp.tv\/2019\/?s={search_term_string}"},"query-input":{"@type":"PropertyValueSpecification","valueRequired":true,"valueName":"search_term_string"}}],"inLanguage":"es"},{"@type":"Organization","@id":"https:\/\/canal7slp.tv\/2019\/#organization","name":"Comunicaci\u00f3n 2000 S.A. de C.V.","url":"https:\/\/canal7slp.tv\/2019\/","logo":{"@type":"ImageObject","inLanguage":"es","@id":"https:\/\/canal7slp.tv\/2019\/#\/schema\/logo\/image\/","url":"https:\/\/canal7slp.tv\/2019\/wp-content\/uploads\/2019\/07\/logo-c7.png","contentUrl":"https:\/\/canal7slp.tv\/2019\/wp-content\/uploads\/2019\/07\/logo-c7.png","width":220,"height":60,"caption":"Comunicaci\u00f3n 2000 S.A. de C.V."},"image":{"@id":"https:\/\/canal7slp.tv\/2019\/#\/schema\/logo\/image\/"},"sameAs":["https:\/\/www.facebook.com\/CANAL7SLP\/","https:\/\/x.com\/canal7_slp","https:\/\/www.instagram.com\/canal7_slp","https:\/\/www.youtube.com\/user\/NOTICIEROSCANAL7SLP\/"]},{"@type":"Person","@id":"https:\/\/canal7slp.tv\/2019\/#\/schema\/person\/11d941c1c6ca30ac0a46b95fa37aa2e3","name":"edicionweb","image":{"@type":"ImageObject","inLanguage":"es","@id":"https:\/\/secure.gravatar.com\/avatar\/eee448fc3f7164808013b816ba91ac7e43bbe82a70bebac296f8bc6f0addaa1a?s=96&d=mm&r=g","url":"https:\/\/secure.gravatar.com\/avatar\/eee448fc3f7164808013b816ba91ac7e43bbe82a70bebac296f8bc6f0addaa1a?s=96&d=mm&r=g","contentUrl":"https:\/\/secure.gravatar.com\/avatar\/eee448fc3f7164808013b816ba91ac7e43bbe82a70bebac296f8bc6f0addaa1a?s=96&d=mm&r=g","caption":"edicionweb"}}]}},"amp_enabled":true,"cmb2":{"video_ids_in_playlist":{"vid_p_videos":""},"video_ids_in_channel":{"vid_c_videos":""},"playlist_ids_in_channel":{"vid_c_playlists":""},"series_ids_in_channel":{"vid_c_series":""},"channel_images":{"vid_c_logo":"","vid_c_banner":""},"poster_feature_image":{"vid_m_poster_image":""},"gif_feature_image":{"vid_m_gif_image":""},"video_movie_settings":{"vid_m_director":"","vid_m_actor":"","vid_m_imdb_ratings":"","vid_m_amazon_associates":""},"vid_youtube_broadcasts_settings":{"vid_yb_broadcast_title":"","vid_yb_q":"","vid_yb_channelid":"","vid_yb_videocategoryid":"","vid_yb_maxresults":"","vid_yb_order":"","vid_yb_regioncode":"","vid_yb_videosyndicated":"","vid_yb_style":"","vid_yb_reload_first":""},"video_series_settings":{"vid_m_director":"","vid_m_actor":"","vid_m_imdb_ratings":"","video_series_group":""},"amazon_associates_settings":{"amazon_associates":"","amazon_native_ad":""},"vid_youtube_automatic_settings":{"vid_ya_youtube_source":"","vid_ya_update_every":"","vid_ya_update_unit":"","vid_ya_categories":"","vid_ya_published_after":"","vid_ya_published_before":"","vid_ya_playlists":"","vid_ya_channels":"","vid_ya_director":"","vid_ya_actor":"","vid_ya_author":"","vid_ya_import_post_date":"","vid_ya_status":"","vid_ya_sub_api_key":""},"vid_ads_m_videoads_settings_post":{"vid_ads_m_video_ads":"","vid_ads_m_video_ads_type":"","vid_ads_m_group_google_ima":"","vid_ads_m_group_image":"","vid_ads_m_group_html5_video":"","vid_ads_m_group_html":"","vid_ads_m_vast_preroll":"","vid_ads_m_vast_postroll":"","vid_ads_m_vast_pauseroll":"","vid_ads_m_vast_midroll":[{"vid_ads_m_vast_timer_seconds":"50"}],"vid_ads_m_time_to_show_ads":"","vid_ads_m_time_skip_ads":"","vid_ads_m_time_to_hide_ads":""},"page_slider_settings":{"display_slider_group":"","page_slider_group":""},"blog_page_settings":{"blog_page_title":"","blog_page_heading":"","blog_page_ic":"","blog_page_it":"","blog_page_ec":"","blog_page_ip":"","archive_loop_style":"","blog_image_ratio":"","blog_show_categories":"","blog_show_excerpt":"","blog_show_author":"","blog_show_date":"","blog_show_comment_count":"","blog_show_view_count":"","blog_show_like_count":"","blog_show_dislike_count":"","blog_items_per_page":"","blog_pag_type":""},"page_options":{"get_page_template":"","color_mode":"","main_layout":"","main_layout_full_with":"","main_logo":"","main_logo_retina":"","main_logo_mobile":"","main_logo_mobile_retina":"","sticky_logo":"","sticky_logo_retina":"","main_nav_layout":"","ajax_search":"","header_background":"","theme_sidebar":"","instagram_feed":"","instagram_feed_position":"","popular_videos":"","popular_videos_title_1":"","popular_videos_title_2":"","popular_videos_ic":"","popular_videos_it":"","theme_background":"","page_custom_css":""},"feature_image_settings":{"feature_image_position":""},"video_player_settings":{"single_video_style":"","video_player_position":"","vm_video_url":"","video_player_library":"","video_streaming":"","vm_media_sources":"","vid_auto_play":"","vm_video_shortcode":"","vid_p_sync_playlist":"","vid_c_sync_channel":"","get_post_format":"","multiple_links_structure":"default","multi_links_title":"","vm_video_multi_links":"","vm_duration":"","vid_social_locker":"off","vid_social_locker_id":"","vid_membership_action":"content-video","vm_video_trailer_url":"","vid_download_type":"free","vid_download_target":"download","vid_woo_product":"","vm_media_download":"","user_rating":"","user_rating_position":"","user_rating_mode":"","user_rating_multi_sets":""},"video_auto_fetch_settings":{"vm_video_fetch":"on"},"video_fake_views_likes":{"vm_fake_views":"","vm_fake_likes":"","vm_fake_dislikes":""},"gallery_settings":{"gallery_position":""},"quote_settings":{"quote_position":""},"post_options":{"main_layout":"","main_logo":"","main_logo_retina":"","main_logo_mobile":"","main_logo_mobile_retina":"","sticky_logo":"","sticky_logo_retina":"","main_nav_layout":"","header_background":"","theme_sidebar":"","single_post_comment_type":"","theme_background":""}},"_links":{"self":[{"href":"https:\/\/canal7slp.tv\/2019\/wp-json\/wp\/v2\/posts\/12432","targetHints":{"allow":["GET"]}}],"collection":[{"href":"https:\/\/canal7slp.tv\/2019\/wp-json\/wp\/v2\/posts"}],"about":[{"href":"https:\/\/canal7slp.tv\/2019\/wp-json\/wp\/v2\/types\/post"}],"author":[{"embeddable":true,"href":"https:\/\/canal7slp.tv\/2019\/wp-json\/wp\/v2\/users\/2"}],"replies":[{"embeddable":true,"href":"https:\/\/canal7slp.tv\/2019\/wp-json\/wp\/v2\/comments?post=12432"}],"version-history":[{"count":0,"href":"https:\/\/canal7slp.tv\/2019\/wp-json\/wp\/v2\/posts\/12432\/revisions"}],"wp:featuredmedia":[{"embeddable":true,"href":"https:\/\/canal7slp.tv\/2019\/wp-json\/wp\/v2\/media\/12434"}],"wp:attachment":[{"href":"https:\/\/canal7slp.tv\/2019\/wp-json\/wp\/v2\/media?parent=12432"}],"wp:term":[{"taxonomy":"category","embeddable":true,"href":"https:\/\/canal7slp.tv\/2019\/wp-json\/wp\/v2\/categories?post=12432"},{"taxonomy":"post_tag","embeddable":true,"href":"https:\/\/canal7slp.tv\/2019\/wp-json\/wp\/v2\/tags?post=12432"}],"curies":[{"name":"wp","href":"https:\/\/api.w.org\/{rel}","templated":true}]}}