{"id":12431,"date":"2019-06-11T13:54:41","date_gmt":"2019-06-11T18:54:41","guid":{"rendered":"https:\/\/canal7slp.tv\/2019\/?p=12431"},"modified":"2019-06-11T13:54:41","modified_gmt":"2019-06-11T18:54:41","slug":"naason-joaquin-garcia-sigue-dirigiendo-la-luz-del-mundo-desde-la-prision","status":"publish","type":"post","link":"https:\/\/canal7slp.tv\/2019\/naason-joaquin-garcia-sigue-dirigiendo-la-luz-del-mundo-desde-la-prision\/","title":{"rendered":"Naas\u00f3n Joaqu\u00edn Garc\u00eda sigue dirigiendo la Luz del Mundo desde la prisi\u00f3n"},"content":{"rendered":"<p style=\"text-align: justify\">M\u00e9xico.- El l\u00edder de la Iglesia la Luz del Mundo, Naas\u00f3n Joaqu\u00edn Garc\u00eda, quien enfrenta en Estados Unidos un proceso por 26 delitos, entre los que se incluyen abuso sexual, producci\u00f3n de pornograf\u00eda infantil y tr\u00e1fico de personas, entre otros, sigue dirigiendo y tomando las decisiones de su comunidad religiosa.<\/p>\n<p style=\"text-align: justify\">El vocero de la Iglesia la Luz del Mundo, Silem Garc\u00eda Pe\u00f1a, subray\u00f3 que &#8220;\u00e9l -Naas\u00f3n Joaqu\u00edn- sigue dando instrucciones, \u00e9l da las indicaciones pertinentes, el \u00fanico director internacional de nuestra iglesia y el \u00fanico que toma decisiones de la iglesia es \u00e9l, de manera directa&#8221;.<\/p>\n<p style=\"text-align: justify\">En conferencia de prensa en conocido hotel de esta ciudad, afirm\u00f3 que su l\u00edder religioso est\u00e1 an\u00edmicamente tranquilo, est\u00e1 confiando en la justicia y lo que le preocupa es la situaci\u00f3n de discriminaci\u00f3n y agresi\u00f3n contra los fieles de la iglesia.<\/p>\n<p style=\"text-align: justify\">\u201cEn lo personal y an\u00edmicamente est\u00e1 tranquilo, \u00e9l sigue dirigiendo a la iglesia, obviamente infundiendo el \u00e1nimo correspondiente y todos confiamos en la inocencia de \u00e9l. Eso cuando se est\u00e1 con la conciencia tranquila se puede tener ese \u00e1nimo en esas condiciones&#8221;, mencion\u00f3.<\/p>\n<p style=\"text-align: justify\">Dijo que la iglesia funciona con la estructura y con las personas que dej\u00f3 y sostuvo que la determinaci\u00f3n de su l\u00edder religioso sobre la festividad m\u00e1s importante de la iglesia que se celebra en agosto y que re\u00fane a m\u00e1s de 600 mil delegados de los 58 pa\u00edses donde tiene presencia, es que se mantenga esa actividad.<\/p>\n<p style=\"text-align: justify\">Entre las entidades con m\u00e1s discriminaci\u00f3n contra la comunidad la Luz del Mundo est\u00e1n: Jalisco, Veracruz, Estado de M\u00e9xico y Ciudad de M\u00e9xico, precis\u00f3 y afirm\u00f3 que de los 830 casos documentados sobre esa situaci\u00f3n, 17 por ciento corresponde a actividades dentro del trabajo.<\/p>\n<p style=\"text-align: justify\">Reiter\u00f3 tambi\u00e9n que la fianza para Naason Joaqu\u00edn la cubrir\u00e1 el propio l\u00edder religioso y su familia, \u201cla iglesia no est\u00e1 recibiendo ninguna invitaci\u00f3n o motivaci\u00f3n, adem\u00e1s que jur\u00eddicamente no se permite y nosotros vamos a respetar en todo momento lo que establece la ley&#8221;.<\/p>\n<p style=\"text-align: justify\">Garc\u00eda Pe\u00f1a reconoci\u00f3 que los actos discriminatorios y de agresi\u00f3n contra su comunidad religiosa no son producto del clima de inseguridad, sino que se trata de temas exclusivos de religi\u00f3n.<\/p>\n<p style=\"text-align: justify\">\u201cA ra\u00edz de que sucede toda esta situaci\u00f3n, y donde el fiscal de California comienza a generar un ambiente m\u00e1s hostil hacia los fieles de la iglesia (..) se han suscitado agresiones y es en este momento cuando comienzan a incrementarse&#8221;, sostuvo.<\/p>\n<p style=\"text-align: justify\">Rechaz\u00f3 que hayan disminuido los fieles, y por el contrario se suman nuevos, porque saben que son calumnia las acusaciones contra su l\u00edder religioso.<\/p>\n","protected":false},"excerpt":{"rendered":"<p>M\u00e9xico.- El l\u00edder de la Iglesia la Luz del Mundo, Naas\u00f3n Joaqu\u00edn Garc\u00eda, quien enfrenta en Estados Unidos un proceso por 26 delitos, entre los que se incluyen abuso sexual, producci\u00f3n de pornograf\u00eda infantil y tr\u00e1fico de personas, entre otros, sigue dirigiendo y tomando las decisiones de su comunidad religiosa. El vocero de la Iglesia [&hellip;]<\/p>\n","protected":false},"author":2,"featured_media":12433,"comment_status":"open","ping_status":"closed","sticky":false,"template":"","format":"standard","meta":{"footnotes":""},"categories":[30],"tags":[],"class_list":["post-12431","post","type-post","status-publish","format-standard","has-post-thumbnail","hentry","category-nacional"],"yoast_head":"<!-- This site is optimized with the Yoast SEO plugin v27.5 - https:\/\/yoast.com\/product\/yoast-seo-wordpress\/ -->\n<title>Naas\u00f3n Joaqu\u00edn Garc\u00eda sigue dirigiendo la Luz del Mundo desde la prisi\u00f3n - Canal 7 SLP - 2019<\/title>\n<meta name=\"robots\" content=\"index, follow, max-snippet:-1, max-image-preview:large, max-video-preview:-1\" \/>\n<link rel=\"canonical\" href=\"https:\/\/canal7slp.tv\/2019\/naason-joaquin-garcia-sigue-dirigiendo-la-luz-del-mundo-desde-la-prision\/\" \/>\n<meta property=\"og:locale\" content=\"es_ES\" \/>\n<meta property=\"og:type\" content=\"article\" \/>\n<meta property=\"og:title\" content=\"Naas\u00f3n Joaqu\u00edn Garc\u00eda sigue dirigiendo la Luz del Mundo desde la prisi\u00f3n - Canal 7 SLP - 2019\" \/>\n<meta property=\"og:description\" content=\"M\u00e9xico.- El l\u00edder de la Iglesia la Luz del Mundo, Naas\u00f3n Joaqu\u00edn Garc\u00eda, quien enfrenta en Estados Unidos un proceso por 26 delitos, entre los que se incluyen abuso sexual, producci\u00f3n de pornograf\u00eda infantil y tr\u00e1fico de personas, entre otros, sigue dirigiendo y tomando las decisiones de su comunidad religiosa. El vocero de la Iglesia [&hellip;]\" \/>\n<meta property=\"og:url\" content=\"https:\/\/canal7slp.tv\/2019\/naason-joaquin-garcia-sigue-dirigiendo-la-luz-del-mundo-desde-la-prision\/\" \/>\n<meta property=\"og:site_name\" content=\"Canal 7 SLP - 2019\" \/>\n<meta property=\"article:publisher\" content=\"https:\/\/www.facebook.com\/CANAL7SLP\/\" \/>\n<meta property=\"article:published_time\" content=\"2019-06-11T18:54:41+00:00\" \/>\n<meta property=\"og:image\" content=\"https:\/\/canal7slp.tv\/2019\/wp-content\/uploads\/2019\/06\/19-4.jpg\" \/>\n\t<meta property=\"og:image:width\" content=\"729\" \/>\n\t<meta property=\"og:image:height\" content=\"410\" \/>\n\t<meta property=\"og:image:type\" content=\"image\/jpeg\" \/>\n<meta name=\"author\" content=\"edicionweb\" \/>\n<meta name=\"twitter:card\" content=\"summary_large_image\" \/>\n<meta name=\"twitter:creator\" content=\"@canal7_slp\" \/>\n<meta name=\"twitter:site\" content=\"@canal7_slp\" \/>\n<meta name=\"twitter:label1\" content=\"Escrito por\" \/>\n\t<meta name=\"twitter:data1\" content=\"edicionweb\" \/>\n\t<meta name=\"twitter:label2\" content=\"Tiempo de lectura\" \/>\n\t<meta name=\"twitter:data2\" content=\"2 minutos\" \/>\n<script type=\"application\/ld+json\" class=\"yoast-schema-graph\">{\"@context\":\"https:\\\/\\\/schema.org\",\"@graph\":[{\"@type\":\"Article\",\"@id\":\"https:\\\/\\\/canal7slp.tv\\\/2019\\\/naason-joaquin-garcia-sigue-dirigiendo-la-luz-del-mundo-desde-la-prision\\\/#article\",\"isPartOf\":{\"@id\":\"https:\\\/\\\/canal7slp.tv\\\/2019\\\/naason-joaquin-garcia-sigue-dirigiendo-la-luz-del-mundo-desde-la-prision\\\/\"},\"author\":{\"name\":\"edicionweb\",\"@id\":\"https:\\\/\\\/canal7slp.tv\\\/2019\\\/#\\\/schema\\\/person\\\/11d941c1c6ca30ac0a46b95fa37aa2e3\"},\"headline\":\"Naas\u00f3n Joaqu\u00edn Garc\u00eda sigue dirigiendo la Luz del Mundo desde la prisi\u00f3n\",\"datePublished\":\"2019-06-11T18:54:41+00:00\",\"mainEntityOfPage\":{\"@id\":\"https:\\\/\\\/canal7slp.tv\\\/2019\\\/naason-joaquin-garcia-sigue-dirigiendo-la-luz-del-mundo-desde-la-prision\\\/\"},\"wordCount\":479,\"commentCount\":0,\"publisher\":{\"@id\":\"https:\\\/\\\/canal7slp.tv\\\/2019\\\/#organization\"},\"image\":{\"@id\":\"https:\\\/\\\/canal7slp.tv\\\/2019\\\/naason-joaquin-garcia-sigue-dirigiendo-la-luz-del-mundo-desde-la-prision\\\/#primaryimage\"},\"thumbnailUrl\":\"https:\\\/\\\/canal7slp.tv\\\/2019\\\/wp-content\\\/uploads\\\/2019\\\/06\\\/19-4.jpg\",\"articleSection\":[\"NACIONAL\"],\"inLanguage\":\"es\",\"potentialAction\":[{\"@type\":\"CommentAction\",\"name\":\"Comment\",\"target\":[\"https:\\\/\\\/canal7slp.tv\\\/2019\\\/naason-joaquin-garcia-sigue-dirigiendo-la-luz-del-mundo-desde-la-prision\\\/#respond\"]}]},{\"@type\":\"WebPage\",\"@id\":\"https:\\\/\\\/canal7slp.tv\\\/2019\\\/naason-joaquin-garcia-sigue-dirigiendo-la-luz-del-mundo-desde-la-prision\\\/\",\"url\":\"https:\\\/\\\/canal7slp.tv\\\/2019\\\/naason-joaquin-garcia-sigue-dirigiendo-la-luz-del-mundo-desde-la-prision\\\/\",\"name\":\"Naas\u00f3n Joaqu\u00edn Garc\u00eda sigue dirigiendo la Luz del Mundo desde la prisi\u00f3n - Canal 7 SLP - 2019\",\"isPartOf\":{\"@id\":\"https:\\\/\\\/canal7slp.tv\\\/2019\\\/#website\"},\"primaryImageOfPage\":{\"@id\":\"https:\\\/\\\/canal7slp.tv\\\/2019\\\/naason-joaquin-garcia-sigue-dirigiendo-la-luz-del-mundo-desde-la-prision\\\/#primaryimage\"},\"image\":{\"@id\":\"https:\\\/\\\/canal7slp.tv\\\/2019\\\/naason-joaquin-garcia-sigue-dirigiendo-la-luz-del-mundo-desde-la-prision\\\/#primaryimage\"},\"thumbnailUrl\":\"https:\\\/\\\/canal7slp.tv\\\/2019\\\/wp-content\\\/uploads\\\/2019\\\/06\\\/19-4.jpg\",\"datePublished\":\"2019-06-11T18:54:41+00:00\",\"breadcrumb\":{\"@id\":\"https:\\\/\\\/canal7slp.tv\\\/2019\\\/naason-joaquin-garcia-sigue-dirigiendo-la-luz-del-mundo-desde-la-prision\\\/#breadcrumb\"},\"inLanguage\":\"es\",\"potentialAction\":[{\"@type\":\"ReadAction\",\"target\":[\"https:\\\/\\\/canal7slp.tv\\\/2019\\\/naason-joaquin-garcia-sigue-dirigiendo-la-luz-del-mundo-desde-la-prision\\\/\"]}]},{\"@type\":\"ImageObject\",\"inLanguage\":\"es\",\"@id\":\"https:\\\/\\\/canal7slp.tv\\\/2019\\\/naason-joaquin-garcia-sigue-dirigiendo-la-luz-del-mundo-desde-la-prision\\\/#primaryimage\",\"url\":\"https:\\\/\\\/canal7slp.tv\\\/2019\\\/wp-content\\\/uploads\\\/2019\\\/06\\\/19-4.jpg\",\"contentUrl\":\"https:\\\/\\\/canal7slp.tv\\\/2019\\\/wp-content\\\/uploads\\\/2019\\\/06\\\/19-4.jpg\",\"width\":729,\"height\":410},{\"@type\":\"BreadcrumbList\",\"@id\":\"https:\\\/\\\/canal7slp.tv\\\/2019\\\/naason-joaquin-garcia-sigue-dirigiendo-la-luz-del-mundo-desde-la-prision\\\/#breadcrumb\",\"itemListElement\":[{\"@type\":\"ListItem\",\"position\":1,\"name\":\"Home\",\"item\":\"https:\\\/\\\/canal7slp.tv\\\/2019\\\/\"},{\"@type\":\"ListItem\",\"position\":2,\"name\":\"Naas\u00f3n Joaqu\u00edn Garc\u00eda sigue dirigiendo la Luz del Mundo desde la prisi\u00f3n\"}]},{\"@type\":\"WebSite\",\"@id\":\"https:\\\/\\\/canal7slp.tv\\\/2019\\\/#website\",\"url\":\"https:\\\/\\\/canal7slp.tv\\\/2019\\\/\",\"name\":\"Canal 7 SLP - Somos TV\",\"description\":\"Somos un Canal de 10\",\"publisher\":{\"@id\":\"https:\\\/\\\/canal7slp.tv\\\/2019\\\/#organization\"},\"potentialAction\":[{\"@type\":\"SearchAction\",\"target\":{\"@type\":\"EntryPoint\",\"urlTemplate\":\"https:\\\/\\\/canal7slp.tv\\\/2019\\\/?s={search_term_string}\"},\"query-input\":{\"@type\":\"PropertyValueSpecification\",\"valueRequired\":true,\"valueName\":\"search_term_string\"}}],\"inLanguage\":\"es\"},{\"@type\":\"Organization\",\"@id\":\"https:\\\/\\\/canal7slp.tv\\\/2019\\\/#organization\",\"name\":\"Comunicaci\u00f3n 2000 S.A. de C.V.\",\"url\":\"https:\\\/\\\/canal7slp.tv\\\/2019\\\/\",\"logo\":{\"@type\":\"ImageObject\",\"inLanguage\":\"es\",\"@id\":\"https:\\\/\\\/canal7slp.tv\\\/2019\\\/#\\\/schema\\\/logo\\\/image\\\/\",\"url\":\"https:\\\/\\\/canal7slp.tv\\\/2019\\\/wp-content\\\/uploads\\\/2019\\\/07\\\/logo-c7.png\",\"contentUrl\":\"https:\\\/\\\/canal7slp.tv\\\/2019\\\/wp-content\\\/uploads\\\/2019\\\/07\\\/logo-c7.png\",\"width\":220,\"height\":60,\"caption\":\"Comunicaci\u00f3n 2000 S.A. de C.V.\"},\"image\":{\"@id\":\"https:\\\/\\\/canal7slp.tv\\\/2019\\\/#\\\/schema\\\/logo\\\/image\\\/\"},\"sameAs\":[\"https:\\\/\\\/www.facebook.com\\\/CANAL7SLP\\\/\",\"https:\\\/\\\/x.com\\\/canal7_slp\",\"https:\\\/\\\/www.instagram.com\\\/canal7_slp\",\"https:\\\/\\\/www.youtube.com\\\/user\\\/NOTICIEROSCANAL7SLP\\\/\"]},{\"@type\":\"Person\",\"@id\":\"https:\\\/\\\/canal7slp.tv\\\/2019\\\/#\\\/schema\\\/person\\\/11d941c1c6ca30ac0a46b95fa37aa2e3\",\"name\":\"edicionweb\",\"image\":{\"@type\":\"ImageObject\",\"inLanguage\":\"es\",\"@id\":\"https:\\\/\\\/secure.gravatar.com\\\/avatar\\\/eee448fc3f7164808013b816ba91ac7e43bbe82a70bebac296f8bc6f0addaa1a?s=96&d=mm&r=g\",\"url\":\"https:\\\/\\\/secure.gravatar.com\\\/avatar\\\/eee448fc3f7164808013b816ba91ac7e43bbe82a70bebac296f8bc6f0addaa1a?s=96&d=mm&r=g\",\"contentUrl\":\"https:\\\/\\\/secure.gravatar.com\\\/avatar\\\/eee448fc3f7164808013b816ba91ac7e43bbe82a70bebac296f8bc6f0addaa1a?s=96&d=mm&r=g\",\"caption\":\"edicionweb\"}}]}<\/script>\n<!-- \/ Yoast SEO plugin. -->","yoast_head_json":{"title":"Naas\u00f3n Joaqu\u00edn Garc\u00eda sigue dirigiendo la Luz del Mundo desde la prisi\u00f3n - Canal 7 SLP - 2019","robots":{"index":"index","follow":"follow","max-snippet":"max-snippet:-1","max-image-preview":"max-image-preview:large","max-video-preview":"max-video-preview:-1"},"canonical":"https:\/\/canal7slp.tv\/2019\/naason-joaquin-garcia-sigue-dirigiendo-la-luz-del-mundo-desde-la-prision\/","og_locale":"es_ES","og_type":"article","og_title":"Naas\u00f3n Joaqu\u00edn Garc\u00eda sigue dirigiendo la Luz del Mundo desde la prisi\u00f3n - Canal 7 SLP - 2019","og_description":"M\u00e9xico.- El l\u00edder de la Iglesia la Luz del Mundo, Naas\u00f3n Joaqu\u00edn Garc\u00eda, quien enfrenta en Estados Unidos un proceso por 26 delitos, entre los que se incluyen abuso sexual, producci\u00f3n de pornograf\u00eda infantil y tr\u00e1fico de personas, entre otros, sigue dirigiendo y tomando las decisiones de su comunidad religiosa. El vocero de la Iglesia [&hellip;]","og_url":"https:\/\/canal7slp.tv\/2019\/naason-joaquin-garcia-sigue-dirigiendo-la-luz-del-mundo-desde-la-prision\/","og_site_name":"Canal 7 SLP - 2019","article_publisher":"https:\/\/www.facebook.com\/CANAL7SLP\/","article_published_time":"2019-06-11T18:54:41+00:00","og_image":[{"width":729,"height":410,"url":"https:\/\/canal7slp.tv\/2019\/wp-content\/uploads\/2019\/06\/19-4.jpg","type":"image\/jpeg"}],"author":"edicionweb","twitter_card":"summary_large_image","twitter_creator":"@canal7_slp","twitter_site":"@canal7_slp","twitter_misc":{"Escrito por":"edicionweb","Tiempo de lectura":"2 minutos"},"schema":{"@context":"https:\/\/schema.org","@graph":[{"@type":"Article","@id":"https:\/\/canal7slp.tv\/2019\/naason-joaquin-garcia-sigue-dirigiendo-la-luz-del-mundo-desde-la-prision\/#article","isPartOf":{"@id":"https:\/\/canal7slp.tv\/2019\/naason-joaquin-garcia-sigue-dirigiendo-la-luz-del-mundo-desde-la-prision\/"},"author":{"name":"edicionweb","@id":"https:\/\/canal7slp.tv\/2019\/#\/schema\/person\/11d941c1c6ca30ac0a46b95fa37aa2e3"},"headline":"Naas\u00f3n Joaqu\u00edn Garc\u00eda sigue dirigiendo la Luz del Mundo desde la prisi\u00f3n","datePublished":"2019-06-11T18:54:41+00:00","mainEntityOfPage":{"@id":"https:\/\/canal7slp.tv\/2019\/naason-joaquin-garcia-sigue-dirigiendo-la-luz-del-mundo-desde-la-prision\/"},"wordCount":479,"commentCount":0,"publisher":{"@id":"https:\/\/canal7slp.tv\/2019\/#organization"},"image":{"@id":"https:\/\/canal7slp.tv\/2019\/naason-joaquin-garcia-sigue-dirigiendo-la-luz-del-mundo-desde-la-prision\/#primaryimage"},"thumbnailUrl":"https:\/\/canal7slp.tv\/2019\/wp-content\/uploads\/2019\/06\/19-4.jpg","articleSection":["NACIONAL"],"inLanguage":"es","potentialAction":[{"@type":"CommentAction","name":"Comment","target":["https:\/\/canal7slp.tv\/2019\/naason-joaquin-garcia-sigue-dirigiendo-la-luz-del-mundo-desde-la-prision\/#respond"]}]},{"@type":"WebPage","@id":"https:\/\/canal7slp.tv\/2019\/naason-joaquin-garcia-sigue-dirigiendo-la-luz-del-mundo-desde-la-prision\/","url":"https:\/\/canal7slp.tv\/2019\/naason-joaquin-garcia-sigue-dirigiendo-la-luz-del-mundo-desde-la-prision\/","name":"Naas\u00f3n Joaqu\u00edn Garc\u00eda sigue dirigiendo la Luz del Mundo desde la prisi\u00f3n - Canal 7 SLP - 2019","isPartOf":{"@id":"https:\/\/canal7slp.tv\/2019\/#website"},"primaryImageOfPage":{"@id":"https:\/\/canal7slp.tv\/2019\/naason-joaquin-garcia-sigue-dirigiendo-la-luz-del-mundo-desde-la-prision\/#primaryimage"},"image":{"@id":"https:\/\/canal7slp.tv\/2019\/naason-joaquin-garcia-sigue-dirigiendo-la-luz-del-mundo-desde-la-prision\/#primaryimage"},"thumbnailUrl":"https:\/\/canal7slp.tv\/2019\/wp-content\/uploads\/2019\/06\/19-4.jpg","datePublished":"2019-06-11T18:54:41+00:00","breadcrumb":{"@id":"https:\/\/canal7slp.tv\/2019\/naason-joaquin-garcia-sigue-dirigiendo-la-luz-del-mundo-desde-la-prision\/#breadcrumb"},"inLanguage":"es","potentialAction":[{"@type":"ReadAction","target":["https:\/\/canal7slp.tv\/2019\/naason-joaquin-garcia-sigue-dirigiendo-la-luz-del-mundo-desde-la-prision\/"]}]},{"@type":"ImageObject","inLanguage":"es","@id":"https:\/\/canal7slp.tv\/2019\/naason-joaquin-garcia-sigue-dirigiendo-la-luz-del-mundo-desde-la-prision\/#primaryimage","url":"https:\/\/canal7slp.tv\/2019\/wp-content\/uploads\/2019\/06\/19-4.jpg","contentUrl":"https:\/\/canal7slp.tv\/2019\/wp-content\/uploads\/2019\/06\/19-4.jpg","width":729,"height":410},{"@type":"BreadcrumbList","@id":"https:\/\/canal7slp.tv\/2019\/naason-joaquin-garcia-sigue-dirigiendo-la-luz-del-mundo-desde-la-prision\/#breadcrumb","itemListElement":[{"@type":"ListItem","position":1,"name":"Home","item":"https:\/\/canal7slp.tv\/2019\/"},{"@type":"ListItem","position":2,"name":"Naas\u00f3n Joaqu\u00edn Garc\u00eda sigue dirigiendo la Luz del Mundo desde la prisi\u00f3n"}]},{"@type":"WebSite","@id":"https:\/\/canal7slp.tv\/2019\/#website","url":"https:\/\/canal7slp.tv\/2019\/","name":"Canal 7 SLP - Somos TV","description":"Somos un Canal de 10","publisher":{"@id":"https:\/\/canal7slp.tv\/2019\/#organization"},"potentialAction":[{"@type":"SearchAction","target":{"@type":"EntryPoint","urlTemplate":"https:\/\/canal7slp.tv\/2019\/?s={search_term_string}"},"query-input":{"@type":"PropertyValueSpecification","valueRequired":true,"valueName":"search_term_string"}}],"inLanguage":"es"},{"@type":"Organization","@id":"https:\/\/canal7slp.tv\/2019\/#organization","name":"Comunicaci\u00f3n 2000 S.A. de C.V.","url":"https:\/\/canal7slp.tv\/2019\/","logo":{"@type":"ImageObject","inLanguage":"es","@id":"https:\/\/canal7slp.tv\/2019\/#\/schema\/logo\/image\/","url":"https:\/\/canal7slp.tv\/2019\/wp-content\/uploads\/2019\/07\/logo-c7.png","contentUrl":"https:\/\/canal7slp.tv\/2019\/wp-content\/uploads\/2019\/07\/logo-c7.png","width":220,"height":60,"caption":"Comunicaci\u00f3n 2000 S.A. de C.V."},"image":{"@id":"https:\/\/canal7slp.tv\/2019\/#\/schema\/logo\/image\/"},"sameAs":["https:\/\/www.facebook.com\/CANAL7SLP\/","https:\/\/x.com\/canal7_slp","https:\/\/www.instagram.com\/canal7_slp","https:\/\/www.youtube.com\/user\/NOTICIEROSCANAL7SLP\/"]},{"@type":"Person","@id":"https:\/\/canal7slp.tv\/2019\/#\/schema\/person\/11d941c1c6ca30ac0a46b95fa37aa2e3","name":"edicionweb","image":{"@type":"ImageObject","inLanguage":"es","@id":"https:\/\/secure.gravatar.com\/avatar\/eee448fc3f7164808013b816ba91ac7e43bbe82a70bebac296f8bc6f0addaa1a?s=96&d=mm&r=g","url":"https:\/\/secure.gravatar.com\/avatar\/eee448fc3f7164808013b816ba91ac7e43bbe82a70bebac296f8bc6f0addaa1a?s=96&d=mm&r=g","contentUrl":"https:\/\/secure.gravatar.com\/avatar\/eee448fc3f7164808013b816ba91ac7e43bbe82a70bebac296f8bc6f0addaa1a?s=96&d=mm&r=g","caption":"edicionweb"}}]}},"amp_enabled":true,"cmb2":{"video_ids_in_playlist":{"vid_p_videos":""},"video_ids_in_channel":{"vid_c_videos":""},"playlist_ids_in_channel":{"vid_c_playlists":""},"series_ids_in_channel":{"vid_c_series":""},"channel_images":{"vid_c_logo":"","vid_c_banner":""},"poster_feature_image":{"vid_m_poster_image":""},"gif_feature_image":{"vid_m_gif_image":""},"video_movie_settings":{"vid_m_director":"","vid_m_actor":"","vid_m_imdb_ratings":"","vid_m_amazon_associates":""},"vid_youtube_broadcasts_settings":{"vid_yb_broadcast_title":"","vid_yb_q":"","vid_yb_channelid":"","vid_yb_videocategoryid":"","vid_yb_maxresults":"","vid_yb_order":"","vid_yb_regioncode":"","vid_yb_videosyndicated":"","vid_yb_style":"","vid_yb_reload_first":""},"video_series_settings":{"vid_m_director":"","vid_m_actor":"","vid_m_imdb_ratings":"","video_series_group":""},"amazon_associates_settings":{"amazon_associates":"","amazon_native_ad":""},"vid_youtube_automatic_settings":{"vid_ya_youtube_source":"","vid_ya_update_every":"","vid_ya_update_unit":"","vid_ya_categories":"","vid_ya_published_after":"","vid_ya_published_before":"","vid_ya_playlists":"","vid_ya_channels":"","vid_ya_director":"","vid_ya_actor":"","vid_ya_author":"","vid_ya_import_post_date":"","vid_ya_status":"","vid_ya_sub_api_key":""},"vid_ads_m_videoads_settings_post":{"vid_ads_m_video_ads":"","vid_ads_m_video_ads_type":"","vid_ads_m_group_google_ima":"","vid_ads_m_group_image":"","vid_ads_m_group_html5_video":"","vid_ads_m_group_html":"","vid_ads_m_vast_preroll":"","vid_ads_m_vast_postroll":"","vid_ads_m_vast_pauseroll":"","vid_ads_m_vast_midroll":[{"vid_ads_m_vast_timer_seconds":"50"}],"vid_ads_m_time_to_show_ads":"","vid_ads_m_time_skip_ads":"","vid_ads_m_time_to_hide_ads":""},"page_slider_settings":{"display_slider_group":"","page_slider_group":""},"blog_page_settings":{"blog_page_title":"","blog_page_heading":"","blog_page_ic":"","blog_page_it":"","blog_page_ec":"","blog_page_ip":"","archive_loop_style":"","blog_image_ratio":"","blog_show_categories":"","blog_show_excerpt":"","blog_show_author":"","blog_show_date":"","blog_show_comment_count":"","blog_show_view_count":"","blog_show_like_count":"","blog_show_dislike_count":"","blog_items_per_page":"","blog_pag_type":""},"page_options":{"get_page_template":"","color_mode":"","main_layout":"","main_layout_full_with":"","main_logo":"","main_logo_retina":"","main_logo_mobile":"","main_logo_mobile_retina":"","sticky_logo":"","sticky_logo_retina":"","main_nav_layout":"","ajax_search":"","header_background":"","theme_sidebar":"","instagram_feed":"","instagram_feed_position":"","popular_videos":"","popular_videos_title_1":"","popular_videos_title_2":"","popular_videos_ic":"","popular_videos_it":"","theme_background":"","page_custom_css":""},"feature_image_settings":{"feature_image_position":""},"video_player_settings":{"single_video_style":"","video_player_position":"","vm_video_url":"","video_player_library":"","video_streaming":"","vm_media_sources":"","vid_auto_play":"","vm_video_shortcode":"","vid_p_sync_playlist":"","vid_c_sync_channel":"","get_post_format":"","multiple_links_structure":"default","multi_links_title":"","vm_video_multi_links":"","vm_duration":"","vid_social_locker":"off","vid_social_locker_id":"","vid_membership_action":"content-video","vm_video_trailer_url":"","vid_download_type":"free","vid_download_target":"download","vid_woo_product":"","vm_media_download":"","user_rating":"","user_rating_position":"","user_rating_mode":"","user_rating_multi_sets":""},"video_auto_fetch_settings":{"vm_video_fetch":"on"},"video_fake_views_likes":{"vm_fake_views":"","vm_fake_likes":"","vm_fake_dislikes":""},"gallery_settings":{"gallery_position":""},"quote_settings":{"quote_position":""},"post_options":{"main_layout":"","main_logo":"","main_logo_retina":"","main_logo_mobile":"","main_logo_mobile_retina":"","sticky_logo":"","sticky_logo_retina":"","main_nav_layout":"","header_background":"","theme_sidebar":"","single_post_comment_type":"","theme_background":""}},"_links":{"self":[{"href":"https:\/\/canal7slp.tv\/2019\/wp-json\/wp\/v2\/posts\/12431","targetHints":{"allow":["GET"]}}],"collection":[{"href":"https:\/\/canal7slp.tv\/2019\/wp-json\/wp\/v2\/posts"}],"about":[{"href":"https:\/\/canal7slp.tv\/2019\/wp-json\/wp\/v2\/types\/post"}],"author":[{"embeddable":true,"href":"https:\/\/canal7slp.tv\/2019\/wp-json\/wp\/v2\/users\/2"}],"replies":[{"embeddable":true,"href":"https:\/\/canal7slp.tv\/2019\/wp-json\/wp\/v2\/comments?post=12431"}],"version-history":[{"count":0,"href":"https:\/\/canal7slp.tv\/2019\/wp-json\/wp\/v2\/posts\/12431\/revisions"}],"wp:featuredmedia":[{"embeddable":true,"href":"https:\/\/canal7slp.tv\/2019\/wp-json\/wp\/v2\/media\/12433"}],"wp:attachment":[{"href":"https:\/\/canal7slp.tv\/2019\/wp-json\/wp\/v2\/media?parent=12431"}],"wp:term":[{"taxonomy":"category","embeddable":true,"href":"https:\/\/canal7slp.tv\/2019\/wp-json\/wp\/v2\/categories?post=12431"},{"taxonomy":"post_tag","embeddable":true,"href":"https:\/\/canal7slp.tv\/2019\/wp-json\/wp\/v2\/tags?post=12431"}],"curies":[{"name":"wp","href":"https:\/\/api.w.org\/{rel}","templated":true}]}}