{"id":12423,"date":"2019-06-11T13:49:53","date_gmt":"2019-06-11T18:49:53","guid":{"rendered":"https:\/\/canal7slp.tv\/2019\/?p=12423"},"modified":"2019-06-11T13:49:53","modified_gmt":"2019-06-11T18:49:53","slug":"protestas-y-huelga-en-hong-kong-contra-ley-de-extradicion","status":"publish","type":"post","link":"https:\/\/canal7slp.tv\/2019\/protestas-y-huelga-en-hong-kong-contra-ley-de-extradicion\/","title":{"rendered":"Protestas y huelga en Hong Kong contra ley de extradici\u00f3n"},"content":{"rendered":"<p style=\"text-align: justify\">Hong Kong.- Los ciudadanos de Hong Kong fueron convocados para participar este mi\u00e9rcoles en multitudinarias protestas y en un paro general contra la propuesta de ley de extradici\u00f3n a China que se someter\u00e1 ma\u00f1ana a una segunda lectura, cuya aprobaci\u00f3n podr\u00eda realizarse la pr\u00f3xima semana.<\/p>\n<p style=\"text-align: justify\">Los ciudadanos se organizan para participar en las diferentes movilizaciones que comenzar\u00e1n hoy con una huelga de hambre de 24 horas a partir de los 20:00 horas locales, mientras grupos a favor de la democracia convocaron a los hongkoneses a rodear el Consejo legislativo y permanecer sentados hasta ma\u00f1ana.<\/p>\n<p style=\"text-align: justify\">M\u00e1s de dos mil consejeros, cuidadores y terapeutas de 50 organizaciones de trabajo social, la Iglesia cat\u00f3lica, sindicatos de autobuses y de aviaci\u00f3n, entre otros, llamaron a participar ma\u00f1ana en una huelga general.<\/p>\n<p style=\"text-align: justify\">El legislador Fernando Cheung Chiu-hung se\u00f1al\u00f3 en declaraciones que cit\u00f3 el diario The South China Morning Post que &#8220;estamos pidiendo una huelga general en el sector de bienestar social para ma\u00f1ana y\u00a0tomar una posici\u00f3n sobre esta cuesti\u00f3n moral del bien y al mal&#8221;.<\/p>\n<p style=\"text-align: justify\">Decenas de tiendas, restaurantes, librer\u00edas, cafeter\u00edas, restaurantes, sindicatos de maestros y escuelas manifestaron su intenci\u00f3n de respaldar el paro laboral.<\/p>\n<p style=\"text-align: justify\">El presidente del Consejo Legislativo, Andrew Leung Kwan-yuen, se\u00f1al\u00f3 este martes que la enmienda de extradici\u00f3n podr\u00eda aprobarse antes del pr\u00f3ximo jueves al limitar el tiempo de debate, por una parte a causa de que la\u00a0Oficina de Seguridad hab\u00eda enfatizado la urgencia de aprobar la enmienda y debido a las pr\u00f3ximas vacaciones de verano.<\/p>\n<p style=\"text-align: justify\">Leung dijo que los legisladores analizar\u00edan el proyecto de ley de ma\u00f1ana mi\u00e9rcoles a viernes y del pr\u00f3ximo lunes al jueves 20 de junio, d\u00eda en que ser\u00e1 sometido a votaci\u00f3n.<\/p>\n<p style=\"text-align: justify\">Las autoridades de Hong Kong desplegar\u00e1n a unos 30 mil efectivos de seguridad ante las movilizaciones previstas para hoy y ma\u00f1ana y de ese total unos cinco mil ser\u00e1n asignados a sede del gobierno y el parlamento, seg\u00fan fuentes consultadas por The South China Morning Post.<\/p>\n<p style=\"text-align: justify\">La v\u00edspera la jefa del Ejecutivo de Hong Kong, Carrie Lam, manifest\u00f3 que el proyecto de ley de extradici\u00f3n que permitir\u00eda enviar a China a personas que cometieron un delito no lo retirar\u00e1, ya que era necesario.<\/p>\n<p style=\"text-align: justify\">Precis\u00f3 que la propuesta de ley de ninguna manera erosionar\u00eda ninguna de las libertades especiales de las que goza el territorio y se\u00f1al\u00f3 que la ley fue propuesta por &#8220;conciencia&#8221; y &#8220;compromiso con Hong Kong&#8221;.<\/p>\n<p style=\"text-align: justify\">Las declaraciones de la jefa del Ejecutivo se dieron en el marco de la multitudinaria marcha del domingo en protesta por la propuesta de ley de extradici\u00f3n, en la cual habr\u00edan participado un mill\u00f3n de personas, seg\u00fan los organizadores, mientras que la polic\u00eda estima que fueron 240 mil.<\/p>\n<p style=\"text-align: justify\">La iniciativa de ley establece que los sospechosos de delitos mayores de 20 a\u00f1os podr\u00edan ser extraditados a China si las autoridades de ese pa\u00eds lo solicitan.<\/p>\n<p style=\"text-align: justify\">De ser aprobada la ley, los jefes del Ejecutivo y los tribunales de Hong Kong podr\u00edan tramitar las solicitudes de extradici\u00f3n, caso por caso, sin supervisi\u00f3n legislativa, pero las cortes locales tendr\u00edan poder de veto para impedir ciertas extradiciones.<\/p>\n","protected":false},"excerpt":{"rendered":"<p>Hong Kong.- Los ciudadanos de Hong Kong fueron convocados para participar este mi\u00e9rcoles en multitudinarias protestas y en un paro general contra la propuesta de ley de extradici\u00f3n a China que se someter\u00e1 ma\u00f1ana a una segunda lectura, cuya aprobaci\u00f3n podr\u00eda realizarse la pr\u00f3xima semana. Los ciudadanos se organizan para participar en las diferentes movilizaciones [&hellip;]<\/p>\n","protected":false},"author":2,"featured_media":12427,"comment_status":"open","ping_status":"closed","sticky":false,"template":"","format":"standard","meta":{"footnotes":""},"categories":[18],"tags":[],"class_list":["post-12423","post","type-post","status-publish","format-standard","has-post-thumbnail","hentry","category-internacional"],"yoast_head":"<!-- This site is optimized with the Yoast SEO plugin v27.5 - https:\/\/yoast.com\/product\/yoast-seo-wordpress\/ -->\n<title>Protestas y huelga en Hong Kong contra ley de extradici\u00f3n - Canal 7 SLP - 2019<\/title>\n<meta name=\"robots\" content=\"index, follow, max-snippet:-1, max-image-preview:large, max-video-preview:-1\" \/>\n<link rel=\"canonical\" href=\"https:\/\/canal7slp.tv\/2019\/protestas-y-huelga-en-hong-kong-contra-ley-de-extradicion\/\" \/>\n<meta property=\"og:locale\" content=\"es_ES\" \/>\n<meta property=\"og:type\" content=\"article\" \/>\n<meta property=\"og:title\" content=\"Protestas y huelga en Hong Kong contra ley de extradici\u00f3n - Canal 7 SLP - 2019\" \/>\n<meta property=\"og:description\" content=\"Hong Kong.- Los ciudadanos de Hong Kong fueron convocados para participar este mi\u00e9rcoles en multitudinarias protestas y en un paro general contra la propuesta de ley de extradici\u00f3n a China que se someter\u00e1 ma\u00f1ana a una segunda lectura, cuya aprobaci\u00f3n podr\u00eda realizarse la pr\u00f3xima semana. Los ciudadanos se organizan para participar en las diferentes movilizaciones [&hellip;]\" \/>\n<meta property=\"og:url\" content=\"https:\/\/canal7slp.tv\/2019\/protestas-y-huelga-en-hong-kong-contra-ley-de-extradicion\/\" \/>\n<meta property=\"og:site_name\" content=\"Canal 7 SLP - 2019\" \/>\n<meta property=\"article:publisher\" content=\"https:\/\/www.facebook.com\/CANAL7SLP\/\" \/>\n<meta property=\"article:published_time\" content=\"2019-06-11T18:49:53+00:00\" \/>\n<meta property=\"og:image\" content=\"https:\/\/canal7slp.tv\/2019\/wp-content\/uploads\/2019\/06\/17-5.jpg\" \/>\n\t<meta property=\"og:image:width\" content=\"728\" \/>\n\t<meta property=\"og:image:height\" content=\"410\" \/>\n\t<meta property=\"og:image:type\" content=\"image\/jpeg\" \/>\n<meta name=\"author\" content=\"edicionweb\" \/>\n<meta name=\"twitter:card\" content=\"summary_large_image\" \/>\n<meta name=\"twitter:creator\" content=\"@canal7_slp\" \/>\n<meta name=\"twitter:site\" content=\"@canal7_slp\" \/>\n<meta name=\"twitter:label1\" content=\"Escrito por\" \/>\n\t<meta name=\"twitter:data1\" content=\"edicionweb\" \/>\n\t<meta name=\"twitter:label2\" content=\"Tiempo de lectura\" \/>\n\t<meta name=\"twitter:data2\" content=\"3 minutos\" \/>\n<script type=\"application\/ld+json\" class=\"yoast-schema-graph\">{\"@context\":\"https:\\\/\\\/schema.org\",\"@graph\":[{\"@type\":\"Article\",\"@id\":\"https:\\\/\\\/canal7slp.tv\\\/2019\\\/protestas-y-huelga-en-hong-kong-contra-ley-de-extradicion\\\/#article\",\"isPartOf\":{\"@id\":\"https:\\\/\\\/canal7slp.tv\\\/2019\\\/protestas-y-huelga-en-hong-kong-contra-ley-de-extradicion\\\/\"},\"author\":{\"name\":\"edicionweb\",\"@id\":\"https:\\\/\\\/canal7slp.tv\\\/2019\\\/#\\\/schema\\\/person\\\/11d941c1c6ca30ac0a46b95fa37aa2e3\"},\"headline\":\"Protestas y huelga en Hong Kong contra ley de extradici\u00f3n\",\"datePublished\":\"2019-06-11T18:49:53+00:00\",\"mainEntityOfPage\":{\"@id\":\"https:\\\/\\\/canal7slp.tv\\\/2019\\\/protestas-y-huelga-en-hong-kong-contra-ley-de-extradicion\\\/\"},\"wordCount\":566,\"commentCount\":0,\"publisher\":{\"@id\":\"https:\\\/\\\/canal7slp.tv\\\/2019\\\/#organization\"},\"image\":{\"@id\":\"https:\\\/\\\/canal7slp.tv\\\/2019\\\/protestas-y-huelga-en-hong-kong-contra-ley-de-extradicion\\\/#primaryimage\"},\"thumbnailUrl\":\"https:\\\/\\\/canal7slp.tv\\\/2019\\\/wp-content\\\/uploads\\\/2019\\\/06\\\/17-5.jpg\",\"articleSection\":[\"INTERNACIONAL\"],\"inLanguage\":\"es\",\"potentialAction\":[{\"@type\":\"CommentAction\",\"name\":\"Comment\",\"target\":[\"https:\\\/\\\/canal7slp.tv\\\/2019\\\/protestas-y-huelga-en-hong-kong-contra-ley-de-extradicion\\\/#respond\"]}]},{\"@type\":\"WebPage\",\"@id\":\"https:\\\/\\\/canal7slp.tv\\\/2019\\\/protestas-y-huelga-en-hong-kong-contra-ley-de-extradicion\\\/\",\"url\":\"https:\\\/\\\/canal7slp.tv\\\/2019\\\/protestas-y-huelga-en-hong-kong-contra-ley-de-extradicion\\\/\",\"name\":\"Protestas y huelga en Hong Kong contra ley de extradici\u00f3n - Canal 7 SLP - 2019\",\"isPartOf\":{\"@id\":\"https:\\\/\\\/canal7slp.tv\\\/2019\\\/#website\"},\"primaryImageOfPage\":{\"@id\":\"https:\\\/\\\/canal7slp.tv\\\/2019\\\/protestas-y-huelga-en-hong-kong-contra-ley-de-extradicion\\\/#primaryimage\"},\"image\":{\"@id\":\"https:\\\/\\\/canal7slp.tv\\\/2019\\\/protestas-y-huelga-en-hong-kong-contra-ley-de-extradicion\\\/#primaryimage\"},\"thumbnailUrl\":\"https:\\\/\\\/canal7slp.tv\\\/2019\\\/wp-content\\\/uploads\\\/2019\\\/06\\\/17-5.jpg\",\"datePublished\":\"2019-06-11T18:49:53+00:00\",\"breadcrumb\":{\"@id\":\"https:\\\/\\\/canal7slp.tv\\\/2019\\\/protestas-y-huelga-en-hong-kong-contra-ley-de-extradicion\\\/#breadcrumb\"},\"inLanguage\":\"es\",\"potentialAction\":[{\"@type\":\"ReadAction\",\"target\":[\"https:\\\/\\\/canal7slp.tv\\\/2019\\\/protestas-y-huelga-en-hong-kong-contra-ley-de-extradicion\\\/\"]}]},{\"@type\":\"ImageObject\",\"inLanguage\":\"es\",\"@id\":\"https:\\\/\\\/canal7slp.tv\\\/2019\\\/protestas-y-huelga-en-hong-kong-contra-ley-de-extradicion\\\/#primaryimage\",\"url\":\"https:\\\/\\\/canal7slp.tv\\\/2019\\\/wp-content\\\/uploads\\\/2019\\\/06\\\/17-5.jpg\",\"contentUrl\":\"https:\\\/\\\/canal7slp.tv\\\/2019\\\/wp-content\\\/uploads\\\/2019\\\/06\\\/17-5.jpg\",\"width\":728,\"height\":410},{\"@type\":\"BreadcrumbList\",\"@id\":\"https:\\\/\\\/canal7slp.tv\\\/2019\\\/protestas-y-huelga-en-hong-kong-contra-ley-de-extradicion\\\/#breadcrumb\",\"itemListElement\":[{\"@type\":\"ListItem\",\"position\":1,\"name\":\"Home\",\"item\":\"https:\\\/\\\/canal7slp.tv\\\/2019\\\/\"},{\"@type\":\"ListItem\",\"position\":2,\"name\":\"Protestas y huelga en Hong Kong contra ley de extradici\u00f3n\"}]},{\"@type\":\"WebSite\",\"@id\":\"https:\\\/\\\/canal7slp.tv\\\/2019\\\/#website\",\"url\":\"https:\\\/\\\/canal7slp.tv\\\/2019\\\/\",\"name\":\"Canal 7 SLP - Somos TV\",\"description\":\"Somos un Canal de 10\",\"publisher\":{\"@id\":\"https:\\\/\\\/canal7slp.tv\\\/2019\\\/#organization\"},\"potentialAction\":[{\"@type\":\"SearchAction\",\"target\":{\"@type\":\"EntryPoint\",\"urlTemplate\":\"https:\\\/\\\/canal7slp.tv\\\/2019\\\/?s={search_term_string}\"},\"query-input\":{\"@type\":\"PropertyValueSpecification\",\"valueRequired\":true,\"valueName\":\"search_term_string\"}}],\"inLanguage\":\"es\"},{\"@type\":\"Organization\",\"@id\":\"https:\\\/\\\/canal7slp.tv\\\/2019\\\/#organization\",\"name\":\"Comunicaci\u00f3n 2000 S.A. de C.V.\",\"url\":\"https:\\\/\\\/canal7slp.tv\\\/2019\\\/\",\"logo\":{\"@type\":\"ImageObject\",\"inLanguage\":\"es\",\"@id\":\"https:\\\/\\\/canal7slp.tv\\\/2019\\\/#\\\/schema\\\/logo\\\/image\\\/\",\"url\":\"https:\\\/\\\/canal7slp.tv\\\/2019\\\/wp-content\\\/uploads\\\/2019\\\/07\\\/logo-c7.png\",\"contentUrl\":\"https:\\\/\\\/canal7slp.tv\\\/2019\\\/wp-content\\\/uploads\\\/2019\\\/07\\\/logo-c7.png\",\"width\":220,\"height\":60,\"caption\":\"Comunicaci\u00f3n 2000 S.A. de C.V.\"},\"image\":{\"@id\":\"https:\\\/\\\/canal7slp.tv\\\/2019\\\/#\\\/schema\\\/logo\\\/image\\\/\"},\"sameAs\":[\"https:\\\/\\\/www.facebook.com\\\/CANAL7SLP\\\/\",\"https:\\\/\\\/x.com\\\/canal7_slp\",\"https:\\\/\\\/www.instagram.com\\\/canal7_slp\",\"https:\\\/\\\/www.youtube.com\\\/user\\\/NOTICIEROSCANAL7SLP\\\/\"]},{\"@type\":\"Person\",\"@id\":\"https:\\\/\\\/canal7slp.tv\\\/2019\\\/#\\\/schema\\\/person\\\/11d941c1c6ca30ac0a46b95fa37aa2e3\",\"name\":\"edicionweb\",\"image\":{\"@type\":\"ImageObject\",\"inLanguage\":\"es\",\"@id\":\"https:\\\/\\\/secure.gravatar.com\\\/avatar\\\/eee448fc3f7164808013b816ba91ac7e43bbe82a70bebac296f8bc6f0addaa1a?s=96&d=mm&r=g\",\"url\":\"https:\\\/\\\/secure.gravatar.com\\\/avatar\\\/eee448fc3f7164808013b816ba91ac7e43bbe82a70bebac296f8bc6f0addaa1a?s=96&d=mm&r=g\",\"contentUrl\":\"https:\\\/\\\/secure.gravatar.com\\\/avatar\\\/eee448fc3f7164808013b816ba91ac7e43bbe82a70bebac296f8bc6f0addaa1a?s=96&d=mm&r=g\",\"caption\":\"edicionweb\"}}]}<\/script>\n<!-- \/ Yoast SEO plugin. -->","yoast_head_json":{"title":"Protestas y huelga en Hong Kong contra ley de extradici\u00f3n - Canal 7 SLP - 2019","robots":{"index":"index","follow":"follow","max-snippet":"max-snippet:-1","max-image-preview":"max-image-preview:large","max-video-preview":"max-video-preview:-1"},"canonical":"https:\/\/canal7slp.tv\/2019\/protestas-y-huelga-en-hong-kong-contra-ley-de-extradicion\/","og_locale":"es_ES","og_type":"article","og_title":"Protestas y huelga en Hong Kong contra ley de extradici\u00f3n - Canal 7 SLP - 2019","og_description":"Hong Kong.- Los ciudadanos de Hong Kong fueron convocados para participar este mi\u00e9rcoles en multitudinarias protestas y en un paro general contra la propuesta de ley de extradici\u00f3n a China que se someter\u00e1 ma\u00f1ana a una segunda lectura, cuya aprobaci\u00f3n podr\u00eda realizarse la pr\u00f3xima semana. Los ciudadanos se organizan para participar en las diferentes movilizaciones [&hellip;]","og_url":"https:\/\/canal7slp.tv\/2019\/protestas-y-huelga-en-hong-kong-contra-ley-de-extradicion\/","og_site_name":"Canal 7 SLP - 2019","article_publisher":"https:\/\/www.facebook.com\/CANAL7SLP\/","article_published_time":"2019-06-11T18:49:53+00:00","og_image":[{"width":728,"height":410,"url":"https:\/\/canal7slp.tv\/2019\/wp-content\/uploads\/2019\/06\/17-5.jpg","type":"image\/jpeg"}],"author":"edicionweb","twitter_card":"summary_large_image","twitter_creator":"@canal7_slp","twitter_site":"@canal7_slp","twitter_misc":{"Escrito por":"edicionweb","Tiempo de lectura":"3 minutos"},"schema":{"@context":"https:\/\/schema.org","@graph":[{"@type":"Article","@id":"https:\/\/canal7slp.tv\/2019\/protestas-y-huelga-en-hong-kong-contra-ley-de-extradicion\/#article","isPartOf":{"@id":"https:\/\/canal7slp.tv\/2019\/protestas-y-huelga-en-hong-kong-contra-ley-de-extradicion\/"},"author":{"name":"edicionweb","@id":"https:\/\/canal7slp.tv\/2019\/#\/schema\/person\/11d941c1c6ca30ac0a46b95fa37aa2e3"},"headline":"Protestas y huelga en Hong Kong contra ley de extradici\u00f3n","datePublished":"2019-06-11T18:49:53+00:00","mainEntityOfPage":{"@id":"https:\/\/canal7slp.tv\/2019\/protestas-y-huelga-en-hong-kong-contra-ley-de-extradicion\/"},"wordCount":566,"commentCount":0,"publisher":{"@id":"https:\/\/canal7slp.tv\/2019\/#organization"},"image":{"@id":"https:\/\/canal7slp.tv\/2019\/protestas-y-huelga-en-hong-kong-contra-ley-de-extradicion\/#primaryimage"},"thumbnailUrl":"https:\/\/canal7slp.tv\/2019\/wp-content\/uploads\/2019\/06\/17-5.jpg","articleSection":["INTERNACIONAL"],"inLanguage":"es","potentialAction":[{"@type":"CommentAction","name":"Comment","target":["https:\/\/canal7slp.tv\/2019\/protestas-y-huelga-en-hong-kong-contra-ley-de-extradicion\/#respond"]}]},{"@type":"WebPage","@id":"https:\/\/canal7slp.tv\/2019\/protestas-y-huelga-en-hong-kong-contra-ley-de-extradicion\/","url":"https:\/\/canal7slp.tv\/2019\/protestas-y-huelga-en-hong-kong-contra-ley-de-extradicion\/","name":"Protestas y huelga en Hong Kong contra ley de extradici\u00f3n - Canal 7 SLP - 2019","isPartOf":{"@id":"https:\/\/canal7slp.tv\/2019\/#website"},"primaryImageOfPage":{"@id":"https:\/\/canal7slp.tv\/2019\/protestas-y-huelga-en-hong-kong-contra-ley-de-extradicion\/#primaryimage"},"image":{"@id":"https:\/\/canal7slp.tv\/2019\/protestas-y-huelga-en-hong-kong-contra-ley-de-extradicion\/#primaryimage"},"thumbnailUrl":"https:\/\/canal7slp.tv\/2019\/wp-content\/uploads\/2019\/06\/17-5.jpg","datePublished":"2019-06-11T18:49:53+00:00","breadcrumb":{"@id":"https:\/\/canal7slp.tv\/2019\/protestas-y-huelga-en-hong-kong-contra-ley-de-extradicion\/#breadcrumb"},"inLanguage":"es","potentialAction":[{"@type":"ReadAction","target":["https:\/\/canal7slp.tv\/2019\/protestas-y-huelga-en-hong-kong-contra-ley-de-extradicion\/"]}]},{"@type":"ImageObject","inLanguage":"es","@id":"https:\/\/canal7slp.tv\/2019\/protestas-y-huelga-en-hong-kong-contra-ley-de-extradicion\/#primaryimage","url":"https:\/\/canal7slp.tv\/2019\/wp-content\/uploads\/2019\/06\/17-5.jpg","contentUrl":"https:\/\/canal7slp.tv\/2019\/wp-content\/uploads\/2019\/06\/17-5.jpg","width":728,"height":410},{"@type":"BreadcrumbList","@id":"https:\/\/canal7slp.tv\/2019\/protestas-y-huelga-en-hong-kong-contra-ley-de-extradicion\/#breadcrumb","itemListElement":[{"@type":"ListItem","position":1,"name":"Home","item":"https:\/\/canal7slp.tv\/2019\/"},{"@type":"ListItem","position":2,"name":"Protestas y huelga en Hong Kong contra ley de extradici\u00f3n"}]},{"@type":"WebSite","@id":"https:\/\/canal7slp.tv\/2019\/#website","url":"https:\/\/canal7slp.tv\/2019\/","name":"Canal 7 SLP - Somos TV","description":"Somos un Canal de 10","publisher":{"@id":"https:\/\/canal7slp.tv\/2019\/#organization"},"potentialAction":[{"@type":"SearchAction","target":{"@type":"EntryPoint","urlTemplate":"https:\/\/canal7slp.tv\/2019\/?s={search_term_string}"},"query-input":{"@type":"PropertyValueSpecification","valueRequired":true,"valueName":"search_term_string"}}],"inLanguage":"es"},{"@type":"Organization","@id":"https:\/\/canal7slp.tv\/2019\/#organization","name":"Comunicaci\u00f3n 2000 S.A. de C.V.","url":"https:\/\/canal7slp.tv\/2019\/","logo":{"@type":"ImageObject","inLanguage":"es","@id":"https:\/\/canal7slp.tv\/2019\/#\/schema\/logo\/image\/","url":"https:\/\/canal7slp.tv\/2019\/wp-content\/uploads\/2019\/07\/logo-c7.png","contentUrl":"https:\/\/canal7slp.tv\/2019\/wp-content\/uploads\/2019\/07\/logo-c7.png","width":220,"height":60,"caption":"Comunicaci\u00f3n 2000 S.A. de C.V."},"image":{"@id":"https:\/\/canal7slp.tv\/2019\/#\/schema\/logo\/image\/"},"sameAs":["https:\/\/www.facebook.com\/CANAL7SLP\/","https:\/\/x.com\/canal7_slp","https:\/\/www.instagram.com\/canal7_slp","https:\/\/www.youtube.com\/user\/NOTICIEROSCANAL7SLP\/"]},{"@type":"Person","@id":"https:\/\/canal7slp.tv\/2019\/#\/schema\/person\/11d941c1c6ca30ac0a46b95fa37aa2e3","name":"edicionweb","image":{"@type":"ImageObject","inLanguage":"es","@id":"https:\/\/secure.gravatar.com\/avatar\/eee448fc3f7164808013b816ba91ac7e43bbe82a70bebac296f8bc6f0addaa1a?s=96&d=mm&r=g","url":"https:\/\/secure.gravatar.com\/avatar\/eee448fc3f7164808013b816ba91ac7e43bbe82a70bebac296f8bc6f0addaa1a?s=96&d=mm&r=g","contentUrl":"https:\/\/secure.gravatar.com\/avatar\/eee448fc3f7164808013b816ba91ac7e43bbe82a70bebac296f8bc6f0addaa1a?s=96&d=mm&r=g","caption":"edicionweb"}}]}},"amp_enabled":true,"cmb2":{"video_ids_in_playlist":{"vid_p_videos":""},"video_ids_in_channel":{"vid_c_videos":""},"playlist_ids_in_channel":{"vid_c_playlists":""},"series_ids_in_channel":{"vid_c_series":""},"channel_images":{"vid_c_logo":"","vid_c_banner":""},"poster_feature_image":{"vid_m_poster_image":""},"gif_feature_image":{"vid_m_gif_image":""},"video_movie_settings":{"vid_m_director":"","vid_m_actor":"","vid_m_imdb_ratings":"","vid_m_amazon_associates":""},"vid_youtube_broadcasts_settings":{"vid_yb_broadcast_title":"","vid_yb_q":"","vid_yb_channelid":"","vid_yb_videocategoryid":"","vid_yb_maxresults":"","vid_yb_order":"","vid_yb_regioncode":"","vid_yb_videosyndicated":"","vid_yb_style":"","vid_yb_reload_first":""},"video_series_settings":{"vid_m_director":"","vid_m_actor":"","vid_m_imdb_ratings":"","video_series_group":""},"amazon_associates_settings":{"amazon_associates":"","amazon_native_ad":""},"vid_youtube_automatic_settings":{"vid_ya_youtube_source":"","vid_ya_update_every":"","vid_ya_update_unit":"","vid_ya_categories":"","vid_ya_published_after":"","vid_ya_published_before":"","vid_ya_playlists":"","vid_ya_channels":"","vid_ya_director":"","vid_ya_actor":"","vid_ya_author":"","vid_ya_import_post_date":"","vid_ya_status":"","vid_ya_sub_api_key":""},"vid_ads_m_videoads_settings_post":{"vid_ads_m_video_ads":"","vid_ads_m_video_ads_type":"","vid_ads_m_group_google_ima":"","vid_ads_m_group_image":"","vid_ads_m_group_html5_video":"","vid_ads_m_group_html":"","vid_ads_m_vast_preroll":"","vid_ads_m_vast_postroll":"","vid_ads_m_vast_pauseroll":"","vid_ads_m_vast_midroll":[{"vid_ads_m_vast_timer_seconds":"50"}],"vid_ads_m_time_to_show_ads":"","vid_ads_m_time_skip_ads":"","vid_ads_m_time_to_hide_ads":""},"page_slider_settings":{"display_slider_group":"","page_slider_group":""},"blog_page_settings":{"blog_page_title":"","blog_page_heading":"","blog_page_ic":"","blog_page_it":"","blog_page_ec":"","blog_page_ip":"","archive_loop_style":"","blog_image_ratio":"","blog_show_categories":"","blog_show_excerpt":"","blog_show_author":"","blog_show_date":"","blog_show_comment_count":"","blog_show_view_count":"","blog_show_like_count":"","blog_show_dislike_count":"","blog_items_per_page":"","blog_pag_type":""},"page_options":{"get_page_template":"","color_mode":"","main_layout":"","main_layout_full_with":"","main_logo":"","main_logo_retina":"","main_logo_mobile":"","main_logo_mobile_retina":"","sticky_logo":"","sticky_logo_retina":"","main_nav_layout":"","ajax_search":"","header_background":"","theme_sidebar":"","instagram_feed":"","instagram_feed_position":"","popular_videos":"","popular_videos_title_1":"","popular_videos_title_2":"","popular_videos_ic":"","popular_videos_it":"","theme_background":"","page_custom_css":""},"feature_image_settings":{"feature_image_position":""},"video_player_settings":{"single_video_style":"","video_player_position":"","vm_video_url":"","video_player_library":"","video_streaming":"","vm_media_sources":"","vid_auto_play":"","vm_video_shortcode":"","vid_p_sync_playlist":"","vid_c_sync_channel":"","get_post_format":"","multiple_links_structure":"default","multi_links_title":"","vm_video_multi_links":"","vm_duration":"","vid_social_locker":"off","vid_social_locker_id":"","vid_membership_action":"content-video","vm_video_trailer_url":"","vid_download_type":"free","vid_download_target":"download","vid_woo_product":"","vm_media_download":"","user_rating":"","user_rating_position":"","user_rating_mode":"","user_rating_multi_sets":""},"video_auto_fetch_settings":{"vm_video_fetch":"on"},"video_fake_views_likes":{"vm_fake_views":"","vm_fake_likes":"","vm_fake_dislikes":""},"gallery_settings":{"gallery_position":""},"quote_settings":{"quote_position":""},"post_options":{"main_layout":"","main_logo":"","main_logo_retina":"","main_logo_mobile":"","main_logo_mobile_retina":"","sticky_logo":"","sticky_logo_retina":"","main_nav_layout":"","header_background":"","theme_sidebar":"","single_post_comment_type":"","theme_background":""}},"_links":{"self":[{"href":"https:\/\/canal7slp.tv\/2019\/wp-json\/wp\/v2\/posts\/12423","targetHints":{"allow":["GET"]}}],"collection":[{"href":"https:\/\/canal7slp.tv\/2019\/wp-json\/wp\/v2\/posts"}],"about":[{"href":"https:\/\/canal7slp.tv\/2019\/wp-json\/wp\/v2\/types\/post"}],"author":[{"embeddable":true,"href":"https:\/\/canal7slp.tv\/2019\/wp-json\/wp\/v2\/users\/2"}],"replies":[{"embeddable":true,"href":"https:\/\/canal7slp.tv\/2019\/wp-json\/wp\/v2\/comments?post=12423"}],"version-history":[{"count":0,"href":"https:\/\/canal7slp.tv\/2019\/wp-json\/wp\/v2\/posts\/12423\/revisions"}],"wp:featuredmedia":[{"embeddable":true,"href":"https:\/\/canal7slp.tv\/2019\/wp-json\/wp\/v2\/media\/12427"}],"wp:attachment":[{"href":"https:\/\/canal7slp.tv\/2019\/wp-json\/wp\/v2\/media?parent=12423"}],"wp:term":[{"taxonomy":"category","embeddable":true,"href":"https:\/\/canal7slp.tv\/2019\/wp-json\/wp\/v2\/categories?post=12423"},{"taxonomy":"post_tag","embeddable":true,"href":"https:\/\/canal7slp.tv\/2019\/wp-json\/wp\/v2\/tags?post=12423"}],"curies":[{"name":"wp","href":"https:\/\/api.w.org\/{rel}","templated":true}]}}