{"id":12420,"date":"2019-06-11T13:43:01","date_gmt":"2019-06-11T18:43:01","guid":{"rendered":"https:\/\/canal7slp.tv\/2019\/?p=12420"},"modified":"2019-06-11T13:43:01","modified_gmt":"2019-06-11T18:43:01","slug":"pide-coparmex-dar-con-responsables-del-asesinato-de-norberto-ronquillo","status":"publish","type":"post","link":"https:\/\/canal7slp.tv\/2019\/pide-coparmex-dar-con-responsables-del-asesinato-de-norberto-ronquillo\/","title":{"rendered":"Pide Coparmex dar con responsables del asesinato de Norberto Ronquillo"},"content":{"rendered":"<p style=\"text-align: justify\">M\u00e9xico.- El presidente de la Confederaci\u00f3n Patronal de la Rep\u00fablica Mexicana (Coparmex) Ciudad de M\u00e9xico, Jes\u00fas Padilla Zenteno, llam\u00f3 a la jefa de Gobierno Claudia Sheinbaum a dar con los responsables \u201ca la brevedad posible\u201d del secuestro y asesinato del joven universitario Norberto Ronquillo Hern\u00e1ndez.<\/p>\n<p style=\"text-align: justify\">\u201cEn este caso tan doloroso, la Coparmex Ciudad de M\u00e9xico se une a la exigencia firme pero respetuosa a la jefa de Gobierno y al gabinete de seguridad, as\u00ed como a las autoridades de justicia, para dar con los responsables de este asesinato a la brevedad posible\u201d, el dirigente empresarial consider\u00f3 que las acciones contra la inseguridad ha sido err\u00e1ticas y sin contundencia.<\/p>\n<p style=\"text-align: justify\">Dijo en conferencia de prensa que la Ciudad de M\u00e9xico pasa por un proceso de descomposici\u00f3n en su seguridad y su paz, \u201cy hoy ya no importa si \u00e9sta fue heredada o se deton\u00f3 en los \u00faltimos meses\u201d.<\/p>\n<p style=\"text-align: justify\">El aumento en los indicadores de homicidios dolosos, as\u00ed como de la violencia a los transe\u00fantes, en el transporte p\u00fablico y en las v\u00edas de comunicaci\u00f3n saturadas por el tr\u00e1fico, ya son insostenibles, se\u00f1al\u00f3.<\/p>\n<p style=\"text-align: justify\">Padilla Zenteno\u00a0llam\u00f3 por ello al gobierno de la Ciudad de M\u00e9xico, al Congreso local y al Poder Judicial, a reconocer que la principal problem\u00e1tica que atenta contra la tranquilidad y paz de la capital es la seguridad p\u00fablica.<\/p>\n<p style=\"text-align: justify\">Ante los problemas de inseguridad que se viven en la capital del pa\u00eds no se puede pedir en este momento la renuncia de la jefa de Gobierno de la capital o de alg\u00fan otro funcionario, ya que este es un problema que sucede en todo el pa\u00eds.<\/p>\n<p style=\"text-align: justify\">Sin embargo, indic\u00f3, hay un cintur\u00f3n de inseguridad que rodea a la Ciudad de M\u00e9xico, que es el Estado de M\u00e9xico, y \u201csab\u00edamos hace a\u00f1os que esto tarde o temprano iba a contaminar a los capitalinos y lamentablemente lo estamos viviendo\u201d.<\/p>\n<p style=\"text-align: justify\">\u201cEn la Coparmex entendemos la ola de indignaci\u00f3n que est\u00e1 causando la inseguridad y los casos terribles como el de Norberto Ronquillo y el de otros j\u00f3venes y ciudadanos, pero somos claros en se\u00f1alar como un inadecuado lucro pol\u00edtico el solicitar la renuncia de la jefa de Gobierno\u201d.<\/p>\n<p style=\"text-align: justify\">Record\u00f3 que en la capital del pa\u00eds hay un gobierno leg\u00edtimamente electo, que debe entender y atender la problem\u00e1tica \u201cen todas sus \u00e1reas de seguridad, en la procuraci\u00f3n e impartici\u00f3n de justicia, as\u00ed como de una amplia participaci\u00f3n y vigilancia ciudadana\u201d.<\/p>\n<p style=\"text-align: justify\">De acuerdo con datos de Coparmex local, el porcentaje de las empresas que son v\u00edctimas de un delito alcanza, tan s\u00f3lo en el mes de febrero, 32 por ciento, pero hacia los siguientes meses se ubica ya en casi 70 por ciento.<\/p>\n<p style=\"text-align: justify\">Por tanto, advirti\u00f3, las acciones para contener la violencia en la Ciudad de M\u00e9xico han sido err\u00e1ticas y ha faltado contundencia en la parte de investigaci\u00f3n.<\/p>\n","protected":false},"excerpt":{"rendered":"<p>M\u00e9xico.- El presidente de la Confederaci\u00f3n Patronal de la Rep\u00fablica Mexicana (Coparmex) Ciudad de M\u00e9xico, Jes\u00fas Padilla Zenteno, llam\u00f3 a la jefa de Gobierno Claudia Sheinbaum a dar con los responsables \u201ca la brevedad posible\u201d del secuestro y asesinato del joven universitario Norberto Ronquillo Hern\u00e1ndez. \u201cEn este caso tan doloroso, la Coparmex Ciudad de M\u00e9xico [&hellip;]<\/p>\n","protected":false},"author":2,"featured_media":12424,"comment_status":"open","ping_status":"closed","sticky":false,"template":"","format":"standard","meta":{"footnotes":""},"categories":[98],"tags":[],"class_list":["post-12420","post","type-post","status-publish","format-standard","has-post-thumbnail","hentry","category-finanzas"],"yoast_head":"<!-- This site is optimized with the Yoast SEO plugin v27.5 - https:\/\/yoast.com\/product\/yoast-seo-wordpress\/ -->\n<title>Pide Coparmex dar con responsables del asesinato de Norberto Ronquillo - Canal 7 SLP - 2019<\/title>\n<meta name=\"robots\" content=\"index, follow, max-snippet:-1, max-image-preview:large, max-video-preview:-1\" \/>\n<link rel=\"canonical\" href=\"https:\/\/canal7slp.tv\/2019\/pide-coparmex-dar-con-responsables-del-asesinato-de-norberto-ronquillo\/\" \/>\n<meta property=\"og:locale\" content=\"es_ES\" \/>\n<meta property=\"og:type\" content=\"article\" \/>\n<meta property=\"og:title\" content=\"Pide Coparmex dar con responsables del asesinato de Norberto Ronquillo - Canal 7 SLP - 2019\" \/>\n<meta property=\"og:description\" content=\"M\u00e9xico.- El presidente de la Confederaci\u00f3n Patronal de la Rep\u00fablica Mexicana (Coparmex) Ciudad de M\u00e9xico, Jes\u00fas Padilla Zenteno, llam\u00f3 a la jefa de Gobierno Claudia Sheinbaum a dar con los responsables \u201ca la brevedad posible\u201d del secuestro y asesinato del joven universitario Norberto Ronquillo Hern\u00e1ndez. \u201cEn este caso tan doloroso, la Coparmex Ciudad de M\u00e9xico [&hellip;]\" \/>\n<meta property=\"og:url\" content=\"https:\/\/canal7slp.tv\/2019\/pide-coparmex-dar-con-responsables-del-asesinato-de-norberto-ronquillo\/\" \/>\n<meta property=\"og:site_name\" content=\"Canal 7 SLP - 2019\" \/>\n<meta property=\"article:publisher\" content=\"https:\/\/www.facebook.com\/CANAL7SLP\/\" \/>\n<meta property=\"article:published_time\" content=\"2019-06-11T18:43:01+00:00\" \/>\n<meta property=\"og:image\" content=\"https:\/\/canal7slp.tv\/2019\/wp-content\/uploads\/2019\/06\/16.jpeg\" \/>\n\t<meta property=\"og:image:width\" content=\"659\" \/>\n\t<meta property=\"og:image:height\" content=\"410\" \/>\n\t<meta property=\"og:image:type\" content=\"image\/jpeg\" \/>\n<meta name=\"author\" content=\"edicionweb\" \/>\n<meta name=\"twitter:card\" content=\"summary_large_image\" \/>\n<meta name=\"twitter:creator\" content=\"@canal7_slp\" \/>\n<meta name=\"twitter:site\" content=\"@canal7_slp\" \/>\n<meta name=\"twitter:label1\" content=\"Escrito por\" \/>\n\t<meta name=\"twitter:data1\" content=\"edicionweb\" \/>\n\t<meta name=\"twitter:label2\" content=\"Tiempo de lectura\" \/>\n\t<meta name=\"twitter:data2\" content=\"3 minutos\" \/>\n<script type=\"application\/ld+json\" class=\"yoast-schema-graph\">{\"@context\":\"https:\\\/\\\/schema.org\",\"@graph\":[{\"@type\":\"Article\",\"@id\":\"https:\\\/\\\/canal7slp.tv\\\/2019\\\/pide-coparmex-dar-con-responsables-del-asesinato-de-norberto-ronquillo\\\/#article\",\"isPartOf\":{\"@id\":\"https:\\\/\\\/canal7slp.tv\\\/2019\\\/pide-coparmex-dar-con-responsables-del-asesinato-de-norberto-ronquillo\\\/\"},\"author\":{\"name\":\"edicionweb\",\"@id\":\"https:\\\/\\\/canal7slp.tv\\\/2019\\\/#\\\/schema\\\/person\\\/11d941c1c6ca30ac0a46b95fa37aa2e3\"},\"headline\":\"Pide Coparmex dar con responsables del asesinato de Norberto Ronquillo\",\"datePublished\":\"2019-06-11T18:43:01+00:00\",\"mainEntityOfPage\":{\"@id\":\"https:\\\/\\\/canal7slp.tv\\\/2019\\\/pide-coparmex-dar-con-responsables-del-asesinato-de-norberto-ronquillo\\\/\"},\"wordCount\":515,\"commentCount\":0,\"publisher\":{\"@id\":\"https:\\\/\\\/canal7slp.tv\\\/2019\\\/#organization\"},\"image\":{\"@id\":\"https:\\\/\\\/canal7slp.tv\\\/2019\\\/pide-coparmex-dar-con-responsables-del-asesinato-de-norberto-ronquillo\\\/#primaryimage\"},\"thumbnailUrl\":\"https:\\\/\\\/canal7slp.tv\\\/2019\\\/wp-content\\\/uploads\\\/2019\\\/06\\\/16.jpeg\",\"articleSection\":[\"FINANZAS\"],\"inLanguage\":\"es\",\"potentialAction\":[{\"@type\":\"CommentAction\",\"name\":\"Comment\",\"target\":[\"https:\\\/\\\/canal7slp.tv\\\/2019\\\/pide-coparmex-dar-con-responsables-del-asesinato-de-norberto-ronquillo\\\/#respond\"]}]},{\"@type\":\"WebPage\",\"@id\":\"https:\\\/\\\/canal7slp.tv\\\/2019\\\/pide-coparmex-dar-con-responsables-del-asesinato-de-norberto-ronquillo\\\/\",\"url\":\"https:\\\/\\\/canal7slp.tv\\\/2019\\\/pide-coparmex-dar-con-responsables-del-asesinato-de-norberto-ronquillo\\\/\",\"name\":\"Pide Coparmex dar con responsables del asesinato de Norberto Ronquillo - Canal 7 SLP - 2019\",\"isPartOf\":{\"@id\":\"https:\\\/\\\/canal7slp.tv\\\/2019\\\/#website\"},\"primaryImageOfPage\":{\"@id\":\"https:\\\/\\\/canal7slp.tv\\\/2019\\\/pide-coparmex-dar-con-responsables-del-asesinato-de-norberto-ronquillo\\\/#primaryimage\"},\"image\":{\"@id\":\"https:\\\/\\\/canal7slp.tv\\\/2019\\\/pide-coparmex-dar-con-responsables-del-asesinato-de-norberto-ronquillo\\\/#primaryimage\"},\"thumbnailUrl\":\"https:\\\/\\\/canal7slp.tv\\\/2019\\\/wp-content\\\/uploads\\\/2019\\\/06\\\/16.jpeg\",\"datePublished\":\"2019-06-11T18:43:01+00:00\",\"breadcrumb\":{\"@id\":\"https:\\\/\\\/canal7slp.tv\\\/2019\\\/pide-coparmex-dar-con-responsables-del-asesinato-de-norberto-ronquillo\\\/#breadcrumb\"},\"inLanguage\":\"es\",\"potentialAction\":[{\"@type\":\"ReadAction\",\"target\":[\"https:\\\/\\\/canal7slp.tv\\\/2019\\\/pide-coparmex-dar-con-responsables-del-asesinato-de-norberto-ronquillo\\\/\"]}]},{\"@type\":\"ImageObject\",\"inLanguage\":\"es\",\"@id\":\"https:\\\/\\\/canal7slp.tv\\\/2019\\\/pide-coparmex-dar-con-responsables-del-asesinato-de-norberto-ronquillo\\\/#primaryimage\",\"url\":\"https:\\\/\\\/canal7slp.tv\\\/2019\\\/wp-content\\\/uploads\\\/2019\\\/06\\\/16.jpeg\",\"contentUrl\":\"https:\\\/\\\/canal7slp.tv\\\/2019\\\/wp-content\\\/uploads\\\/2019\\\/06\\\/16.jpeg\",\"width\":659,\"height\":410},{\"@type\":\"BreadcrumbList\",\"@id\":\"https:\\\/\\\/canal7slp.tv\\\/2019\\\/pide-coparmex-dar-con-responsables-del-asesinato-de-norberto-ronquillo\\\/#breadcrumb\",\"itemListElement\":[{\"@type\":\"ListItem\",\"position\":1,\"name\":\"Home\",\"item\":\"https:\\\/\\\/canal7slp.tv\\\/2019\\\/\"},{\"@type\":\"ListItem\",\"position\":2,\"name\":\"Pide Coparmex dar con responsables del asesinato de Norberto Ronquillo\"}]},{\"@type\":\"WebSite\",\"@id\":\"https:\\\/\\\/canal7slp.tv\\\/2019\\\/#website\",\"url\":\"https:\\\/\\\/canal7slp.tv\\\/2019\\\/\",\"name\":\"Canal 7 SLP - Somos TV\",\"description\":\"Somos un Canal de 10\",\"publisher\":{\"@id\":\"https:\\\/\\\/canal7slp.tv\\\/2019\\\/#organization\"},\"potentialAction\":[{\"@type\":\"SearchAction\",\"target\":{\"@type\":\"EntryPoint\",\"urlTemplate\":\"https:\\\/\\\/canal7slp.tv\\\/2019\\\/?s={search_term_string}\"},\"query-input\":{\"@type\":\"PropertyValueSpecification\",\"valueRequired\":true,\"valueName\":\"search_term_string\"}}],\"inLanguage\":\"es\"},{\"@type\":\"Organization\",\"@id\":\"https:\\\/\\\/canal7slp.tv\\\/2019\\\/#organization\",\"name\":\"Comunicaci\u00f3n 2000 S.A. de C.V.\",\"url\":\"https:\\\/\\\/canal7slp.tv\\\/2019\\\/\",\"logo\":{\"@type\":\"ImageObject\",\"inLanguage\":\"es\",\"@id\":\"https:\\\/\\\/canal7slp.tv\\\/2019\\\/#\\\/schema\\\/logo\\\/image\\\/\",\"url\":\"https:\\\/\\\/canal7slp.tv\\\/2019\\\/wp-content\\\/uploads\\\/2019\\\/07\\\/logo-c7.png\",\"contentUrl\":\"https:\\\/\\\/canal7slp.tv\\\/2019\\\/wp-content\\\/uploads\\\/2019\\\/07\\\/logo-c7.png\",\"width\":220,\"height\":60,\"caption\":\"Comunicaci\u00f3n 2000 S.A. de C.V.\"},\"image\":{\"@id\":\"https:\\\/\\\/canal7slp.tv\\\/2019\\\/#\\\/schema\\\/logo\\\/image\\\/\"},\"sameAs\":[\"https:\\\/\\\/www.facebook.com\\\/CANAL7SLP\\\/\",\"https:\\\/\\\/x.com\\\/canal7_slp\",\"https:\\\/\\\/www.instagram.com\\\/canal7_slp\",\"https:\\\/\\\/www.youtube.com\\\/user\\\/NOTICIEROSCANAL7SLP\\\/\"]},{\"@type\":\"Person\",\"@id\":\"https:\\\/\\\/canal7slp.tv\\\/2019\\\/#\\\/schema\\\/person\\\/11d941c1c6ca30ac0a46b95fa37aa2e3\",\"name\":\"edicionweb\",\"image\":{\"@type\":\"ImageObject\",\"inLanguage\":\"es\",\"@id\":\"https:\\\/\\\/secure.gravatar.com\\\/avatar\\\/eee448fc3f7164808013b816ba91ac7e43bbe82a70bebac296f8bc6f0addaa1a?s=96&d=mm&r=g\",\"url\":\"https:\\\/\\\/secure.gravatar.com\\\/avatar\\\/eee448fc3f7164808013b816ba91ac7e43bbe82a70bebac296f8bc6f0addaa1a?s=96&d=mm&r=g\",\"contentUrl\":\"https:\\\/\\\/secure.gravatar.com\\\/avatar\\\/eee448fc3f7164808013b816ba91ac7e43bbe82a70bebac296f8bc6f0addaa1a?s=96&d=mm&r=g\",\"caption\":\"edicionweb\"}}]}<\/script>\n<!-- \/ Yoast SEO plugin. -->","yoast_head_json":{"title":"Pide Coparmex dar con responsables del asesinato de Norberto Ronquillo - Canal 7 SLP - 2019","robots":{"index":"index","follow":"follow","max-snippet":"max-snippet:-1","max-image-preview":"max-image-preview:large","max-video-preview":"max-video-preview:-1"},"canonical":"https:\/\/canal7slp.tv\/2019\/pide-coparmex-dar-con-responsables-del-asesinato-de-norberto-ronquillo\/","og_locale":"es_ES","og_type":"article","og_title":"Pide Coparmex dar con responsables del asesinato de Norberto Ronquillo - Canal 7 SLP - 2019","og_description":"M\u00e9xico.- El presidente de la Confederaci\u00f3n Patronal de la Rep\u00fablica Mexicana (Coparmex) Ciudad de M\u00e9xico, Jes\u00fas Padilla Zenteno, llam\u00f3 a la jefa de Gobierno Claudia Sheinbaum a dar con los responsables \u201ca la brevedad posible\u201d del secuestro y asesinato del joven universitario Norberto Ronquillo Hern\u00e1ndez. \u201cEn este caso tan doloroso, la Coparmex Ciudad de M\u00e9xico [&hellip;]","og_url":"https:\/\/canal7slp.tv\/2019\/pide-coparmex-dar-con-responsables-del-asesinato-de-norberto-ronquillo\/","og_site_name":"Canal 7 SLP - 2019","article_publisher":"https:\/\/www.facebook.com\/CANAL7SLP\/","article_published_time":"2019-06-11T18:43:01+00:00","og_image":[{"width":659,"height":410,"url":"https:\/\/canal7slp.tv\/2019\/wp-content\/uploads\/2019\/06\/16.jpeg","type":"image\/jpeg"}],"author":"edicionweb","twitter_card":"summary_large_image","twitter_creator":"@canal7_slp","twitter_site":"@canal7_slp","twitter_misc":{"Escrito por":"edicionweb","Tiempo de lectura":"3 minutos"},"schema":{"@context":"https:\/\/schema.org","@graph":[{"@type":"Article","@id":"https:\/\/canal7slp.tv\/2019\/pide-coparmex-dar-con-responsables-del-asesinato-de-norberto-ronquillo\/#article","isPartOf":{"@id":"https:\/\/canal7slp.tv\/2019\/pide-coparmex-dar-con-responsables-del-asesinato-de-norberto-ronquillo\/"},"author":{"name":"edicionweb","@id":"https:\/\/canal7slp.tv\/2019\/#\/schema\/person\/11d941c1c6ca30ac0a46b95fa37aa2e3"},"headline":"Pide Coparmex dar con responsables del asesinato de Norberto Ronquillo","datePublished":"2019-06-11T18:43:01+00:00","mainEntityOfPage":{"@id":"https:\/\/canal7slp.tv\/2019\/pide-coparmex-dar-con-responsables-del-asesinato-de-norberto-ronquillo\/"},"wordCount":515,"commentCount":0,"publisher":{"@id":"https:\/\/canal7slp.tv\/2019\/#organization"},"image":{"@id":"https:\/\/canal7slp.tv\/2019\/pide-coparmex-dar-con-responsables-del-asesinato-de-norberto-ronquillo\/#primaryimage"},"thumbnailUrl":"https:\/\/canal7slp.tv\/2019\/wp-content\/uploads\/2019\/06\/16.jpeg","articleSection":["FINANZAS"],"inLanguage":"es","potentialAction":[{"@type":"CommentAction","name":"Comment","target":["https:\/\/canal7slp.tv\/2019\/pide-coparmex-dar-con-responsables-del-asesinato-de-norberto-ronquillo\/#respond"]}]},{"@type":"WebPage","@id":"https:\/\/canal7slp.tv\/2019\/pide-coparmex-dar-con-responsables-del-asesinato-de-norberto-ronquillo\/","url":"https:\/\/canal7slp.tv\/2019\/pide-coparmex-dar-con-responsables-del-asesinato-de-norberto-ronquillo\/","name":"Pide Coparmex dar con responsables del asesinato de Norberto Ronquillo - Canal 7 SLP - 2019","isPartOf":{"@id":"https:\/\/canal7slp.tv\/2019\/#website"},"primaryImageOfPage":{"@id":"https:\/\/canal7slp.tv\/2019\/pide-coparmex-dar-con-responsables-del-asesinato-de-norberto-ronquillo\/#primaryimage"},"image":{"@id":"https:\/\/canal7slp.tv\/2019\/pide-coparmex-dar-con-responsables-del-asesinato-de-norberto-ronquillo\/#primaryimage"},"thumbnailUrl":"https:\/\/canal7slp.tv\/2019\/wp-content\/uploads\/2019\/06\/16.jpeg","datePublished":"2019-06-11T18:43:01+00:00","breadcrumb":{"@id":"https:\/\/canal7slp.tv\/2019\/pide-coparmex-dar-con-responsables-del-asesinato-de-norberto-ronquillo\/#breadcrumb"},"inLanguage":"es","potentialAction":[{"@type":"ReadAction","target":["https:\/\/canal7slp.tv\/2019\/pide-coparmex-dar-con-responsables-del-asesinato-de-norberto-ronquillo\/"]}]},{"@type":"ImageObject","inLanguage":"es","@id":"https:\/\/canal7slp.tv\/2019\/pide-coparmex-dar-con-responsables-del-asesinato-de-norberto-ronquillo\/#primaryimage","url":"https:\/\/canal7slp.tv\/2019\/wp-content\/uploads\/2019\/06\/16.jpeg","contentUrl":"https:\/\/canal7slp.tv\/2019\/wp-content\/uploads\/2019\/06\/16.jpeg","width":659,"height":410},{"@type":"BreadcrumbList","@id":"https:\/\/canal7slp.tv\/2019\/pide-coparmex-dar-con-responsables-del-asesinato-de-norberto-ronquillo\/#breadcrumb","itemListElement":[{"@type":"ListItem","position":1,"name":"Home","item":"https:\/\/canal7slp.tv\/2019\/"},{"@type":"ListItem","position":2,"name":"Pide Coparmex dar con responsables del asesinato de Norberto Ronquillo"}]},{"@type":"WebSite","@id":"https:\/\/canal7slp.tv\/2019\/#website","url":"https:\/\/canal7slp.tv\/2019\/","name":"Canal 7 SLP - Somos TV","description":"Somos un Canal de 10","publisher":{"@id":"https:\/\/canal7slp.tv\/2019\/#organization"},"potentialAction":[{"@type":"SearchAction","target":{"@type":"EntryPoint","urlTemplate":"https:\/\/canal7slp.tv\/2019\/?s={search_term_string}"},"query-input":{"@type":"PropertyValueSpecification","valueRequired":true,"valueName":"search_term_string"}}],"inLanguage":"es"},{"@type":"Organization","@id":"https:\/\/canal7slp.tv\/2019\/#organization","name":"Comunicaci\u00f3n 2000 S.A. de C.V.","url":"https:\/\/canal7slp.tv\/2019\/","logo":{"@type":"ImageObject","inLanguage":"es","@id":"https:\/\/canal7slp.tv\/2019\/#\/schema\/logo\/image\/","url":"https:\/\/canal7slp.tv\/2019\/wp-content\/uploads\/2019\/07\/logo-c7.png","contentUrl":"https:\/\/canal7slp.tv\/2019\/wp-content\/uploads\/2019\/07\/logo-c7.png","width":220,"height":60,"caption":"Comunicaci\u00f3n 2000 S.A. de C.V."},"image":{"@id":"https:\/\/canal7slp.tv\/2019\/#\/schema\/logo\/image\/"},"sameAs":["https:\/\/www.facebook.com\/CANAL7SLP\/","https:\/\/x.com\/canal7_slp","https:\/\/www.instagram.com\/canal7_slp","https:\/\/www.youtube.com\/user\/NOTICIEROSCANAL7SLP\/"]},{"@type":"Person","@id":"https:\/\/canal7slp.tv\/2019\/#\/schema\/person\/11d941c1c6ca30ac0a46b95fa37aa2e3","name":"edicionweb","image":{"@type":"ImageObject","inLanguage":"es","@id":"https:\/\/secure.gravatar.com\/avatar\/eee448fc3f7164808013b816ba91ac7e43bbe82a70bebac296f8bc6f0addaa1a?s=96&d=mm&r=g","url":"https:\/\/secure.gravatar.com\/avatar\/eee448fc3f7164808013b816ba91ac7e43bbe82a70bebac296f8bc6f0addaa1a?s=96&d=mm&r=g","contentUrl":"https:\/\/secure.gravatar.com\/avatar\/eee448fc3f7164808013b816ba91ac7e43bbe82a70bebac296f8bc6f0addaa1a?s=96&d=mm&r=g","caption":"edicionweb"}}]}},"amp_enabled":true,"cmb2":{"video_ids_in_playlist":{"vid_p_videos":""},"video_ids_in_channel":{"vid_c_videos":""},"playlist_ids_in_channel":{"vid_c_playlists":""},"series_ids_in_channel":{"vid_c_series":""},"channel_images":{"vid_c_logo":"","vid_c_banner":""},"poster_feature_image":{"vid_m_poster_image":""},"gif_feature_image":{"vid_m_gif_image":""},"video_movie_settings":{"vid_m_director":"","vid_m_actor":"","vid_m_imdb_ratings":"","vid_m_amazon_associates":""},"vid_youtube_broadcasts_settings":{"vid_yb_broadcast_title":"","vid_yb_q":"","vid_yb_channelid":"","vid_yb_videocategoryid":"","vid_yb_maxresults":"","vid_yb_order":"","vid_yb_regioncode":"","vid_yb_videosyndicated":"","vid_yb_style":"","vid_yb_reload_first":""},"video_series_settings":{"vid_m_director":"","vid_m_actor":"","vid_m_imdb_ratings":"","video_series_group":""},"amazon_associates_settings":{"amazon_associates":"","amazon_native_ad":""},"vid_youtube_automatic_settings":{"vid_ya_youtube_source":"","vid_ya_update_every":"","vid_ya_update_unit":"","vid_ya_categories":"","vid_ya_published_after":"","vid_ya_published_before":"","vid_ya_playlists":"","vid_ya_channels":"","vid_ya_director":"","vid_ya_actor":"","vid_ya_author":"","vid_ya_import_post_date":"","vid_ya_status":"","vid_ya_sub_api_key":""},"vid_ads_m_videoads_settings_post":{"vid_ads_m_video_ads":"","vid_ads_m_video_ads_type":"","vid_ads_m_group_google_ima":"","vid_ads_m_group_image":"","vid_ads_m_group_html5_video":"","vid_ads_m_group_html":"","vid_ads_m_vast_preroll":"","vid_ads_m_vast_postroll":"","vid_ads_m_vast_pauseroll":"","vid_ads_m_vast_midroll":[{"vid_ads_m_vast_timer_seconds":"50"}],"vid_ads_m_time_to_show_ads":"","vid_ads_m_time_skip_ads":"","vid_ads_m_time_to_hide_ads":""},"page_slider_settings":{"display_slider_group":"","page_slider_group":""},"blog_page_settings":{"blog_page_title":"","blog_page_heading":"","blog_page_ic":"","blog_page_it":"","blog_page_ec":"","blog_page_ip":"","archive_loop_style":"","blog_image_ratio":"","blog_show_categories":"","blog_show_excerpt":"","blog_show_author":"","blog_show_date":"","blog_show_comment_count":"","blog_show_view_count":"","blog_show_like_count":"","blog_show_dislike_count":"","blog_items_per_page":"","blog_pag_type":""},"page_options":{"get_page_template":"","color_mode":"","main_layout":"","main_layout_full_with":"","main_logo":"","main_logo_retina":"","main_logo_mobile":"","main_logo_mobile_retina":"","sticky_logo":"","sticky_logo_retina":"","main_nav_layout":"","ajax_search":"","header_background":"","theme_sidebar":"","instagram_feed":"","instagram_feed_position":"","popular_videos":"","popular_videos_title_1":"","popular_videos_title_2":"","popular_videos_ic":"","popular_videos_it":"","theme_background":"","page_custom_css":""},"feature_image_settings":{"feature_image_position":""},"video_player_settings":{"single_video_style":"","video_player_position":"","vm_video_url":"","video_player_library":"","video_streaming":"","vm_media_sources":"","vid_auto_play":"","vm_video_shortcode":"","vid_p_sync_playlist":"","vid_c_sync_channel":"","get_post_format":"","multiple_links_structure":"default","multi_links_title":"","vm_video_multi_links":"","vm_duration":"","vid_social_locker":"off","vid_social_locker_id":"","vid_membership_action":"content-video","vm_video_trailer_url":"","vid_download_type":"free","vid_download_target":"download","vid_woo_product":"","vm_media_download":"","user_rating":"","user_rating_position":"","user_rating_mode":"","user_rating_multi_sets":""},"video_auto_fetch_settings":{"vm_video_fetch":"on"},"video_fake_views_likes":{"vm_fake_views":"","vm_fake_likes":"","vm_fake_dislikes":""},"gallery_settings":{"gallery_position":""},"quote_settings":{"quote_position":""},"post_options":{"main_layout":"","main_logo":"","main_logo_retina":"","main_logo_mobile":"","main_logo_mobile_retina":"","sticky_logo":"","sticky_logo_retina":"","main_nav_layout":"","header_background":"","theme_sidebar":"","single_post_comment_type":"","theme_background":""}},"_links":{"self":[{"href":"https:\/\/canal7slp.tv\/2019\/wp-json\/wp\/v2\/posts\/12420","targetHints":{"allow":["GET"]}}],"collection":[{"href":"https:\/\/canal7slp.tv\/2019\/wp-json\/wp\/v2\/posts"}],"about":[{"href":"https:\/\/canal7slp.tv\/2019\/wp-json\/wp\/v2\/types\/post"}],"author":[{"embeddable":true,"href":"https:\/\/canal7slp.tv\/2019\/wp-json\/wp\/v2\/users\/2"}],"replies":[{"embeddable":true,"href":"https:\/\/canal7slp.tv\/2019\/wp-json\/wp\/v2\/comments?post=12420"}],"version-history":[{"count":0,"href":"https:\/\/canal7slp.tv\/2019\/wp-json\/wp\/v2\/posts\/12420\/revisions"}],"wp:featuredmedia":[{"embeddable":true,"href":"https:\/\/canal7slp.tv\/2019\/wp-json\/wp\/v2\/media\/12424"}],"wp:attachment":[{"href":"https:\/\/canal7slp.tv\/2019\/wp-json\/wp\/v2\/media?parent=12420"}],"wp:term":[{"taxonomy":"category","embeddable":true,"href":"https:\/\/canal7slp.tv\/2019\/wp-json\/wp\/v2\/categories?post=12420"},{"taxonomy":"post_tag","embeddable":true,"href":"https:\/\/canal7slp.tv\/2019\/wp-json\/wp\/v2\/tags?post=12420"}],"curies":[{"name":"wp","href":"https:\/\/api.w.org\/{rel}","templated":true}]}}