{"id":12401,"date":"2019-06-11T13:06:55","date_gmt":"2019-06-11T18:06:55","guid":{"rendered":"https:\/\/canal7slp.tv\/2019\/?p=12401"},"modified":"2019-06-11T13:06:55","modified_gmt":"2019-06-11T18:06:55","slug":"hoy-inicia-despliegue-de-guardia-nacional-en-frontera-sur-anuncia-ebrard","status":"publish","type":"post","link":"https:\/\/canal7slp.tv\/2019\/hoy-inicia-despliegue-de-guardia-nacional-en-frontera-sur-anuncia-ebrard\/","title":{"rendered":"Hoy inicia despliegue de Guardia Nacional en frontera sur, anuncia Ebrard"},"content":{"rendered":"<p style=\"text-align: justify\">M\u00e9xico.- El secretario de Relaciones Exteriores, Marcelo Ebrard dio a conocer que a partir de este martes iniciar\u00e1 el despliegue de los elementos de la Guardia Nacional en la frontera sur de M\u00e9xico, para respaldar las acciones que realicen las autoridades de migraci\u00f3n.<\/p>\n<p style=\"text-align: justify\">En conferencia de prensa donde el presidente Andr\u00e9s Manuel L\u00f3pez Obrador anunci\u00f3 la creaci\u00f3n de la comisi\u00f3n especial para atender el tema migratorio, neg\u00f3 que la presencia de los efectivos de la corporaci\u00f3n signifique una militarizaci\u00f3n de la frontera, pues \u201clo que hace la Guardia Nacional es respaldar las acciones de la autoridad civil, que es migraci\u00f3n\u201d.<\/p>\n<p style=\"text-align: justify\">\u201cLa militarizaci\u00f3n querr\u00eda decir que vas a ser agresivo, que vas a violentar derechos. No es el objetivo.\u00a0La Guardia Nacional tiene una serie de preceptos en la ley que est\u00e1n aprobados, que se tienen que respetar y la funci\u00f3n principal aqu\u00ed ser\u00eda migraci\u00f3n\u201d, apunt\u00f3.<\/p>\n<p style=\"text-align: justify\">En este contexto, dej\u00f3 en claro que si esta pol\u00edtica \u201cse tratara de que Estados Unidos determin\u00f3 unas l\u00edneas y nosotros las tenemos que seguir, no habr\u00eda habido negociaci\u00f3n ni nada\u201d, y que el prop\u00f3sito es \u201cregular el flujo migratorio de acuerdo a nuestras leyes y a los compromisos que tenemos a nivel internacional y de acuerdo a los principios que tiene este gobierno\u201d.<\/p>\n<p style=\"text-align: justify\">Enfatiz\u00f3 que la funci\u00f3n principal es integrar las condiciones de la Guardia Nacional en la frontera sur, \u201cempezando ya\u201d, y acelerar que se integren para respaldar las instituciones de migraci\u00f3n, que fue uno de los compromisos que adopt\u00f3 M\u00e9xico en la negociaci\u00f3n con el vecino pa\u00eds del norte.<\/p>\n<p style=\"text-align: justify\">En este sentido, indic\u00f3 que ser\u00e1 Francisco Gardu\u00f1o, comisionado del \u00d3rgano Administrativo Desconcentrado de Prevenci\u00f3n y Reinserci\u00f3n Social, quien tenga la responsabilidad de hacer los enlaces con las diferentes \u00e1reas que intervienen en migraci\u00f3n.<\/p>\n<p style=\"text-align: justify\">Expuso que \u201cel punto principal es registrar a las personas, dialogar con las personas y determinar las diferentes opciones que se tienen que manejar con alguien que est\u00e1 en una situaci\u00f3n de migraci\u00f3n\u201d.<\/p>\n<p style=\"text-align: justify\">El canciller tambi\u00e9n afirm\u00f3 que el subsecretario de Bienestar, Javier May, tendr\u00e1 a su cargo el \u00e1rea de Desarrollo y Bienestar, cuyo objetivo es que los migrantes que decidan quedarse en M\u00e9xico reciban \u201cuna atenci\u00f3n correspondiente a nuestra forma y a nuestra estrategia de gobierno, es decir, de darles un trato humanitario\u201d.<\/p>\n<p style=\"text-align: justify\">A su vez, el subsecretario de Empleo de la Secretar\u00eda del Trabajo, Horacio Duarte, tendr\u00e1 la tarea de organizar el plan inmediato para la atenci\u00f3n a migrantes en espera de asilo en el norte del pa\u00eds, ante las gestiones que tienen que realizar para obtener una audiencia en Estados Unidos, y que tengan el respaldo de las autoridades locales y dependencias federales.<\/p>\n<p style=\"text-align: justify\">En este sentido, inform\u00f3 que a la fecha hay poco m\u00e1s de 10 mil personas en esta condici\u00f3n, pero \u201csi tenemos suerte en lo que estamos haciendo, ese n\u00famero no crecer\u00e1 desproporcionadamente, pero hay que prever su atenci\u00f3n, hay que estar ah\u00ed\u201d.<\/p>\n<p style=\"text-align: justify\">Adem\u00e1s, destac\u00f3 que uno de los objetivos de la comisi\u00f3n especial es un sistema de gesti\u00f3n migratoria regional para que todos los pa\u00edses de origen de los migrantes tomen su responsabilidad, pues \u201cM\u00e9xico no puede tomar todas las responsabilidades; tiene que ser compartida\u201d.<\/p>\n<p style=\"text-align: justify\">Ebrard Casaubon record\u00f3 que M\u00e9xico siempre ha mantenido una pol\u00edtica de migraci\u00f3n generosa, en la que cuando una persona pide asilo y busca la condici\u00f3n de refugiado, inmediatamente se inicia el proceso, pero que eso no significa que no se deba tener un control en la frontera.<\/p>\n<p style=\"text-align: justify\">\u201cLo que no podemos hacer, nada m\u00e1s para que valga la pena y tenerlo claro, es tener una buena relaci\u00f3n con nuestro vecino del norte y que pasen miles y miles de personas que ni siquiera est\u00e1n registradas. Eso no existe en ning\u00fan pa\u00eds del mundo\u201d, dijo.<\/p>\n<p style=\"text-align: justify\">Enfatiz\u00f3 que eso \u201cno quiere decir que estemos abandonando nuestros principios, nuestra forma de ver las cosas\u201d, pero que quienes transiten por el territorio mexicano \u201ctienen la obligaci\u00f3n de decirnos qui\u00e9nes son, a qu\u00e9 vienen, tenemos que ver de qu\u00e9 nacionalidad son\u201d o si buscan asilo por razones pol\u00edticas y ejercer lo que la ley dispone.<\/p>\n","protected":false},"excerpt":{"rendered":"<p>M\u00e9xico.- El secretario de Relaciones Exteriores, Marcelo Ebrard dio a conocer que a partir de este martes iniciar\u00e1 el despliegue de los elementos de la Guardia Nacional en la frontera sur de M\u00e9xico, para respaldar las acciones que realicen las autoridades de migraci\u00f3n. En conferencia de prensa donde el presidente Andr\u00e9s Manuel L\u00f3pez Obrador anunci\u00f3 [&hellip;]<\/p>\n","protected":false},"author":2,"featured_media":12403,"comment_status":"open","ping_status":"closed","sticky":false,"template":"","format":"standard","meta":{"footnotes":""},"categories":[30],"tags":[],"class_list":["post-12401","post","type-post","status-publish","format-standard","has-post-thumbnail","hentry","category-nacional"],"yoast_head":"<!-- This site is optimized with the Yoast SEO plugin v27.5 - https:\/\/yoast.com\/product\/yoast-seo-wordpress\/ -->\n<title>Hoy inicia despliegue de Guardia Nacional en frontera sur, anuncia Ebrard - Canal 7 SLP - 2019<\/title>\n<meta name=\"robots\" content=\"index, follow, max-snippet:-1, max-image-preview:large, max-video-preview:-1\" \/>\n<link rel=\"canonical\" href=\"https:\/\/canal7slp.tv\/2019\/hoy-inicia-despliegue-de-guardia-nacional-en-frontera-sur-anuncia-ebrard\/\" \/>\n<meta property=\"og:locale\" content=\"es_ES\" \/>\n<meta property=\"og:type\" content=\"article\" \/>\n<meta property=\"og:title\" content=\"Hoy inicia despliegue de Guardia Nacional en frontera sur, anuncia Ebrard - Canal 7 SLP - 2019\" \/>\n<meta property=\"og:description\" content=\"M\u00e9xico.- El secretario de Relaciones Exteriores, Marcelo Ebrard dio a conocer que a partir de este martes iniciar\u00e1 el despliegue de los elementos de la Guardia Nacional en la frontera sur de M\u00e9xico, para respaldar las acciones que realicen las autoridades de migraci\u00f3n. En conferencia de prensa donde el presidente Andr\u00e9s Manuel L\u00f3pez Obrador anunci\u00f3 [&hellip;]\" \/>\n<meta property=\"og:url\" content=\"https:\/\/canal7slp.tv\/2019\/hoy-inicia-despliegue-de-guardia-nacional-en-frontera-sur-anuncia-ebrard\/\" \/>\n<meta property=\"og:site_name\" content=\"Canal 7 SLP - 2019\" \/>\n<meta property=\"article:publisher\" content=\"https:\/\/www.facebook.com\/CANAL7SLP\/\" \/>\n<meta property=\"article:published_time\" content=\"2019-06-11T18:06:55+00:00\" \/>\n<meta property=\"og:image\" content=\"https:\/\/canal7slp.tv\/2019\/wp-content\/uploads\/2019\/06\/10-8.jpg\" \/>\n\t<meta property=\"og:image:width\" content=\"564\" \/>\n\t<meta property=\"og:image:height\" content=\"410\" \/>\n\t<meta property=\"og:image:type\" content=\"image\/jpeg\" \/>\n<meta name=\"author\" content=\"edicionweb\" \/>\n<meta name=\"twitter:card\" content=\"summary_large_image\" \/>\n<meta name=\"twitter:creator\" content=\"@canal7_slp\" \/>\n<meta name=\"twitter:site\" content=\"@canal7_slp\" \/>\n<meta name=\"twitter:label1\" content=\"Escrito por\" \/>\n\t<meta name=\"twitter:data1\" content=\"edicionweb\" \/>\n\t<meta name=\"twitter:label2\" content=\"Tiempo de lectura\" \/>\n\t<meta name=\"twitter:data2\" content=\"4 minutos\" \/>\n<script type=\"application\/ld+json\" class=\"yoast-schema-graph\">{\"@context\":\"https:\\\/\\\/schema.org\",\"@graph\":[{\"@type\":\"Article\",\"@id\":\"https:\\\/\\\/canal7slp.tv\\\/2019\\\/hoy-inicia-despliegue-de-guardia-nacional-en-frontera-sur-anuncia-ebrard\\\/#article\",\"isPartOf\":{\"@id\":\"https:\\\/\\\/canal7slp.tv\\\/2019\\\/hoy-inicia-despliegue-de-guardia-nacional-en-frontera-sur-anuncia-ebrard\\\/\"},\"author\":{\"name\":\"edicionweb\",\"@id\":\"https:\\\/\\\/canal7slp.tv\\\/2019\\\/#\\\/schema\\\/person\\\/11d941c1c6ca30ac0a46b95fa37aa2e3\"},\"headline\":\"Hoy inicia despliegue de Guardia Nacional en frontera sur, anuncia Ebrard\",\"datePublished\":\"2019-06-11T18:06:55+00:00\",\"mainEntityOfPage\":{\"@id\":\"https:\\\/\\\/canal7slp.tv\\\/2019\\\/hoy-inicia-despliegue-de-guardia-nacional-en-frontera-sur-anuncia-ebrard\\\/\"},\"wordCount\":743,\"commentCount\":0,\"publisher\":{\"@id\":\"https:\\\/\\\/canal7slp.tv\\\/2019\\\/#organization\"},\"image\":{\"@id\":\"https:\\\/\\\/canal7slp.tv\\\/2019\\\/hoy-inicia-despliegue-de-guardia-nacional-en-frontera-sur-anuncia-ebrard\\\/#primaryimage\"},\"thumbnailUrl\":\"https:\\\/\\\/canal7slp.tv\\\/2019\\\/wp-content\\\/uploads\\\/2019\\\/06\\\/10-8.jpg\",\"articleSection\":[\"NACIONAL\"],\"inLanguage\":\"es\",\"potentialAction\":[{\"@type\":\"CommentAction\",\"name\":\"Comment\",\"target\":[\"https:\\\/\\\/canal7slp.tv\\\/2019\\\/hoy-inicia-despliegue-de-guardia-nacional-en-frontera-sur-anuncia-ebrard\\\/#respond\"]}]},{\"@type\":\"WebPage\",\"@id\":\"https:\\\/\\\/canal7slp.tv\\\/2019\\\/hoy-inicia-despliegue-de-guardia-nacional-en-frontera-sur-anuncia-ebrard\\\/\",\"url\":\"https:\\\/\\\/canal7slp.tv\\\/2019\\\/hoy-inicia-despliegue-de-guardia-nacional-en-frontera-sur-anuncia-ebrard\\\/\",\"name\":\"Hoy inicia despliegue de Guardia Nacional en frontera sur, anuncia Ebrard - Canal 7 SLP - 2019\",\"isPartOf\":{\"@id\":\"https:\\\/\\\/canal7slp.tv\\\/2019\\\/#website\"},\"primaryImageOfPage\":{\"@id\":\"https:\\\/\\\/canal7slp.tv\\\/2019\\\/hoy-inicia-despliegue-de-guardia-nacional-en-frontera-sur-anuncia-ebrard\\\/#primaryimage\"},\"image\":{\"@id\":\"https:\\\/\\\/canal7slp.tv\\\/2019\\\/hoy-inicia-despliegue-de-guardia-nacional-en-frontera-sur-anuncia-ebrard\\\/#primaryimage\"},\"thumbnailUrl\":\"https:\\\/\\\/canal7slp.tv\\\/2019\\\/wp-content\\\/uploads\\\/2019\\\/06\\\/10-8.jpg\",\"datePublished\":\"2019-06-11T18:06:55+00:00\",\"breadcrumb\":{\"@id\":\"https:\\\/\\\/canal7slp.tv\\\/2019\\\/hoy-inicia-despliegue-de-guardia-nacional-en-frontera-sur-anuncia-ebrard\\\/#breadcrumb\"},\"inLanguage\":\"es\",\"potentialAction\":[{\"@type\":\"ReadAction\",\"target\":[\"https:\\\/\\\/canal7slp.tv\\\/2019\\\/hoy-inicia-despliegue-de-guardia-nacional-en-frontera-sur-anuncia-ebrard\\\/\"]}]},{\"@type\":\"ImageObject\",\"inLanguage\":\"es\",\"@id\":\"https:\\\/\\\/canal7slp.tv\\\/2019\\\/hoy-inicia-despliegue-de-guardia-nacional-en-frontera-sur-anuncia-ebrard\\\/#primaryimage\",\"url\":\"https:\\\/\\\/canal7slp.tv\\\/2019\\\/wp-content\\\/uploads\\\/2019\\\/06\\\/10-8.jpg\",\"contentUrl\":\"https:\\\/\\\/canal7slp.tv\\\/2019\\\/wp-content\\\/uploads\\\/2019\\\/06\\\/10-8.jpg\",\"width\":564,\"height\":410},{\"@type\":\"BreadcrumbList\",\"@id\":\"https:\\\/\\\/canal7slp.tv\\\/2019\\\/hoy-inicia-despliegue-de-guardia-nacional-en-frontera-sur-anuncia-ebrard\\\/#breadcrumb\",\"itemListElement\":[{\"@type\":\"ListItem\",\"position\":1,\"name\":\"Home\",\"item\":\"https:\\\/\\\/canal7slp.tv\\\/2019\\\/\"},{\"@type\":\"ListItem\",\"position\":2,\"name\":\"Hoy inicia despliegue de Guardia Nacional en frontera sur, anuncia Ebrard\"}]},{\"@type\":\"WebSite\",\"@id\":\"https:\\\/\\\/canal7slp.tv\\\/2019\\\/#website\",\"url\":\"https:\\\/\\\/canal7slp.tv\\\/2019\\\/\",\"name\":\"Canal 7 SLP - Somos TV\",\"description\":\"Somos un Canal de 10\",\"publisher\":{\"@id\":\"https:\\\/\\\/canal7slp.tv\\\/2019\\\/#organization\"},\"potentialAction\":[{\"@type\":\"SearchAction\",\"target\":{\"@type\":\"EntryPoint\",\"urlTemplate\":\"https:\\\/\\\/canal7slp.tv\\\/2019\\\/?s={search_term_string}\"},\"query-input\":{\"@type\":\"PropertyValueSpecification\",\"valueRequired\":true,\"valueName\":\"search_term_string\"}}],\"inLanguage\":\"es\"},{\"@type\":\"Organization\",\"@id\":\"https:\\\/\\\/canal7slp.tv\\\/2019\\\/#organization\",\"name\":\"Comunicaci\u00f3n 2000 S.A. de C.V.\",\"url\":\"https:\\\/\\\/canal7slp.tv\\\/2019\\\/\",\"logo\":{\"@type\":\"ImageObject\",\"inLanguage\":\"es\",\"@id\":\"https:\\\/\\\/canal7slp.tv\\\/2019\\\/#\\\/schema\\\/logo\\\/image\\\/\",\"url\":\"https:\\\/\\\/canal7slp.tv\\\/2019\\\/wp-content\\\/uploads\\\/2019\\\/07\\\/logo-c7.png\",\"contentUrl\":\"https:\\\/\\\/canal7slp.tv\\\/2019\\\/wp-content\\\/uploads\\\/2019\\\/07\\\/logo-c7.png\",\"width\":220,\"height\":60,\"caption\":\"Comunicaci\u00f3n 2000 S.A. de C.V.\"},\"image\":{\"@id\":\"https:\\\/\\\/canal7slp.tv\\\/2019\\\/#\\\/schema\\\/logo\\\/image\\\/\"},\"sameAs\":[\"https:\\\/\\\/www.facebook.com\\\/CANAL7SLP\\\/\",\"https:\\\/\\\/x.com\\\/canal7_slp\",\"https:\\\/\\\/www.instagram.com\\\/canal7_slp\",\"https:\\\/\\\/www.youtube.com\\\/user\\\/NOTICIEROSCANAL7SLP\\\/\"]},{\"@type\":\"Person\",\"@id\":\"https:\\\/\\\/canal7slp.tv\\\/2019\\\/#\\\/schema\\\/person\\\/11d941c1c6ca30ac0a46b95fa37aa2e3\",\"name\":\"edicionweb\",\"image\":{\"@type\":\"ImageObject\",\"inLanguage\":\"es\",\"@id\":\"https:\\\/\\\/secure.gravatar.com\\\/avatar\\\/eee448fc3f7164808013b816ba91ac7e43bbe82a70bebac296f8bc6f0addaa1a?s=96&d=mm&r=g\",\"url\":\"https:\\\/\\\/secure.gravatar.com\\\/avatar\\\/eee448fc3f7164808013b816ba91ac7e43bbe82a70bebac296f8bc6f0addaa1a?s=96&d=mm&r=g\",\"contentUrl\":\"https:\\\/\\\/secure.gravatar.com\\\/avatar\\\/eee448fc3f7164808013b816ba91ac7e43bbe82a70bebac296f8bc6f0addaa1a?s=96&d=mm&r=g\",\"caption\":\"edicionweb\"}}]}<\/script>\n<!-- \/ Yoast SEO plugin. -->","yoast_head_json":{"title":"Hoy inicia despliegue de Guardia Nacional en frontera sur, anuncia Ebrard - Canal 7 SLP - 2019","robots":{"index":"index","follow":"follow","max-snippet":"max-snippet:-1","max-image-preview":"max-image-preview:large","max-video-preview":"max-video-preview:-1"},"canonical":"https:\/\/canal7slp.tv\/2019\/hoy-inicia-despliegue-de-guardia-nacional-en-frontera-sur-anuncia-ebrard\/","og_locale":"es_ES","og_type":"article","og_title":"Hoy inicia despliegue de Guardia Nacional en frontera sur, anuncia Ebrard - Canal 7 SLP - 2019","og_description":"M\u00e9xico.- El secretario de Relaciones Exteriores, Marcelo Ebrard dio a conocer que a partir de este martes iniciar\u00e1 el despliegue de los elementos de la Guardia Nacional en la frontera sur de M\u00e9xico, para respaldar las acciones que realicen las autoridades de migraci\u00f3n. En conferencia de prensa donde el presidente Andr\u00e9s Manuel L\u00f3pez Obrador anunci\u00f3 [&hellip;]","og_url":"https:\/\/canal7slp.tv\/2019\/hoy-inicia-despliegue-de-guardia-nacional-en-frontera-sur-anuncia-ebrard\/","og_site_name":"Canal 7 SLP - 2019","article_publisher":"https:\/\/www.facebook.com\/CANAL7SLP\/","article_published_time":"2019-06-11T18:06:55+00:00","og_image":[{"width":564,"height":410,"url":"https:\/\/canal7slp.tv\/2019\/wp-content\/uploads\/2019\/06\/10-8.jpg","type":"image\/jpeg"}],"author":"edicionweb","twitter_card":"summary_large_image","twitter_creator":"@canal7_slp","twitter_site":"@canal7_slp","twitter_misc":{"Escrito por":"edicionweb","Tiempo de lectura":"4 minutos"},"schema":{"@context":"https:\/\/schema.org","@graph":[{"@type":"Article","@id":"https:\/\/canal7slp.tv\/2019\/hoy-inicia-despliegue-de-guardia-nacional-en-frontera-sur-anuncia-ebrard\/#article","isPartOf":{"@id":"https:\/\/canal7slp.tv\/2019\/hoy-inicia-despliegue-de-guardia-nacional-en-frontera-sur-anuncia-ebrard\/"},"author":{"name":"edicionweb","@id":"https:\/\/canal7slp.tv\/2019\/#\/schema\/person\/11d941c1c6ca30ac0a46b95fa37aa2e3"},"headline":"Hoy inicia despliegue de Guardia Nacional en frontera sur, anuncia Ebrard","datePublished":"2019-06-11T18:06:55+00:00","mainEntityOfPage":{"@id":"https:\/\/canal7slp.tv\/2019\/hoy-inicia-despliegue-de-guardia-nacional-en-frontera-sur-anuncia-ebrard\/"},"wordCount":743,"commentCount":0,"publisher":{"@id":"https:\/\/canal7slp.tv\/2019\/#organization"},"image":{"@id":"https:\/\/canal7slp.tv\/2019\/hoy-inicia-despliegue-de-guardia-nacional-en-frontera-sur-anuncia-ebrard\/#primaryimage"},"thumbnailUrl":"https:\/\/canal7slp.tv\/2019\/wp-content\/uploads\/2019\/06\/10-8.jpg","articleSection":["NACIONAL"],"inLanguage":"es","potentialAction":[{"@type":"CommentAction","name":"Comment","target":["https:\/\/canal7slp.tv\/2019\/hoy-inicia-despliegue-de-guardia-nacional-en-frontera-sur-anuncia-ebrard\/#respond"]}]},{"@type":"WebPage","@id":"https:\/\/canal7slp.tv\/2019\/hoy-inicia-despliegue-de-guardia-nacional-en-frontera-sur-anuncia-ebrard\/","url":"https:\/\/canal7slp.tv\/2019\/hoy-inicia-despliegue-de-guardia-nacional-en-frontera-sur-anuncia-ebrard\/","name":"Hoy inicia despliegue de Guardia Nacional en frontera sur, anuncia Ebrard - Canal 7 SLP - 2019","isPartOf":{"@id":"https:\/\/canal7slp.tv\/2019\/#website"},"primaryImageOfPage":{"@id":"https:\/\/canal7slp.tv\/2019\/hoy-inicia-despliegue-de-guardia-nacional-en-frontera-sur-anuncia-ebrard\/#primaryimage"},"image":{"@id":"https:\/\/canal7slp.tv\/2019\/hoy-inicia-despliegue-de-guardia-nacional-en-frontera-sur-anuncia-ebrard\/#primaryimage"},"thumbnailUrl":"https:\/\/canal7slp.tv\/2019\/wp-content\/uploads\/2019\/06\/10-8.jpg","datePublished":"2019-06-11T18:06:55+00:00","breadcrumb":{"@id":"https:\/\/canal7slp.tv\/2019\/hoy-inicia-despliegue-de-guardia-nacional-en-frontera-sur-anuncia-ebrard\/#breadcrumb"},"inLanguage":"es","potentialAction":[{"@type":"ReadAction","target":["https:\/\/canal7slp.tv\/2019\/hoy-inicia-despliegue-de-guardia-nacional-en-frontera-sur-anuncia-ebrard\/"]}]},{"@type":"ImageObject","inLanguage":"es","@id":"https:\/\/canal7slp.tv\/2019\/hoy-inicia-despliegue-de-guardia-nacional-en-frontera-sur-anuncia-ebrard\/#primaryimage","url":"https:\/\/canal7slp.tv\/2019\/wp-content\/uploads\/2019\/06\/10-8.jpg","contentUrl":"https:\/\/canal7slp.tv\/2019\/wp-content\/uploads\/2019\/06\/10-8.jpg","width":564,"height":410},{"@type":"BreadcrumbList","@id":"https:\/\/canal7slp.tv\/2019\/hoy-inicia-despliegue-de-guardia-nacional-en-frontera-sur-anuncia-ebrard\/#breadcrumb","itemListElement":[{"@type":"ListItem","position":1,"name":"Home","item":"https:\/\/canal7slp.tv\/2019\/"},{"@type":"ListItem","position":2,"name":"Hoy inicia despliegue de Guardia Nacional en frontera sur, anuncia Ebrard"}]},{"@type":"WebSite","@id":"https:\/\/canal7slp.tv\/2019\/#website","url":"https:\/\/canal7slp.tv\/2019\/","name":"Canal 7 SLP - Somos TV","description":"Somos un Canal de 10","publisher":{"@id":"https:\/\/canal7slp.tv\/2019\/#organization"},"potentialAction":[{"@type":"SearchAction","target":{"@type":"EntryPoint","urlTemplate":"https:\/\/canal7slp.tv\/2019\/?s={search_term_string}"},"query-input":{"@type":"PropertyValueSpecification","valueRequired":true,"valueName":"search_term_string"}}],"inLanguage":"es"},{"@type":"Organization","@id":"https:\/\/canal7slp.tv\/2019\/#organization","name":"Comunicaci\u00f3n 2000 S.A. de C.V.","url":"https:\/\/canal7slp.tv\/2019\/","logo":{"@type":"ImageObject","inLanguage":"es","@id":"https:\/\/canal7slp.tv\/2019\/#\/schema\/logo\/image\/","url":"https:\/\/canal7slp.tv\/2019\/wp-content\/uploads\/2019\/07\/logo-c7.png","contentUrl":"https:\/\/canal7slp.tv\/2019\/wp-content\/uploads\/2019\/07\/logo-c7.png","width":220,"height":60,"caption":"Comunicaci\u00f3n 2000 S.A. de C.V."},"image":{"@id":"https:\/\/canal7slp.tv\/2019\/#\/schema\/logo\/image\/"},"sameAs":["https:\/\/www.facebook.com\/CANAL7SLP\/","https:\/\/x.com\/canal7_slp","https:\/\/www.instagram.com\/canal7_slp","https:\/\/www.youtube.com\/user\/NOTICIEROSCANAL7SLP\/"]},{"@type":"Person","@id":"https:\/\/canal7slp.tv\/2019\/#\/schema\/person\/11d941c1c6ca30ac0a46b95fa37aa2e3","name":"edicionweb","image":{"@type":"ImageObject","inLanguage":"es","@id":"https:\/\/secure.gravatar.com\/avatar\/eee448fc3f7164808013b816ba91ac7e43bbe82a70bebac296f8bc6f0addaa1a?s=96&d=mm&r=g","url":"https:\/\/secure.gravatar.com\/avatar\/eee448fc3f7164808013b816ba91ac7e43bbe82a70bebac296f8bc6f0addaa1a?s=96&d=mm&r=g","contentUrl":"https:\/\/secure.gravatar.com\/avatar\/eee448fc3f7164808013b816ba91ac7e43bbe82a70bebac296f8bc6f0addaa1a?s=96&d=mm&r=g","caption":"edicionweb"}}]}},"amp_enabled":true,"cmb2":{"video_ids_in_playlist":{"vid_p_videos":""},"video_ids_in_channel":{"vid_c_videos":""},"playlist_ids_in_channel":{"vid_c_playlists":""},"series_ids_in_channel":{"vid_c_series":""},"channel_images":{"vid_c_logo":"","vid_c_banner":""},"poster_feature_image":{"vid_m_poster_image":""},"gif_feature_image":{"vid_m_gif_image":""},"video_movie_settings":{"vid_m_director":"","vid_m_actor":"","vid_m_imdb_ratings":"","vid_m_amazon_associates":""},"vid_youtube_broadcasts_settings":{"vid_yb_broadcast_title":"","vid_yb_q":"","vid_yb_channelid":"","vid_yb_videocategoryid":"","vid_yb_maxresults":"","vid_yb_order":"","vid_yb_regioncode":"","vid_yb_videosyndicated":"","vid_yb_style":"","vid_yb_reload_first":""},"video_series_settings":{"vid_m_director":"","vid_m_actor":"","vid_m_imdb_ratings":"","video_series_group":""},"amazon_associates_settings":{"amazon_associates":"","amazon_native_ad":""},"vid_youtube_automatic_settings":{"vid_ya_youtube_source":"","vid_ya_update_every":"","vid_ya_update_unit":"","vid_ya_categories":"","vid_ya_published_after":"","vid_ya_published_before":"","vid_ya_playlists":"","vid_ya_channels":"","vid_ya_director":"","vid_ya_actor":"","vid_ya_author":"","vid_ya_import_post_date":"","vid_ya_status":"","vid_ya_sub_api_key":""},"vid_ads_m_videoads_settings_post":{"vid_ads_m_video_ads":"","vid_ads_m_video_ads_type":"","vid_ads_m_group_google_ima":"","vid_ads_m_group_image":"","vid_ads_m_group_html5_video":"","vid_ads_m_group_html":"","vid_ads_m_vast_preroll":"","vid_ads_m_vast_postroll":"","vid_ads_m_vast_pauseroll":"","vid_ads_m_vast_midroll":[{"vid_ads_m_vast_timer_seconds":"50"}],"vid_ads_m_time_to_show_ads":"","vid_ads_m_time_skip_ads":"","vid_ads_m_time_to_hide_ads":""},"page_slider_settings":{"display_slider_group":"","page_slider_group":""},"blog_page_settings":{"blog_page_title":"","blog_page_heading":"","blog_page_ic":"","blog_page_it":"","blog_page_ec":"","blog_page_ip":"","archive_loop_style":"","blog_image_ratio":"","blog_show_categories":"","blog_show_excerpt":"","blog_show_author":"","blog_show_date":"","blog_show_comment_count":"","blog_show_view_count":"","blog_show_like_count":"","blog_show_dislike_count":"","blog_items_per_page":"","blog_pag_type":""},"page_options":{"get_page_template":"","color_mode":"","main_layout":"","main_layout_full_with":"","main_logo":"","main_logo_retina":"","main_logo_mobile":"","main_logo_mobile_retina":"","sticky_logo":"","sticky_logo_retina":"","main_nav_layout":"","ajax_search":"","header_background":"","theme_sidebar":"","instagram_feed":"","instagram_feed_position":"","popular_videos":"","popular_videos_title_1":"","popular_videos_title_2":"","popular_videos_ic":"","popular_videos_it":"","theme_background":"","page_custom_css":""},"feature_image_settings":{"feature_image_position":""},"video_player_settings":{"single_video_style":"","video_player_position":"","vm_video_url":"","video_player_library":"","video_streaming":"","vm_media_sources":"","vid_auto_play":"","vm_video_shortcode":"","vid_p_sync_playlist":"","vid_c_sync_channel":"","get_post_format":"","multiple_links_structure":"default","multi_links_title":"","vm_video_multi_links":"","vm_duration":"","vid_social_locker":"off","vid_social_locker_id":"","vid_membership_action":"content-video","vm_video_trailer_url":"","vid_download_type":"free","vid_download_target":"download","vid_woo_product":"","vm_media_download":"","user_rating":"","user_rating_position":"","user_rating_mode":"","user_rating_multi_sets":""},"video_auto_fetch_settings":{"vm_video_fetch":"on"},"video_fake_views_likes":{"vm_fake_views":"","vm_fake_likes":"","vm_fake_dislikes":""},"gallery_settings":{"gallery_position":""},"quote_settings":{"quote_position":""},"post_options":{"main_layout":"","main_logo":"","main_logo_retina":"","main_logo_mobile":"","main_logo_mobile_retina":"","sticky_logo":"","sticky_logo_retina":"","main_nav_layout":"","header_background":"","theme_sidebar":"","single_post_comment_type":"","theme_background":""}},"_links":{"self":[{"href":"https:\/\/canal7slp.tv\/2019\/wp-json\/wp\/v2\/posts\/12401","targetHints":{"allow":["GET"]}}],"collection":[{"href":"https:\/\/canal7slp.tv\/2019\/wp-json\/wp\/v2\/posts"}],"about":[{"href":"https:\/\/canal7slp.tv\/2019\/wp-json\/wp\/v2\/types\/post"}],"author":[{"embeddable":true,"href":"https:\/\/canal7slp.tv\/2019\/wp-json\/wp\/v2\/users\/2"}],"replies":[{"embeddable":true,"href":"https:\/\/canal7slp.tv\/2019\/wp-json\/wp\/v2\/comments?post=12401"}],"version-history":[{"count":0,"href":"https:\/\/canal7slp.tv\/2019\/wp-json\/wp\/v2\/posts\/12401\/revisions"}],"wp:featuredmedia":[{"embeddable":true,"href":"https:\/\/canal7slp.tv\/2019\/wp-json\/wp\/v2\/media\/12403"}],"wp:attachment":[{"href":"https:\/\/canal7slp.tv\/2019\/wp-json\/wp\/v2\/media?parent=12401"}],"wp:term":[{"taxonomy":"category","embeddable":true,"href":"https:\/\/canal7slp.tv\/2019\/wp-json\/wp\/v2\/categories?post=12401"},{"taxonomy":"post_tag","embeddable":true,"href":"https:\/\/canal7slp.tv\/2019\/wp-json\/wp\/v2\/tags?post=12401"}],"curies":[{"name":"wp","href":"https:\/\/api.w.org\/{rel}","templated":true}]}}