{"id":12379,"date":"2019-06-11T12:44:41","date_gmt":"2019-06-11T17:44:41","guid":{"rendered":"https:\/\/canal7slp.tv\/2019\/?p=12379"},"modified":"2019-06-11T12:44:41","modified_gmt":"2019-06-11T17:44:41","slug":"abierto-de-los-cabos-tendra-el-mejor-cuadro-de-su-historia","status":"publish","type":"post","link":"https:\/\/canal7slp.tv\/2019\/abierto-de-los-cabos-tendra-el-mejor-cuadro-de-su-historia\/","title":{"rendered":"Abierto de Los Cabos tendr\u00e1 el mejor cuadro de su historia"},"content":{"rendered":"<p style=\"text-align: justify\">M\u00e9xico.- Con el anuncio de que el argentino Juan Mart\u00edn del Potro se suma a los confirmados, adem\u00e1s de las sorpresas que se dar\u00e1n a conocer la pr\u00f3xima semana, el Abierto de Tenis de Los Cabos 2019 tendr\u00e1 el mejor cuadro de su historia, sostuvo el director del certamen, Jos\u00e9 Antonio Fern\u00e1ndez.<\/p>\n<p style=\"text-align: justify\">En entrevista con\u00a0<strong>Notimex<\/strong>, el directivo se mostr\u00f3 satisfecho de que las semanas de negociaci\u00f3n con el actual n\u00famero 12 en el ranking de la Asociaci\u00f3n de Tenistas Profesionales (ATP) tuvieran un final feliz, con la confirmaci\u00f3n de su asistencia.<\/p>\n<p style=\"text-align: justify\">\u201cHasta el momento, los cinco (tenistas) que anunciamos han sido maravillosos, la pr\u00f3xima semana daremos a conocer el cuadro completo, en el cual tendremos buenas sorpresas; sin lugar a dudas este a\u00f1o ser\u00e1 el del mejor cuadro en la historia del torneo\u201d, subray\u00f3.<\/p>\n<p style=\"text-align: justify\">Adem\u00e1s de Del Potro, finalista en 2018, estar\u00e1 el actual campe\u00f3n y n\u00famero 10 del mundo, el italiano Fabio Fognini; el argentino Diego Schwartzman, actual 23 ATP; el exn\u00famero tres del orbe, el b\u00falgaro Grigor Dimitrov (46 ATP), y el espa\u00f1ol Feliciano L\u00f3pez (108).<\/p>\n<p style=\"text-align: justify\">Tras asegurar la presencia de Del Potro por segundo a\u00f1o consecutivo, dej\u00f3 en claro que hay pl\u00e1ticas con jugadores de renombre y entre los mejores 50 del mundo, aunque ser\u00e1 el pr\u00f3ximo 19 de junio cuando den a conocer el nombre del resto de los participantes.<\/p>\n<p style=\"text-align: justify\">\u201cEstamos en eso (negociaciones), hay varias pl\u00e1ticas con algunos jugadores, la realidad es que est\u00e1bamos enfocados en Juan Mart\u00edn, hay unos que seguramente se sumar\u00e1n, hay varios\u00a0<em>Top 50<\/em>\u00a0y de muy buena calidad\u201d.<\/p>\n<p style=\"text-align: justify\">Ser finalista en 2018 y disfrutar un destino como Los Cabos fueron situaciones que ayudaron en la negociaci\u00f3n para que \u201cDelpo\u201d aceptara regresar, adem\u00e1s de hacerlo en una semana complicada con torneos en Washington, Estados Unidos, y Kitzbuhel, Austria, y previo a los Masters 1000 de Montreal y Cincinnati.<\/p>\n<p style=\"text-align: justify\">\u201cEstamos muy contentos porque despu\u00e9s de entablar varias semanas de negociaciones pudimos llegar a un acuerdo y estamos muy contentos de tenerlo en esta segunda ocasi\u00f3n, ojal\u00e1 pueda llegar a donde lleg\u00f3 el a\u00f1o pasado\u201d, a\u00f1adi\u00f3 \u201cGeoffrey\u201d Fern\u00e1ndez.<\/p>\n<p style=\"text-align: justify\">Respecto a los mexicanos, en particular Miguel \u00c1ngel Reyes-Varela, campe\u00f3n del torneo de dobles en 2018 junto al salvadore\u00f1o Marcelo Ar\u00e9valo, coment\u00f3 que no ha confirmado su presencia, pues el torneo se junta con los Juegos Panamericanos de Lima y desconocen la decisi\u00f3n del tenista.<\/p>\n<p style=\"text-align: justify\">\u201cNo nos ha confirmado \u2018Micky\u2019, lo esperaremos, estamos en esa misma semana con Panamericanos, no s\u00e9 cu\u00e1l sea su decisi\u00f3n, esperemos tener a mexicanos; que venga \u00e9l, no sabemos si con Ar\u00e9valo, y que venga Santiago (Gonz\u00e1lez)\u201d, subray\u00f3.<\/p>\n<p style=\"text-align: justify\">El director del Abierto de Los Cabos reiter\u00f3 que seguir\u00e1n con su apoyo a los deportistas nacionales con un \u201cwild card\u201d al cuadro principal y otros en la fase de calificaci\u00f3n, por lo que est\u00e1n interesados en el primero Lucas G\u00f3mez, Gerardo L\u00f3pez, Luis Pati\u00f1o y Manuel S\u00e1nchez, \u201cya daremos a conocer los apoyos, pero esperamos tener mexicanos\u201d.<\/p>\n<p style=\"text-align: justify\">Fern\u00e1ndez\u00a0dej\u00f3 en claro que est\u00e1n ultimando detalles en la sede del torneo a menos de dos meses de su inicio, y aunque en las tres ediciones previas las cosas han salido bien, hay aspectos por mejorar y en eso se enfocan.<\/p>\n<p style=\"text-align: justify\">\u201cAunque todos los a\u00f1os ha salido perfecto y se han mejorado los r\u00e9cords del a\u00f1o anterior, tenemos que mejorar; el d\u00eda que hagamos las cosas igual daremos un paso atr\u00e1s, ahora vamos a enfocarnos en la experiencia del fan, de la gente que nos visita, que su experiencia sea cada vez mejor\u201d, acot\u00f3.<\/p>\n","protected":false},"excerpt":{"rendered":"<p>M\u00e9xico.- Con el anuncio de que el argentino Juan Mart\u00edn del Potro se suma a los confirmados, adem\u00e1s de las sorpresas que se dar\u00e1n a conocer la pr\u00f3xima semana, el Abierto de Tenis de Los Cabos 2019 tendr\u00e1 el mejor cuadro de su historia, sostuvo el director del certamen, Jos\u00e9 Antonio Fern\u00e1ndez. En entrevista con\u00a0Notimex, [&hellip;]<\/p>\n","protected":false},"author":2,"featured_media":12383,"comment_status":"open","ping_status":"closed","sticky":false,"template":"","format":"standard","meta":{"footnotes":""},"categories":[96],"tags":[],"class_list":["post-12379","post","type-post","status-publish","format-standard","has-post-thumbnail","hentry","category-deportes"],"yoast_head":"<!-- This site is optimized with the Yoast SEO plugin v27.5 - https:\/\/yoast.com\/product\/yoast-seo-wordpress\/ -->\n<title>Abierto de Los Cabos tendr\u00e1 el mejor cuadro de su historia - Canal 7 SLP - 2019<\/title>\n<meta name=\"robots\" content=\"index, follow, max-snippet:-1, max-image-preview:large, max-video-preview:-1\" \/>\n<link rel=\"canonical\" href=\"https:\/\/canal7slp.tv\/2019\/abierto-de-los-cabos-tendra-el-mejor-cuadro-de-su-historia\/\" \/>\n<meta property=\"og:locale\" content=\"es_ES\" \/>\n<meta property=\"og:type\" content=\"article\" \/>\n<meta property=\"og:title\" content=\"Abierto de Los Cabos tendr\u00e1 el mejor cuadro de su historia - Canal 7 SLP - 2019\" \/>\n<meta property=\"og:description\" content=\"M\u00e9xico.- Con el anuncio de que el argentino Juan Mart\u00edn del Potro se suma a los confirmados, adem\u00e1s de las sorpresas que se dar\u00e1n a conocer la pr\u00f3xima semana, el Abierto de Tenis de Los Cabos 2019 tendr\u00e1 el mejor cuadro de su historia, sostuvo el director del certamen, Jos\u00e9 Antonio Fern\u00e1ndez. En entrevista con\u00a0Notimex, [&hellip;]\" \/>\n<meta property=\"og:url\" content=\"https:\/\/canal7slp.tv\/2019\/abierto-de-los-cabos-tendra-el-mejor-cuadro-de-su-historia\/\" \/>\n<meta property=\"og:site_name\" content=\"Canal 7 SLP - 2019\" \/>\n<meta property=\"article:publisher\" content=\"https:\/\/www.facebook.com\/CANAL7SLP\/\" \/>\n<meta property=\"article:published_time\" content=\"2019-06-11T17:44:41+00:00\" \/>\n<meta property=\"og:image\" content=\"https:\/\/canal7slp.tv\/2019\/wp-content\/uploads\/2019\/06\/03-9.jpg\" \/>\n\t<meta property=\"og:image:width\" content=\"737\" \/>\n\t<meta property=\"og:image:height\" content=\"410\" \/>\n\t<meta property=\"og:image:type\" content=\"image\/jpeg\" \/>\n<meta name=\"author\" content=\"edicionweb\" \/>\n<meta name=\"twitter:card\" content=\"summary_large_image\" \/>\n<meta name=\"twitter:creator\" content=\"@canal7_slp\" \/>\n<meta name=\"twitter:site\" content=\"@canal7_slp\" \/>\n<meta name=\"twitter:label1\" content=\"Escrito por\" \/>\n\t<meta name=\"twitter:data1\" content=\"edicionweb\" \/>\n\t<meta name=\"twitter:label2\" content=\"Tiempo de lectura\" \/>\n\t<meta name=\"twitter:data2\" content=\"3 minutos\" \/>\n<script type=\"application\/ld+json\" class=\"yoast-schema-graph\">{\"@context\":\"https:\\\/\\\/schema.org\",\"@graph\":[{\"@type\":\"Article\",\"@id\":\"https:\\\/\\\/canal7slp.tv\\\/2019\\\/abierto-de-los-cabos-tendra-el-mejor-cuadro-de-su-historia\\\/#article\",\"isPartOf\":{\"@id\":\"https:\\\/\\\/canal7slp.tv\\\/2019\\\/abierto-de-los-cabos-tendra-el-mejor-cuadro-de-su-historia\\\/\"},\"author\":{\"name\":\"edicionweb\",\"@id\":\"https:\\\/\\\/canal7slp.tv\\\/2019\\\/#\\\/schema\\\/person\\\/11d941c1c6ca30ac0a46b95fa37aa2e3\"},\"headline\":\"Abierto de Los Cabos tendr\u00e1 el mejor cuadro de su historia\",\"datePublished\":\"2019-06-11T17:44:41+00:00\",\"mainEntityOfPage\":{\"@id\":\"https:\\\/\\\/canal7slp.tv\\\/2019\\\/abierto-de-los-cabos-tendra-el-mejor-cuadro-de-su-historia\\\/\"},\"wordCount\":636,\"commentCount\":0,\"publisher\":{\"@id\":\"https:\\\/\\\/canal7slp.tv\\\/2019\\\/#organization\"},\"image\":{\"@id\":\"https:\\\/\\\/canal7slp.tv\\\/2019\\\/abierto-de-los-cabos-tendra-el-mejor-cuadro-de-su-historia\\\/#primaryimage\"},\"thumbnailUrl\":\"https:\\\/\\\/canal7slp.tv\\\/2019\\\/wp-content\\\/uploads\\\/2019\\\/06\\\/03-9.jpg\",\"articleSection\":[\"DEPORTES\"],\"inLanguage\":\"es\",\"potentialAction\":[{\"@type\":\"CommentAction\",\"name\":\"Comment\",\"target\":[\"https:\\\/\\\/canal7slp.tv\\\/2019\\\/abierto-de-los-cabos-tendra-el-mejor-cuadro-de-su-historia\\\/#respond\"]}]},{\"@type\":\"WebPage\",\"@id\":\"https:\\\/\\\/canal7slp.tv\\\/2019\\\/abierto-de-los-cabos-tendra-el-mejor-cuadro-de-su-historia\\\/\",\"url\":\"https:\\\/\\\/canal7slp.tv\\\/2019\\\/abierto-de-los-cabos-tendra-el-mejor-cuadro-de-su-historia\\\/\",\"name\":\"Abierto de Los Cabos tendr\u00e1 el mejor cuadro de su historia - Canal 7 SLP - 2019\",\"isPartOf\":{\"@id\":\"https:\\\/\\\/canal7slp.tv\\\/2019\\\/#website\"},\"primaryImageOfPage\":{\"@id\":\"https:\\\/\\\/canal7slp.tv\\\/2019\\\/abierto-de-los-cabos-tendra-el-mejor-cuadro-de-su-historia\\\/#primaryimage\"},\"image\":{\"@id\":\"https:\\\/\\\/canal7slp.tv\\\/2019\\\/abierto-de-los-cabos-tendra-el-mejor-cuadro-de-su-historia\\\/#primaryimage\"},\"thumbnailUrl\":\"https:\\\/\\\/canal7slp.tv\\\/2019\\\/wp-content\\\/uploads\\\/2019\\\/06\\\/03-9.jpg\",\"datePublished\":\"2019-06-11T17:44:41+00:00\",\"breadcrumb\":{\"@id\":\"https:\\\/\\\/canal7slp.tv\\\/2019\\\/abierto-de-los-cabos-tendra-el-mejor-cuadro-de-su-historia\\\/#breadcrumb\"},\"inLanguage\":\"es\",\"potentialAction\":[{\"@type\":\"ReadAction\",\"target\":[\"https:\\\/\\\/canal7slp.tv\\\/2019\\\/abierto-de-los-cabos-tendra-el-mejor-cuadro-de-su-historia\\\/\"]}]},{\"@type\":\"ImageObject\",\"inLanguage\":\"es\",\"@id\":\"https:\\\/\\\/canal7slp.tv\\\/2019\\\/abierto-de-los-cabos-tendra-el-mejor-cuadro-de-su-historia\\\/#primaryimage\",\"url\":\"https:\\\/\\\/canal7slp.tv\\\/2019\\\/wp-content\\\/uploads\\\/2019\\\/06\\\/03-9.jpg\",\"contentUrl\":\"https:\\\/\\\/canal7slp.tv\\\/2019\\\/wp-content\\\/uploads\\\/2019\\\/06\\\/03-9.jpg\",\"width\":737,\"height\":410},{\"@type\":\"BreadcrumbList\",\"@id\":\"https:\\\/\\\/canal7slp.tv\\\/2019\\\/abierto-de-los-cabos-tendra-el-mejor-cuadro-de-su-historia\\\/#breadcrumb\",\"itemListElement\":[{\"@type\":\"ListItem\",\"position\":1,\"name\":\"Home\",\"item\":\"https:\\\/\\\/canal7slp.tv\\\/2019\\\/\"},{\"@type\":\"ListItem\",\"position\":2,\"name\":\"Abierto de Los Cabos tendr\u00e1 el mejor cuadro de su historia\"}]},{\"@type\":\"WebSite\",\"@id\":\"https:\\\/\\\/canal7slp.tv\\\/2019\\\/#website\",\"url\":\"https:\\\/\\\/canal7slp.tv\\\/2019\\\/\",\"name\":\"Canal 7 SLP - Somos TV\",\"description\":\"Somos un Canal de 10\",\"publisher\":{\"@id\":\"https:\\\/\\\/canal7slp.tv\\\/2019\\\/#organization\"},\"potentialAction\":[{\"@type\":\"SearchAction\",\"target\":{\"@type\":\"EntryPoint\",\"urlTemplate\":\"https:\\\/\\\/canal7slp.tv\\\/2019\\\/?s={search_term_string}\"},\"query-input\":{\"@type\":\"PropertyValueSpecification\",\"valueRequired\":true,\"valueName\":\"search_term_string\"}}],\"inLanguage\":\"es\"},{\"@type\":\"Organization\",\"@id\":\"https:\\\/\\\/canal7slp.tv\\\/2019\\\/#organization\",\"name\":\"Comunicaci\u00f3n 2000 S.A. de C.V.\",\"url\":\"https:\\\/\\\/canal7slp.tv\\\/2019\\\/\",\"logo\":{\"@type\":\"ImageObject\",\"inLanguage\":\"es\",\"@id\":\"https:\\\/\\\/canal7slp.tv\\\/2019\\\/#\\\/schema\\\/logo\\\/image\\\/\",\"url\":\"https:\\\/\\\/canal7slp.tv\\\/2019\\\/wp-content\\\/uploads\\\/2019\\\/07\\\/logo-c7.png\",\"contentUrl\":\"https:\\\/\\\/canal7slp.tv\\\/2019\\\/wp-content\\\/uploads\\\/2019\\\/07\\\/logo-c7.png\",\"width\":220,\"height\":60,\"caption\":\"Comunicaci\u00f3n 2000 S.A. de C.V.\"},\"image\":{\"@id\":\"https:\\\/\\\/canal7slp.tv\\\/2019\\\/#\\\/schema\\\/logo\\\/image\\\/\"},\"sameAs\":[\"https:\\\/\\\/www.facebook.com\\\/CANAL7SLP\\\/\",\"https:\\\/\\\/x.com\\\/canal7_slp\",\"https:\\\/\\\/www.instagram.com\\\/canal7_slp\",\"https:\\\/\\\/www.youtube.com\\\/user\\\/NOTICIEROSCANAL7SLP\\\/\"]},{\"@type\":\"Person\",\"@id\":\"https:\\\/\\\/canal7slp.tv\\\/2019\\\/#\\\/schema\\\/person\\\/11d941c1c6ca30ac0a46b95fa37aa2e3\",\"name\":\"edicionweb\",\"image\":{\"@type\":\"ImageObject\",\"inLanguage\":\"es\",\"@id\":\"https:\\\/\\\/secure.gravatar.com\\\/avatar\\\/eee448fc3f7164808013b816ba91ac7e43bbe82a70bebac296f8bc6f0addaa1a?s=96&d=mm&r=g\",\"url\":\"https:\\\/\\\/secure.gravatar.com\\\/avatar\\\/eee448fc3f7164808013b816ba91ac7e43bbe82a70bebac296f8bc6f0addaa1a?s=96&d=mm&r=g\",\"contentUrl\":\"https:\\\/\\\/secure.gravatar.com\\\/avatar\\\/eee448fc3f7164808013b816ba91ac7e43bbe82a70bebac296f8bc6f0addaa1a?s=96&d=mm&r=g\",\"caption\":\"edicionweb\"}}]}<\/script>\n<!-- \/ Yoast SEO plugin. -->","yoast_head_json":{"title":"Abierto de Los Cabos tendr\u00e1 el mejor cuadro de su historia - Canal 7 SLP - 2019","robots":{"index":"index","follow":"follow","max-snippet":"max-snippet:-1","max-image-preview":"max-image-preview:large","max-video-preview":"max-video-preview:-1"},"canonical":"https:\/\/canal7slp.tv\/2019\/abierto-de-los-cabos-tendra-el-mejor-cuadro-de-su-historia\/","og_locale":"es_ES","og_type":"article","og_title":"Abierto de Los Cabos tendr\u00e1 el mejor cuadro de su historia - Canal 7 SLP - 2019","og_description":"M\u00e9xico.- Con el anuncio de que el argentino Juan Mart\u00edn del Potro se suma a los confirmados, adem\u00e1s de las sorpresas que se dar\u00e1n a conocer la pr\u00f3xima semana, el Abierto de Tenis de Los Cabos 2019 tendr\u00e1 el mejor cuadro de su historia, sostuvo el director del certamen, Jos\u00e9 Antonio Fern\u00e1ndez. En entrevista con\u00a0Notimex, [&hellip;]","og_url":"https:\/\/canal7slp.tv\/2019\/abierto-de-los-cabos-tendra-el-mejor-cuadro-de-su-historia\/","og_site_name":"Canal 7 SLP - 2019","article_publisher":"https:\/\/www.facebook.com\/CANAL7SLP\/","article_published_time":"2019-06-11T17:44:41+00:00","og_image":[{"width":737,"height":410,"url":"https:\/\/canal7slp.tv\/2019\/wp-content\/uploads\/2019\/06\/03-9.jpg","type":"image\/jpeg"}],"author":"edicionweb","twitter_card":"summary_large_image","twitter_creator":"@canal7_slp","twitter_site":"@canal7_slp","twitter_misc":{"Escrito por":"edicionweb","Tiempo de lectura":"3 minutos"},"schema":{"@context":"https:\/\/schema.org","@graph":[{"@type":"Article","@id":"https:\/\/canal7slp.tv\/2019\/abierto-de-los-cabos-tendra-el-mejor-cuadro-de-su-historia\/#article","isPartOf":{"@id":"https:\/\/canal7slp.tv\/2019\/abierto-de-los-cabos-tendra-el-mejor-cuadro-de-su-historia\/"},"author":{"name":"edicionweb","@id":"https:\/\/canal7slp.tv\/2019\/#\/schema\/person\/11d941c1c6ca30ac0a46b95fa37aa2e3"},"headline":"Abierto de Los Cabos tendr\u00e1 el mejor cuadro de su historia","datePublished":"2019-06-11T17:44:41+00:00","mainEntityOfPage":{"@id":"https:\/\/canal7slp.tv\/2019\/abierto-de-los-cabos-tendra-el-mejor-cuadro-de-su-historia\/"},"wordCount":636,"commentCount":0,"publisher":{"@id":"https:\/\/canal7slp.tv\/2019\/#organization"},"image":{"@id":"https:\/\/canal7slp.tv\/2019\/abierto-de-los-cabos-tendra-el-mejor-cuadro-de-su-historia\/#primaryimage"},"thumbnailUrl":"https:\/\/canal7slp.tv\/2019\/wp-content\/uploads\/2019\/06\/03-9.jpg","articleSection":["DEPORTES"],"inLanguage":"es","potentialAction":[{"@type":"CommentAction","name":"Comment","target":["https:\/\/canal7slp.tv\/2019\/abierto-de-los-cabos-tendra-el-mejor-cuadro-de-su-historia\/#respond"]}]},{"@type":"WebPage","@id":"https:\/\/canal7slp.tv\/2019\/abierto-de-los-cabos-tendra-el-mejor-cuadro-de-su-historia\/","url":"https:\/\/canal7slp.tv\/2019\/abierto-de-los-cabos-tendra-el-mejor-cuadro-de-su-historia\/","name":"Abierto de Los Cabos tendr\u00e1 el mejor cuadro de su historia - Canal 7 SLP - 2019","isPartOf":{"@id":"https:\/\/canal7slp.tv\/2019\/#website"},"primaryImageOfPage":{"@id":"https:\/\/canal7slp.tv\/2019\/abierto-de-los-cabos-tendra-el-mejor-cuadro-de-su-historia\/#primaryimage"},"image":{"@id":"https:\/\/canal7slp.tv\/2019\/abierto-de-los-cabos-tendra-el-mejor-cuadro-de-su-historia\/#primaryimage"},"thumbnailUrl":"https:\/\/canal7slp.tv\/2019\/wp-content\/uploads\/2019\/06\/03-9.jpg","datePublished":"2019-06-11T17:44:41+00:00","breadcrumb":{"@id":"https:\/\/canal7slp.tv\/2019\/abierto-de-los-cabos-tendra-el-mejor-cuadro-de-su-historia\/#breadcrumb"},"inLanguage":"es","potentialAction":[{"@type":"ReadAction","target":["https:\/\/canal7slp.tv\/2019\/abierto-de-los-cabos-tendra-el-mejor-cuadro-de-su-historia\/"]}]},{"@type":"ImageObject","inLanguage":"es","@id":"https:\/\/canal7slp.tv\/2019\/abierto-de-los-cabos-tendra-el-mejor-cuadro-de-su-historia\/#primaryimage","url":"https:\/\/canal7slp.tv\/2019\/wp-content\/uploads\/2019\/06\/03-9.jpg","contentUrl":"https:\/\/canal7slp.tv\/2019\/wp-content\/uploads\/2019\/06\/03-9.jpg","width":737,"height":410},{"@type":"BreadcrumbList","@id":"https:\/\/canal7slp.tv\/2019\/abierto-de-los-cabos-tendra-el-mejor-cuadro-de-su-historia\/#breadcrumb","itemListElement":[{"@type":"ListItem","position":1,"name":"Home","item":"https:\/\/canal7slp.tv\/2019\/"},{"@type":"ListItem","position":2,"name":"Abierto de Los Cabos tendr\u00e1 el mejor cuadro de su historia"}]},{"@type":"WebSite","@id":"https:\/\/canal7slp.tv\/2019\/#website","url":"https:\/\/canal7slp.tv\/2019\/","name":"Canal 7 SLP - Somos TV","description":"Somos un Canal de 10","publisher":{"@id":"https:\/\/canal7slp.tv\/2019\/#organization"},"potentialAction":[{"@type":"SearchAction","target":{"@type":"EntryPoint","urlTemplate":"https:\/\/canal7slp.tv\/2019\/?s={search_term_string}"},"query-input":{"@type":"PropertyValueSpecification","valueRequired":true,"valueName":"search_term_string"}}],"inLanguage":"es"},{"@type":"Organization","@id":"https:\/\/canal7slp.tv\/2019\/#organization","name":"Comunicaci\u00f3n 2000 S.A. de C.V.","url":"https:\/\/canal7slp.tv\/2019\/","logo":{"@type":"ImageObject","inLanguage":"es","@id":"https:\/\/canal7slp.tv\/2019\/#\/schema\/logo\/image\/","url":"https:\/\/canal7slp.tv\/2019\/wp-content\/uploads\/2019\/07\/logo-c7.png","contentUrl":"https:\/\/canal7slp.tv\/2019\/wp-content\/uploads\/2019\/07\/logo-c7.png","width":220,"height":60,"caption":"Comunicaci\u00f3n 2000 S.A. de C.V."},"image":{"@id":"https:\/\/canal7slp.tv\/2019\/#\/schema\/logo\/image\/"},"sameAs":["https:\/\/www.facebook.com\/CANAL7SLP\/","https:\/\/x.com\/canal7_slp","https:\/\/www.instagram.com\/canal7_slp","https:\/\/www.youtube.com\/user\/NOTICIEROSCANAL7SLP\/"]},{"@type":"Person","@id":"https:\/\/canal7slp.tv\/2019\/#\/schema\/person\/11d941c1c6ca30ac0a46b95fa37aa2e3","name":"edicionweb","image":{"@type":"ImageObject","inLanguage":"es","@id":"https:\/\/secure.gravatar.com\/avatar\/eee448fc3f7164808013b816ba91ac7e43bbe82a70bebac296f8bc6f0addaa1a?s=96&d=mm&r=g","url":"https:\/\/secure.gravatar.com\/avatar\/eee448fc3f7164808013b816ba91ac7e43bbe82a70bebac296f8bc6f0addaa1a?s=96&d=mm&r=g","contentUrl":"https:\/\/secure.gravatar.com\/avatar\/eee448fc3f7164808013b816ba91ac7e43bbe82a70bebac296f8bc6f0addaa1a?s=96&d=mm&r=g","caption":"edicionweb"}}]}},"amp_enabled":true,"cmb2":{"video_ids_in_playlist":{"vid_p_videos":""},"video_ids_in_channel":{"vid_c_videos":""},"playlist_ids_in_channel":{"vid_c_playlists":""},"series_ids_in_channel":{"vid_c_series":""},"channel_images":{"vid_c_logo":"","vid_c_banner":""},"poster_feature_image":{"vid_m_poster_image":""},"gif_feature_image":{"vid_m_gif_image":""},"video_movie_settings":{"vid_m_director":"","vid_m_actor":"","vid_m_imdb_ratings":"","vid_m_amazon_associates":""},"vid_youtube_broadcasts_settings":{"vid_yb_broadcast_title":"","vid_yb_q":"","vid_yb_channelid":"","vid_yb_videocategoryid":"","vid_yb_maxresults":"","vid_yb_order":"","vid_yb_regioncode":"","vid_yb_videosyndicated":"","vid_yb_style":"","vid_yb_reload_first":""},"video_series_settings":{"vid_m_director":"","vid_m_actor":"","vid_m_imdb_ratings":"","video_series_group":""},"amazon_associates_settings":{"amazon_associates":"","amazon_native_ad":""},"vid_youtube_automatic_settings":{"vid_ya_youtube_source":"","vid_ya_update_every":"","vid_ya_update_unit":"","vid_ya_categories":"","vid_ya_published_after":"","vid_ya_published_before":"","vid_ya_playlists":"","vid_ya_channels":"","vid_ya_director":"","vid_ya_actor":"","vid_ya_author":"","vid_ya_import_post_date":"","vid_ya_status":"","vid_ya_sub_api_key":""},"vid_ads_m_videoads_settings_post":{"vid_ads_m_video_ads":"","vid_ads_m_video_ads_type":"","vid_ads_m_group_google_ima":"","vid_ads_m_group_image":"","vid_ads_m_group_html5_video":"","vid_ads_m_group_html":"","vid_ads_m_vast_preroll":"","vid_ads_m_vast_postroll":"","vid_ads_m_vast_pauseroll":"","vid_ads_m_vast_midroll":[{"vid_ads_m_vast_timer_seconds":"50"}],"vid_ads_m_time_to_show_ads":"","vid_ads_m_time_skip_ads":"","vid_ads_m_time_to_hide_ads":""},"page_slider_settings":{"display_slider_group":"","page_slider_group":""},"blog_page_settings":{"blog_page_title":"","blog_page_heading":"","blog_page_ic":"","blog_page_it":"","blog_page_ec":"","blog_page_ip":"","archive_loop_style":"","blog_image_ratio":"","blog_show_categories":"","blog_show_excerpt":"","blog_show_author":"","blog_show_date":"","blog_show_comment_count":"","blog_show_view_count":"","blog_show_like_count":"","blog_show_dislike_count":"","blog_items_per_page":"","blog_pag_type":""},"page_options":{"get_page_template":"","color_mode":"","main_layout":"","main_layout_full_with":"","main_logo":"","main_logo_retina":"","main_logo_mobile":"","main_logo_mobile_retina":"","sticky_logo":"","sticky_logo_retina":"","main_nav_layout":"","ajax_search":"","header_background":"","theme_sidebar":"","instagram_feed":"","instagram_feed_position":"","popular_videos":"","popular_videos_title_1":"","popular_videos_title_2":"","popular_videos_ic":"","popular_videos_it":"","theme_background":"","page_custom_css":""},"feature_image_settings":{"feature_image_position":""},"video_player_settings":{"single_video_style":"","video_player_position":"","vm_video_url":"","video_player_library":"","video_streaming":"","vm_media_sources":"","vid_auto_play":"","vm_video_shortcode":"","vid_p_sync_playlist":"","vid_c_sync_channel":"","get_post_format":"","multiple_links_structure":"default","multi_links_title":"","vm_video_multi_links":"","vm_duration":"","vid_social_locker":"off","vid_social_locker_id":"","vid_membership_action":"content-video","vm_video_trailer_url":"","vid_download_type":"free","vid_download_target":"download","vid_woo_product":"","vm_media_download":"","user_rating":"","user_rating_position":"","user_rating_mode":"","user_rating_multi_sets":""},"video_auto_fetch_settings":{"vm_video_fetch":"on"},"video_fake_views_likes":{"vm_fake_views":"","vm_fake_likes":"","vm_fake_dislikes":""},"gallery_settings":{"gallery_position":""},"quote_settings":{"quote_position":""},"post_options":{"main_layout":"","main_logo":"","main_logo_retina":"","main_logo_mobile":"","main_logo_mobile_retina":"","sticky_logo":"","sticky_logo_retina":"","main_nav_layout":"","header_background":"","theme_sidebar":"","single_post_comment_type":"","theme_background":""}},"_links":{"self":[{"href":"https:\/\/canal7slp.tv\/2019\/wp-json\/wp\/v2\/posts\/12379","targetHints":{"allow":["GET"]}}],"collection":[{"href":"https:\/\/canal7slp.tv\/2019\/wp-json\/wp\/v2\/posts"}],"about":[{"href":"https:\/\/canal7slp.tv\/2019\/wp-json\/wp\/v2\/types\/post"}],"author":[{"embeddable":true,"href":"https:\/\/canal7slp.tv\/2019\/wp-json\/wp\/v2\/users\/2"}],"replies":[{"embeddable":true,"href":"https:\/\/canal7slp.tv\/2019\/wp-json\/wp\/v2\/comments?post=12379"}],"version-history":[{"count":0,"href":"https:\/\/canal7slp.tv\/2019\/wp-json\/wp\/v2\/posts\/12379\/revisions"}],"wp:featuredmedia":[{"embeddable":true,"href":"https:\/\/canal7slp.tv\/2019\/wp-json\/wp\/v2\/media\/12383"}],"wp:attachment":[{"href":"https:\/\/canal7slp.tv\/2019\/wp-json\/wp\/v2\/media?parent=12379"}],"wp:term":[{"taxonomy":"category","embeddable":true,"href":"https:\/\/canal7slp.tv\/2019\/wp-json\/wp\/v2\/categories?post=12379"},{"taxonomy":"post_tag","embeddable":true,"href":"https:\/\/canal7slp.tv\/2019\/wp-json\/wp\/v2\/tags?post=12379"}],"curies":[{"name":"wp","href":"https:\/\/api.w.org\/{rel}","templated":true}]}}