{"id":12374,"date":"2019-06-11T12:40:01","date_gmt":"2019-06-11T17:40:01","guid":{"rendered":"https:\/\/canal7slp.tv\/2019\/?p=12374"},"modified":"2019-06-11T12:40:01","modified_gmt":"2019-06-11T17:40:01","slug":"canciones-ineditas-de-juan-gabriel-estan-listas-para-salir-a-la-luz","status":"publish","type":"post","link":"https:\/\/canal7slp.tv\/2019\/canciones-ineditas-de-juan-gabriel-estan-listas-para-salir-a-la-luz\/","title":{"rendered":"Canciones in\u00e9ditas de Juan Gabriel est\u00e1n listas para salir a la luz"},"content":{"rendered":"<p style=\"text-align: justify\">M\u00e9xico.- Decenas de canciones in\u00e9ditas grabadas por Juan Gabriel saldr\u00e1n a la luz en fecha pr\u00f3xima, s\u00ed as\u00ed lo determina su heredero universal Iv\u00e1n Aguilera quien las mantiene en resguardo.<\/p>\n<p style=\"text-align: justify\">\u201cExisten muchos temas in\u00e9ditos que tiene Iv\u00e1n, pero \u00fanicamente \u00e9l determinar\u00e1 junto con la disquera o quiz\u00e1 de manera independiente, c\u00f3mo es que se dar\u00e1n a conocer y para cu\u00e1ndo\u201d, coment\u00f3 a\u00a0<strong>Notimex<\/strong>, Guillermo Pous, albacea del cantautor michoacano.<\/p>\n<p style=\"text-align: justify\">Inform\u00f3 que de las piezas musicales que el llamado \u201cDivo de Ju\u00e1rez\u201d grab\u00f3 a dueto con varios int\u00e9rpretes, podr\u00edan lanzarse hasta dos vol\u00famenes y mencion\u00f3 que entre ellos se encuentran canciones con Gloria Trevi, Anah\u00ed y La Banda El Recodo.<\/p>\n<p style=\"text-align: justify\">Aunque el cantante Enrique Guzm\u00e1n revel\u00f3 hace unos d\u00edas que Juan Gabriel le grab\u00f3 varios de sus \u00e9xitos, incluso algunos de ellos con Ang\u00e9lica Mar\u00eda y que pedir\u00eda autorizaci\u00f3n a Iv\u00e1n Aguilera para poder usarlos, Pous asegur\u00f3 que desconoce la existencia de m\u00e1s canciones.<\/p>\n<p style=\"text-align: justify\">\u201cSolo ten\u00edamos conocimiento de \u00e9ste (<em>Uno de tantos<\/em>) y para darlo a conocer se gestionaron todas las autorizaciones correspondientes para publicarlo en el disco. No s\u00e9 si existen otras producciones pendientes, habr\u00eda que revisarlo\u201d, afirm\u00f3.<\/p>\n<p style=\"text-align: justify\">Todo aquel que desee grabar temas de Juan Gabriel, dice, puede hacerlo siempre y cuando tramite su autorizaci\u00f3n al editor musical, le entregan una licencia y puede producirlos.<\/p>\n<p style=\"text-align: justify\">Si se desea interpretar su obra musical a trav\u00e9s de un concierto, explic\u00f3 que deber\u00e1 hacerlo a trav\u00e9s de una recaudaci\u00f3n de gesti\u00f3n colectiva.<\/p>\n<p style=\"text-align: justify\">\u201cSe llega a la Sociedad de Autores y Compositores de M\u00e9xico (SACM), se toma el reporte de las canciones, se cobra de la taquilla y despu\u00e9s se le paga a sus agremiados, en este caso a la sucesi\u00f3n en representaci\u00f3n de don Alberto Aguilera\u201d, enfatiz\u00f3.<\/p>\n<p style=\"text-align: justify\">Si alg\u00fan artista desea rendirle homenaje a Juan Gabriel a trav\u00e9s de un espect\u00e1culo, indic\u00f3 que el procedimiento es distinto porque se estar\u00eda explotando la imagen del autor de temas como\u00a0<em>Querida<\/em>\u00a0y\u00a0<em>Amor eterno<\/em>, entre otros.<\/p>\n<p style=\"text-align: justify\">\u201cDebido a que se estar\u00eda vinculando a la persona en ese evento y se explotar\u00eda su imagen, as\u00ed como la propiedad intelectual, deber\u00e1n solicitar permiso a la sucesi\u00f3n o directamente a Iv\u00e1n\u201d, agreg\u00f3.<\/p>\n<p style=\"text-align: justify\">En lo referente al museo que con objetos e im\u00e1genes alusivas a Juan Gabriel planea abrirse en la que fue su casa ubicada en la calle 16 de Septiembre de Ciudad Ju\u00e1rez, Chihuahua, apunt\u00f3 que primero debe habilitarse el lugar.<\/p>\n<p style=\"text-align: justify\">&#8220;Se trata de una casa muy vieja que no es accesible para muchas condiciones. No tiene rampas, tampoco elevadores y se deben establecer ciertos par\u00e1metros para luego determinar cu\u00e1l es la memorabilia que habr\u00e1\u201d, coment\u00f3.<\/p>\n<p style=\"text-align: justify\">Guillermo Pous adelant\u00f3 que en sus salas se exhibir\u00e1n algunos de los trajes que us\u00f3\u00a0<em>Juanga<\/em>, as\u00ed como muchos de los reconocimientos que obtuvo a lo largo de su carrera. Tambi\u00e9n se mostrar\u00e1n fotograf\u00edas y art\u00edculos personales que posee Iv\u00e1n Aguilera.<\/p>\n<p style=\"text-align: justify\">Adem\u00e1s de ubicarlo en dicha sede, se pretende que el museo sea itinerante en varias regiones de M\u00e9xico para que muchos de sus seguidores tengan acceso a \u00e9l.<\/p>\n<p style=\"text-align: justify\">Inform\u00f3 que la segunda parte de la bioserie de televisi\u00f3n\u00a0<em>Hasta que te conoc\u00ed<\/em>\u00a0tambi\u00e9n est\u00e1 en proceso. Incluso, se analiza una producci\u00f3n ajena que no sea continuaci\u00f3n y hasta una pel\u00edcula.<\/p>\n<p style=\"text-align: justify\">Un musical teatral de gran formato es otro de los planes, pero no es algo que deba realizarse a corto plazo.\u00a0El albacea mencion\u00f3 que es &#8220;cosa juzgada&#8221; y a favor de Iv\u00e1n Aguilera, la demanda que Joao Rosales present\u00f3 por nulidad de testamento.<\/p>\n<p style=\"text-align: justify\">Asimismo, detall\u00f3 que se presentar\u00e1 una demanda en contra de Silvia Urquidi, quien fue amiga y apoderada de Juan Gabriel. Esto con el fin de restituir las propiedades que forman parte del inventario de la sucesi\u00f3n.<\/p>\n<p style=\"text-align: justify\">\u201cElla tiene en su poder un total de 11 casas ubicadas en Ciudad Ju\u00e1rez, Chihuahua y San Miguel de Allende, Guanajuato, pero no las quiere entregar. A veces el razonamiento de la gente es dif\u00edcil de comprender, pero nosotros llegaremos hasta las \u00faltimas consecuencias\u201d, advirti\u00f3.<\/p>\n<p style=\"text-align: justify\">Pablo Aguilera, hermano de Juan Gabriel, tambi\u00e9n deber\u00e1 entregar los predios en Par\u00e1cuaro, Michoac\u00e1n, donde se halla un balneario, un hotel y una huerta de mangos que le pertenecen a Iv\u00e1n Aguilera.<\/p>\n<p style=\"text-align: justify\">\u201cEl se\u00f1or los estaba habitando porque ten\u00eda un contrato de comodato, pero ya se termin\u00f3 y ahora tiene que devolver las propiedades\u201d, Guillermo Pous.<\/p>\n<p style=\"text-align: justify\">De Joaqu\u00edn Mu\u00f1oz, ex secretario del \u201cDivo de Ju\u00e1rez\u201d, y quien asegura que el artista se encuentra vivo, respondi\u00f3: &#8220;recomendamos que el se\u00f1or tome sus medicinas. No se trata de censurarlo, \u00e9l es libre de decir lo que quiera, el problema es cuando hizo imputaciones directas y personales hacia Iv\u00e1n y su esposa&#8221;.<\/p>\n<p style=\"text-align: justify\">\u201cDijo que ellos intentaron matar a don Alberto y que lo explotaban laboralmente; dichos se\u00f1alamientos tienen como consecuencia un da\u00f1o moral y se iniciar\u00eda una acci\u00f3n civil\u201d, concluy\u00f3.<\/p>\n","protected":false},"excerpt":{"rendered":"<p>M\u00e9xico.- Decenas de canciones in\u00e9ditas grabadas por Juan Gabriel saldr\u00e1n a la luz en fecha pr\u00f3xima, s\u00ed as\u00ed lo determina su heredero universal Iv\u00e1n Aguilera quien las mantiene en resguardo. \u201cExisten muchos temas in\u00e9ditos que tiene Iv\u00e1n, pero \u00fanicamente \u00e9l determinar\u00e1 junto con la disquera o quiz\u00e1 de manera independiente, c\u00f3mo es que se dar\u00e1n [&hellip;]<\/p>\n","protected":false},"author":2,"featured_media":12377,"comment_status":"open","ping_status":"closed","sticky":false,"template":"","format":"standard","meta":{"footnotes":""},"categories":[24],"tags":[],"class_list":["post-12374","post","type-post","status-publish","format-standard","has-post-thumbnail","hentry","category-espectaculos"],"yoast_head":"<!-- This site is optimized with the Yoast SEO plugin v27.5 - https:\/\/yoast.com\/product\/yoast-seo-wordpress\/ -->\n<title>Canciones in\u00e9ditas de Juan Gabriel est\u00e1n listas para salir a la luz - Canal 7 SLP - 2019<\/title>\n<meta name=\"robots\" content=\"index, follow, max-snippet:-1, max-image-preview:large, max-video-preview:-1\" \/>\n<link rel=\"canonical\" href=\"https:\/\/canal7slp.tv\/2019\/canciones-ineditas-de-juan-gabriel-estan-listas-para-salir-a-la-luz\/\" \/>\n<meta property=\"og:locale\" content=\"es_ES\" \/>\n<meta property=\"og:type\" content=\"article\" \/>\n<meta property=\"og:title\" content=\"Canciones in\u00e9ditas de Juan Gabriel est\u00e1n listas para salir a la luz - Canal 7 SLP - 2019\" \/>\n<meta property=\"og:description\" content=\"M\u00e9xico.- Decenas de canciones in\u00e9ditas grabadas por Juan Gabriel saldr\u00e1n a la luz en fecha pr\u00f3xima, s\u00ed as\u00ed lo determina su heredero universal Iv\u00e1n Aguilera quien las mantiene en resguardo. \u201cExisten muchos temas in\u00e9ditos que tiene Iv\u00e1n, pero \u00fanicamente \u00e9l determinar\u00e1 junto con la disquera o quiz\u00e1 de manera independiente, c\u00f3mo es que se dar\u00e1n [&hellip;]\" \/>\n<meta property=\"og:url\" content=\"https:\/\/canal7slp.tv\/2019\/canciones-ineditas-de-juan-gabriel-estan-listas-para-salir-a-la-luz\/\" \/>\n<meta property=\"og:site_name\" content=\"Canal 7 SLP - 2019\" \/>\n<meta property=\"article:publisher\" content=\"https:\/\/www.facebook.com\/CANAL7SLP\/\" \/>\n<meta property=\"article:published_time\" content=\"2019-06-11T17:40:01+00:00\" \/>\n<meta property=\"og:image\" content=\"https:\/\/canal7slp.tv\/2019\/wp-content\/uploads\/2019\/06\/02-9.jpg\" \/>\n\t<meta property=\"og:image:width\" content=\"800\" \/>\n\t<meta property=\"og:image:height\" content=\"479\" \/>\n\t<meta property=\"og:image:type\" content=\"image\/jpeg\" \/>\n<meta name=\"author\" content=\"edicionweb\" \/>\n<meta name=\"twitter:card\" content=\"summary_large_image\" \/>\n<meta name=\"twitter:creator\" content=\"@canal7_slp\" \/>\n<meta name=\"twitter:site\" content=\"@canal7_slp\" \/>\n<meta name=\"twitter:label1\" content=\"Escrito por\" \/>\n\t<meta name=\"twitter:data1\" content=\"edicionweb\" \/>\n\t<meta name=\"twitter:label2\" content=\"Tiempo de lectura\" \/>\n\t<meta name=\"twitter:data2\" content=\"4 minutos\" \/>\n<script type=\"application\/ld+json\" class=\"yoast-schema-graph\">{\"@context\":\"https:\\\/\\\/schema.org\",\"@graph\":[{\"@type\":\"Article\",\"@id\":\"https:\\\/\\\/canal7slp.tv\\\/2019\\\/canciones-ineditas-de-juan-gabriel-estan-listas-para-salir-a-la-luz\\\/#article\",\"isPartOf\":{\"@id\":\"https:\\\/\\\/canal7slp.tv\\\/2019\\\/canciones-ineditas-de-juan-gabriel-estan-listas-para-salir-a-la-luz\\\/\"},\"author\":{\"name\":\"edicionweb\",\"@id\":\"https:\\\/\\\/canal7slp.tv\\\/2019\\\/#\\\/schema\\\/person\\\/11d941c1c6ca30ac0a46b95fa37aa2e3\"},\"headline\":\"Canciones in\u00e9ditas de Juan Gabriel est\u00e1n listas para salir a la luz\",\"datePublished\":\"2019-06-11T17:40:01+00:00\",\"mainEntityOfPage\":{\"@id\":\"https:\\\/\\\/canal7slp.tv\\\/2019\\\/canciones-ineditas-de-juan-gabriel-estan-listas-para-salir-a-la-luz\\\/\"},\"wordCount\":884,\"commentCount\":0,\"publisher\":{\"@id\":\"https:\\\/\\\/canal7slp.tv\\\/2019\\\/#organization\"},\"image\":{\"@id\":\"https:\\\/\\\/canal7slp.tv\\\/2019\\\/canciones-ineditas-de-juan-gabriel-estan-listas-para-salir-a-la-luz\\\/#primaryimage\"},\"thumbnailUrl\":\"https:\\\/\\\/canal7slp.tv\\\/2019\\\/wp-content\\\/uploads\\\/2019\\\/06\\\/02-9.jpg\",\"articleSection\":[\"ESPECTACULOS\"],\"inLanguage\":\"es\",\"potentialAction\":[{\"@type\":\"CommentAction\",\"name\":\"Comment\",\"target\":[\"https:\\\/\\\/canal7slp.tv\\\/2019\\\/canciones-ineditas-de-juan-gabriel-estan-listas-para-salir-a-la-luz\\\/#respond\"]}]},{\"@type\":\"WebPage\",\"@id\":\"https:\\\/\\\/canal7slp.tv\\\/2019\\\/canciones-ineditas-de-juan-gabriel-estan-listas-para-salir-a-la-luz\\\/\",\"url\":\"https:\\\/\\\/canal7slp.tv\\\/2019\\\/canciones-ineditas-de-juan-gabriel-estan-listas-para-salir-a-la-luz\\\/\",\"name\":\"Canciones in\u00e9ditas de Juan Gabriel est\u00e1n listas para salir a la luz - Canal 7 SLP - 2019\",\"isPartOf\":{\"@id\":\"https:\\\/\\\/canal7slp.tv\\\/2019\\\/#website\"},\"primaryImageOfPage\":{\"@id\":\"https:\\\/\\\/canal7slp.tv\\\/2019\\\/canciones-ineditas-de-juan-gabriel-estan-listas-para-salir-a-la-luz\\\/#primaryimage\"},\"image\":{\"@id\":\"https:\\\/\\\/canal7slp.tv\\\/2019\\\/canciones-ineditas-de-juan-gabriel-estan-listas-para-salir-a-la-luz\\\/#primaryimage\"},\"thumbnailUrl\":\"https:\\\/\\\/canal7slp.tv\\\/2019\\\/wp-content\\\/uploads\\\/2019\\\/06\\\/02-9.jpg\",\"datePublished\":\"2019-06-11T17:40:01+00:00\",\"breadcrumb\":{\"@id\":\"https:\\\/\\\/canal7slp.tv\\\/2019\\\/canciones-ineditas-de-juan-gabriel-estan-listas-para-salir-a-la-luz\\\/#breadcrumb\"},\"inLanguage\":\"es\",\"potentialAction\":[{\"@type\":\"ReadAction\",\"target\":[\"https:\\\/\\\/canal7slp.tv\\\/2019\\\/canciones-ineditas-de-juan-gabriel-estan-listas-para-salir-a-la-luz\\\/\"]}]},{\"@type\":\"ImageObject\",\"inLanguage\":\"es\",\"@id\":\"https:\\\/\\\/canal7slp.tv\\\/2019\\\/canciones-ineditas-de-juan-gabriel-estan-listas-para-salir-a-la-luz\\\/#primaryimage\",\"url\":\"https:\\\/\\\/canal7slp.tv\\\/2019\\\/wp-content\\\/uploads\\\/2019\\\/06\\\/02-9.jpg\",\"contentUrl\":\"https:\\\/\\\/canal7slp.tv\\\/2019\\\/wp-content\\\/uploads\\\/2019\\\/06\\\/02-9.jpg\",\"width\":800,\"height\":479},{\"@type\":\"BreadcrumbList\",\"@id\":\"https:\\\/\\\/canal7slp.tv\\\/2019\\\/canciones-ineditas-de-juan-gabriel-estan-listas-para-salir-a-la-luz\\\/#breadcrumb\",\"itemListElement\":[{\"@type\":\"ListItem\",\"position\":1,\"name\":\"Home\",\"item\":\"https:\\\/\\\/canal7slp.tv\\\/2019\\\/\"},{\"@type\":\"ListItem\",\"position\":2,\"name\":\"Canciones in\u00e9ditas de Juan Gabriel est\u00e1n listas para salir a la luz\"}]},{\"@type\":\"WebSite\",\"@id\":\"https:\\\/\\\/canal7slp.tv\\\/2019\\\/#website\",\"url\":\"https:\\\/\\\/canal7slp.tv\\\/2019\\\/\",\"name\":\"Canal 7 SLP - Somos TV\",\"description\":\"Somos un Canal de 10\",\"publisher\":{\"@id\":\"https:\\\/\\\/canal7slp.tv\\\/2019\\\/#organization\"},\"potentialAction\":[{\"@type\":\"SearchAction\",\"target\":{\"@type\":\"EntryPoint\",\"urlTemplate\":\"https:\\\/\\\/canal7slp.tv\\\/2019\\\/?s={search_term_string}\"},\"query-input\":{\"@type\":\"PropertyValueSpecification\",\"valueRequired\":true,\"valueName\":\"search_term_string\"}}],\"inLanguage\":\"es\"},{\"@type\":\"Organization\",\"@id\":\"https:\\\/\\\/canal7slp.tv\\\/2019\\\/#organization\",\"name\":\"Comunicaci\u00f3n 2000 S.A. de C.V.\",\"url\":\"https:\\\/\\\/canal7slp.tv\\\/2019\\\/\",\"logo\":{\"@type\":\"ImageObject\",\"inLanguage\":\"es\",\"@id\":\"https:\\\/\\\/canal7slp.tv\\\/2019\\\/#\\\/schema\\\/logo\\\/image\\\/\",\"url\":\"https:\\\/\\\/canal7slp.tv\\\/2019\\\/wp-content\\\/uploads\\\/2019\\\/07\\\/logo-c7.png\",\"contentUrl\":\"https:\\\/\\\/canal7slp.tv\\\/2019\\\/wp-content\\\/uploads\\\/2019\\\/07\\\/logo-c7.png\",\"width\":220,\"height\":60,\"caption\":\"Comunicaci\u00f3n 2000 S.A. de C.V.\"},\"image\":{\"@id\":\"https:\\\/\\\/canal7slp.tv\\\/2019\\\/#\\\/schema\\\/logo\\\/image\\\/\"},\"sameAs\":[\"https:\\\/\\\/www.facebook.com\\\/CANAL7SLP\\\/\",\"https:\\\/\\\/x.com\\\/canal7_slp\",\"https:\\\/\\\/www.instagram.com\\\/canal7_slp\",\"https:\\\/\\\/www.youtube.com\\\/user\\\/NOTICIEROSCANAL7SLP\\\/\"]},{\"@type\":\"Person\",\"@id\":\"https:\\\/\\\/canal7slp.tv\\\/2019\\\/#\\\/schema\\\/person\\\/11d941c1c6ca30ac0a46b95fa37aa2e3\",\"name\":\"edicionweb\",\"image\":{\"@type\":\"ImageObject\",\"inLanguage\":\"es\",\"@id\":\"https:\\\/\\\/secure.gravatar.com\\\/avatar\\\/eee448fc3f7164808013b816ba91ac7e43bbe82a70bebac296f8bc6f0addaa1a?s=96&d=mm&r=g\",\"url\":\"https:\\\/\\\/secure.gravatar.com\\\/avatar\\\/eee448fc3f7164808013b816ba91ac7e43bbe82a70bebac296f8bc6f0addaa1a?s=96&d=mm&r=g\",\"contentUrl\":\"https:\\\/\\\/secure.gravatar.com\\\/avatar\\\/eee448fc3f7164808013b816ba91ac7e43bbe82a70bebac296f8bc6f0addaa1a?s=96&d=mm&r=g\",\"caption\":\"edicionweb\"}}]}<\/script>\n<!-- \/ Yoast SEO plugin. -->","yoast_head_json":{"title":"Canciones in\u00e9ditas de Juan Gabriel est\u00e1n listas para salir a la luz - Canal 7 SLP - 2019","robots":{"index":"index","follow":"follow","max-snippet":"max-snippet:-1","max-image-preview":"max-image-preview:large","max-video-preview":"max-video-preview:-1"},"canonical":"https:\/\/canal7slp.tv\/2019\/canciones-ineditas-de-juan-gabriel-estan-listas-para-salir-a-la-luz\/","og_locale":"es_ES","og_type":"article","og_title":"Canciones in\u00e9ditas de Juan Gabriel est\u00e1n listas para salir a la luz - Canal 7 SLP - 2019","og_description":"M\u00e9xico.- Decenas de canciones in\u00e9ditas grabadas por Juan Gabriel saldr\u00e1n a la luz en fecha pr\u00f3xima, s\u00ed as\u00ed lo determina su heredero universal Iv\u00e1n Aguilera quien las mantiene en resguardo. \u201cExisten muchos temas in\u00e9ditos que tiene Iv\u00e1n, pero \u00fanicamente \u00e9l determinar\u00e1 junto con la disquera o quiz\u00e1 de manera independiente, c\u00f3mo es que se dar\u00e1n [&hellip;]","og_url":"https:\/\/canal7slp.tv\/2019\/canciones-ineditas-de-juan-gabriel-estan-listas-para-salir-a-la-luz\/","og_site_name":"Canal 7 SLP - 2019","article_publisher":"https:\/\/www.facebook.com\/CANAL7SLP\/","article_published_time":"2019-06-11T17:40:01+00:00","og_image":[{"width":800,"height":479,"url":"https:\/\/canal7slp.tv\/2019\/wp-content\/uploads\/2019\/06\/02-9.jpg","type":"image\/jpeg"}],"author":"edicionweb","twitter_card":"summary_large_image","twitter_creator":"@canal7_slp","twitter_site":"@canal7_slp","twitter_misc":{"Escrito por":"edicionweb","Tiempo de lectura":"4 minutos"},"schema":{"@context":"https:\/\/schema.org","@graph":[{"@type":"Article","@id":"https:\/\/canal7slp.tv\/2019\/canciones-ineditas-de-juan-gabriel-estan-listas-para-salir-a-la-luz\/#article","isPartOf":{"@id":"https:\/\/canal7slp.tv\/2019\/canciones-ineditas-de-juan-gabriel-estan-listas-para-salir-a-la-luz\/"},"author":{"name":"edicionweb","@id":"https:\/\/canal7slp.tv\/2019\/#\/schema\/person\/11d941c1c6ca30ac0a46b95fa37aa2e3"},"headline":"Canciones in\u00e9ditas de Juan Gabriel est\u00e1n listas para salir a la luz","datePublished":"2019-06-11T17:40:01+00:00","mainEntityOfPage":{"@id":"https:\/\/canal7slp.tv\/2019\/canciones-ineditas-de-juan-gabriel-estan-listas-para-salir-a-la-luz\/"},"wordCount":884,"commentCount":0,"publisher":{"@id":"https:\/\/canal7slp.tv\/2019\/#organization"},"image":{"@id":"https:\/\/canal7slp.tv\/2019\/canciones-ineditas-de-juan-gabriel-estan-listas-para-salir-a-la-luz\/#primaryimage"},"thumbnailUrl":"https:\/\/canal7slp.tv\/2019\/wp-content\/uploads\/2019\/06\/02-9.jpg","articleSection":["ESPECTACULOS"],"inLanguage":"es","potentialAction":[{"@type":"CommentAction","name":"Comment","target":["https:\/\/canal7slp.tv\/2019\/canciones-ineditas-de-juan-gabriel-estan-listas-para-salir-a-la-luz\/#respond"]}]},{"@type":"WebPage","@id":"https:\/\/canal7slp.tv\/2019\/canciones-ineditas-de-juan-gabriel-estan-listas-para-salir-a-la-luz\/","url":"https:\/\/canal7slp.tv\/2019\/canciones-ineditas-de-juan-gabriel-estan-listas-para-salir-a-la-luz\/","name":"Canciones in\u00e9ditas de Juan Gabriel est\u00e1n listas para salir a la luz - Canal 7 SLP - 2019","isPartOf":{"@id":"https:\/\/canal7slp.tv\/2019\/#website"},"primaryImageOfPage":{"@id":"https:\/\/canal7slp.tv\/2019\/canciones-ineditas-de-juan-gabriel-estan-listas-para-salir-a-la-luz\/#primaryimage"},"image":{"@id":"https:\/\/canal7slp.tv\/2019\/canciones-ineditas-de-juan-gabriel-estan-listas-para-salir-a-la-luz\/#primaryimage"},"thumbnailUrl":"https:\/\/canal7slp.tv\/2019\/wp-content\/uploads\/2019\/06\/02-9.jpg","datePublished":"2019-06-11T17:40:01+00:00","breadcrumb":{"@id":"https:\/\/canal7slp.tv\/2019\/canciones-ineditas-de-juan-gabriel-estan-listas-para-salir-a-la-luz\/#breadcrumb"},"inLanguage":"es","potentialAction":[{"@type":"ReadAction","target":["https:\/\/canal7slp.tv\/2019\/canciones-ineditas-de-juan-gabriel-estan-listas-para-salir-a-la-luz\/"]}]},{"@type":"ImageObject","inLanguage":"es","@id":"https:\/\/canal7slp.tv\/2019\/canciones-ineditas-de-juan-gabriel-estan-listas-para-salir-a-la-luz\/#primaryimage","url":"https:\/\/canal7slp.tv\/2019\/wp-content\/uploads\/2019\/06\/02-9.jpg","contentUrl":"https:\/\/canal7slp.tv\/2019\/wp-content\/uploads\/2019\/06\/02-9.jpg","width":800,"height":479},{"@type":"BreadcrumbList","@id":"https:\/\/canal7slp.tv\/2019\/canciones-ineditas-de-juan-gabriel-estan-listas-para-salir-a-la-luz\/#breadcrumb","itemListElement":[{"@type":"ListItem","position":1,"name":"Home","item":"https:\/\/canal7slp.tv\/2019\/"},{"@type":"ListItem","position":2,"name":"Canciones in\u00e9ditas de Juan Gabriel est\u00e1n listas para salir a la luz"}]},{"@type":"WebSite","@id":"https:\/\/canal7slp.tv\/2019\/#website","url":"https:\/\/canal7slp.tv\/2019\/","name":"Canal 7 SLP - Somos TV","description":"Somos un Canal de 10","publisher":{"@id":"https:\/\/canal7slp.tv\/2019\/#organization"},"potentialAction":[{"@type":"SearchAction","target":{"@type":"EntryPoint","urlTemplate":"https:\/\/canal7slp.tv\/2019\/?s={search_term_string}"},"query-input":{"@type":"PropertyValueSpecification","valueRequired":true,"valueName":"search_term_string"}}],"inLanguage":"es"},{"@type":"Organization","@id":"https:\/\/canal7slp.tv\/2019\/#organization","name":"Comunicaci\u00f3n 2000 S.A. de C.V.","url":"https:\/\/canal7slp.tv\/2019\/","logo":{"@type":"ImageObject","inLanguage":"es","@id":"https:\/\/canal7slp.tv\/2019\/#\/schema\/logo\/image\/","url":"https:\/\/canal7slp.tv\/2019\/wp-content\/uploads\/2019\/07\/logo-c7.png","contentUrl":"https:\/\/canal7slp.tv\/2019\/wp-content\/uploads\/2019\/07\/logo-c7.png","width":220,"height":60,"caption":"Comunicaci\u00f3n 2000 S.A. de C.V."},"image":{"@id":"https:\/\/canal7slp.tv\/2019\/#\/schema\/logo\/image\/"},"sameAs":["https:\/\/www.facebook.com\/CANAL7SLP\/","https:\/\/x.com\/canal7_slp","https:\/\/www.instagram.com\/canal7_slp","https:\/\/www.youtube.com\/user\/NOTICIEROSCANAL7SLP\/"]},{"@type":"Person","@id":"https:\/\/canal7slp.tv\/2019\/#\/schema\/person\/11d941c1c6ca30ac0a46b95fa37aa2e3","name":"edicionweb","image":{"@type":"ImageObject","inLanguage":"es","@id":"https:\/\/secure.gravatar.com\/avatar\/eee448fc3f7164808013b816ba91ac7e43bbe82a70bebac296f8bc6f0addaa1a?s=96&d=mm&r=g","url":"https:\/\/secure.gravatar.com\/avatar\/eee448fc3f7164808013b816ba91ac7e43bbe82a70bebac296f8bc6f0addaa1a?s=96&d=mm&r=g","contentUrl":"https:\/\/secure.gravatar.com\/avatar\/eee448fc3f7164808013b816ba91ac7e43bbe82a70bebac296f8bc6f0addaa1a?s=96&d=mm&r=g","caption":"edicionweb"}}]}},"amp_enabled":true,"cmb2":{"video_ids_in_playlist":{"vid_p_videos":""},"video_ids_in_channel":{"vid_c_videos":""},"playlist_ids_in_channel":{"vid_c_playlists":""},"series_ids_in_channel":{"vid_c_series":""},"channel_images":{"vid_c_logo":"","vid_c_banner":""},"poster_feature_image":{"vid_m_poster_image":""},"gif_feature_image":{"vid_m_gif_image":""},"video_movie_settings":{"vid_m_director":"","vid_m_actor":"","vid_m_imdb_ratings":"","vid_m_amazon_associates":""},"vid_youtube_broadcasts_settings":{"vid_yb_broadcast_title":"","vid_yb_q":"","vid_yb_channelid":"","vid_yb_videocategoryid":"","vid_yb_maxresults":"","vid_yb_order":"","vid_yb_regioncode":"","vid_yb_videosyndicated":"","vid_yb_style":"","vid_yb_reload_first":""},"video_series_settings":{"vid_m_director":"","vid_m_actor":"","vid_m_imdb_ratings":"","video_series_group":""},"amazon_associates_settings":{"amazon_associates":"","amazon_native_ad":""},"vid_youtube_automatic_settings":{"vid_ya_youtube_source":"","vid_ya_update_every":"","vid_ya_update_unit":"","vid_ya_categories":"","vid_ya_published_after":"","vid_ya_published_before":"","vid_ya_playlists":"","vid_ya_channels":"","vid_ya_director":"","vid_ya_actor":"","vid_ya_author":"","vid_ya_import_post_date":"","vid_ya_status":"","vid_ya_sub_api_key":""},"vid_ads_m_videoads_settings_post":{"vid_ads_m_video_ads":"","vid_ads_m_video_ads_type":"","vid_ads_m_group_google_ima":"","vid_ads_m_group_image":"","vid_ads_m_group_html5_video":"","vid_ads_m_group_html":"","vid_ads_m_vast_preroll":"","vid_ads_m_vast_postroll":"","vid_ads_m_vast_pauseroll":"","vid_ads_m_vast_midroll":[{"vid_ads_m_vast_timer_seconds":"50"}],"vid_ads_m_time_to_show_ads":"","vid_ads_m_time_skip_ads":"","vid_ads_m_time_to_hide_ads":""},"page_slider_settings":{"display_slider_group":"","page_slider_group":""},"blog_page_settings":{"blog_page_title":"","blog_page_heading":"","blog_page_ic":"","blog_page_it":"","blog_page_ec":"","blog_page_ip":"","archive_loop_style":"","blog_image_ratio":"","blog_show_categories":"","blog_show_excerpt":"","blog_show_author":"","blog_show_date":"","blog_show_comment_count":"","blog_show_view_count":"","blog_show_like_count":"","blog_show_dislike_count":"","blog_items_per_page":"","blog_pag_type":""},"page_options":{"get_page_template":"","color_mode":"","main_layout":"","main_layout_full_with":"","main_logo":"","main_logo_retina":"","main_logo_mobile":"","main_logo_mobile_retina":"","sticky_logo":"","sticky_logo_retina":"","main_nav_layout":"","ajax_search":"","header_background":"","theme_sidebar":"","instagram_feed":"","instagram_feed_position":"","popular_videos":"","popular_videos_title_1":"","popular_videos_title_2":"","popular_videos_ic":"","popular_videos_it":"","theme_background":"","page_custom_css":""},"feature_image_settings":{"feature_image_position":""},"video_player_settings":{"single_video_style":"","video_player_position":"","vm_video_url":"","video_player_library":"","video_streaming":"","vm_media_sources":"","vid_auto_play":"","vm_video_shortcode":"","vid_p_sync_playlist":"","vid_c_sync_channel":"","get_post_format":"","multiple_links_structure":"default","multi_links_title":"","vm_video_multi_links":"","vm_duration":"","vid_social_locker":"off","vid_social_locker_id":"","vid_membership_action":"content-video","vm_video_trailer_url":"","vid_download_type":"free","vid_download_target":"download","vid_woo_product":"","vm_media_download":"","user_rating":"","user_rating_position":"","user_rating_mode":"","user_rating_multi_sets":""},"video_auto_fetch_settings":{"vm_video_fetch":"on"},"video_fake_views_likes":{"vm_fake_views":"","vm_fake_likes":"","vm_fake_dislikes":""},"gallery_settings":{"gallery_position":""},"quote_settings":{"quote_position":""},"post_options":{"main_layout":"","main_logo":"","main_logo_retina":"","main_logo_mobile":"","main_logo_mobile_retina":"","sticky_logo":"","sticky_logo_retina":"","main_nav_layout":"","header_background":"","theme_sidebar":"","single_post_comment_type":"","theme_background":""}},"_links":{"self":[{"href":"https:\/\/canal7slp.tv\/2019\/wp-json\/wp\/v2\/posts\/12374","targetHints":{"allow":["GET"]}}],"collection":[{"href":"https:\/\/canal7slp.tv\/2019\/wp-json\/wp\/v2\/posts"}],"about":[{"href":"https:\/\/canal7slp.tv\/2019\/wp-json\/wp\/v2\/types\/post"}],"author":[{"embeddable":true,"href":"https:\/\/canal7slp.tv\/2019\/wp-json\/wp\/v2\/users\/2"}],"replies":[{"embeddable":true,"href":"https:\/\/canal7slp.tv\/2019\/wp-json\/wp\/v2\/comments?post=12374"}],"version-history":[{"count":0,"href":"https:\/\/canal7slp.tv\/2019\/wp-json\/wp\/v2\/posts\/12374\/revisions"}],"wp:featuredmedia":[{"embeddable":true,"href":"https:\/\/canal7slp.tv\/2019\/wp-json\/wp\/v2\/media\/12377"}],"wp:attachment":[{"href":"https:\/\/canal7slp.tv\/2019\/wp-json\/wp\/v2\/media?parent=12374"}],"wp:term":[{"taxonomy":"category","embeddable":true,"href":"https:\/\/canal7slp.tv\/2019\/wp-json\/wp\/v2\/categories?post=12374"},{"taxonomy":"post_tag","embeddable":true,"href":"https:\/\/canal7slp.tv\/2019\/wp-json\/wp\/v2\/tags?post=12374"}],"curies":[{"name":"wp","href":"https:\/\/api.w.org\/{rel}","templated":true}]}}