{"id":12351,"date":"2019-06-11T11:31:17","date_gmt":"2019-06-11T16:31:17","guid":{"rendered":"https:\/\/canal7slp.tv\/2019\/?p=12351"},"modified":"2019-06-11T11:31:17","modified_gmt":"2019-06-11T16:31:17","slug":"japon-planea-reducir-las-emisiones-de-efecto-invernadero-a-cero-en-2050","status":"publish","type":"post","link":"https:\/\/canal7slp.tv\/2019\/japon-planea-reducir-las-emisiones-de-efecto-invernadero-a-cero-en-2050\/","title":{"rendered":"Jap\u00f3n planea reducir las emisiones de efecto invernadero a cero en 2050"},"content":{"rendered":"<p style=\"text-align: justify\">Tokio- El Consejo de Ministros aprob\u00f3 este martes un plan para reducir las emisiones de gases de efecto invernadero a cero en la segunda mitad del siglo XXI, como parte de la estrategia de Jap\u00f3n para combatir el calentamiento global.<\/p>\n<p style=\"text-align: justify\">La energ\u00eda renovable, como la solar y la e\u00f3lica, ser\u00e1 el pilar del uso de la energ\u00eda en Jap\u00f3n para lograr el objetivo, aunque las centrales el\u00e9ctricas de carb\u00f3n seguir\u00e1n funcionando, una pol\u00edtica criticada por algunos expertos en energ\u00eda como insuficiente para reducir significativamente las emisiones de di\u00f3xido de carbono.<\/p>\n<p style=\"text-align: justify\">El acuerdo sobre el clima de 2015 apunta a mantener el aumento de las temperaturas globales promedio a un nivel ideal de 1.5 grados centigrados por encima de los niveles preindustriales.<\/p>\n<p style=\"text-align: justify\">&#8220;La acci\u00f3n contra el cambio clim\u00e1tico no es un costo para la econom\u00eda sino una estrategia de crecimiento hacia el futuro&#8221;, dijo el martes el primer ministro de Jap\u00f3n, Shinzo Abe, de acuerdo con la agencia de noticias Kyodo.<\/p>\n<p style=\"text-align: justify\">&#8220;Crearemos un ciclo virtuoso entre el medio ambiente (conservaci\u00f3n) y el crecimiento econ\u00f3mico y lideraremos el cambio de paradigma de la pol\u00edtica clim\u00e1tica mundial&#8221;, agreg\u00f3.<\/p>\n<p style=\"text-align: justify\">La estrategia tambi\u00e9n se basar\u00e1 en la generaci\u00f3n de energ\u00eda nuclear, pese a las preocupaciones sobre la seguridad de las centrales despu\u00e9s de la crisis de Fukushima en 2011.<\/p>\n<p style=\"text-align: justify\">El plan exige un mayor uso del hidr\u00f3geno para reducir la dependencia de la energ\u00eda nuclear al &#8220;uso m\u00e1s bajo posible&#8221; y el desarrollo de tecnolog\u00eda avanzada para mejorar la eficiencia de la generaci\u00f3n de energ\u00eda.<\/p>\n<p style=\"text-align: justify\">Bajo el plan de energ\u00eda a largo plazo, el gobierno apunta a que las energ\u00edas renovables representen del 22 al 24 por ciento, los combustibles f\u00f3siles al 56 por ciento y la energ\u00eda nuclear del 20 al 22 por ciento de la generaci\u00f3n el\u00e9ctrica del pa\u00eds en 2030.<\/p>\n<p style=\"text-align: justify\">Jap\u00f3n planea presentar dicha estrategia a las Naciones Unidas a fines de junio, en el marco de la cumbre del Grupo de los 20, tal como lo exige el Acuerdo de Par\u00eds.<\/p>\n<p style=\"text-align: justify\">Jap\u00f3n e Italia son las \u00fanicas naciones del Grupo de los Siete que no han presentado una estrategia para combatir el calentamiento global.<\/p>\n","protected":false},"excerpt":{"rendered":"<p>Tokio- El Consejo de Ministros aprob\u00f3 este martes un plan para reducir las emisiones de gases de efecto invernadero a cero en la segunda mitad del siglo XXI, como parte de la estrategia de Jap\u00f3n para combatir el calentamiento global. La energ\u00eda renovable, como la solar y la e\u00f3lica, ser\u00e1 el pilar del uso de [&hellip;]<\/p>\n","protected":false},"author":2,"featured_media":12352,"comment_status":"open","ping_status":"closed","sticky":false,"template":"","format":"standard","meta":{"footnotes":""},"categories":[18],"tags":[],"class_list":["post-12351","post","type-post","status-publish","format-standard","has-post-thumbnail","hentry","category-internacional"],"yoast_head":"<!-- This site is optimized with the Yoast SEO plugin v27.5 - https:\/\/yoast.com\/product\/yoast-seo-wordpress\/ -->\n<title>Jap\u00f3n planea reducir las emisiones de efecto invernadero a cero en 2050 - Canal 7 SLP - 2019<\/title>\n<meta name=\"robots\" content=\"index, follow, max-snippet:-1, max-image-preview:large, max-video-preview:-1\" \/>\n<link rel=\"canonical\" href=\"https:\/\/canal7slp.tv\/2019\/japon-planea-reducir-las-emisiones-de-efecto-invernadero-a-cero-en-2050\/\" \/>\n<meta property=\"og:locale\" content=\"es_ES\" \/>\n<meta property=\"og:type\" content=\"article\" \/>\n<meta property=\"og:title\" content=\"Jap\u00f3n planea reducir las emisiones de efecto invernadero a cero en 2050 - Canal 7 SLP - 2019\" \/>\n<meta property=\"og:description\" content=\"Tokio- El Consejo de Ministros aprob\u00f3 este martes un plan para reducir las emisiones de gases de efecto invernadero a cero en la segunda mitad del siglo XXI, como parte de la estrategia de Jap\u00f3n para combatir el calentamiento global. La energ\u00eda renovable, como la solar y la e\u00f3lica, ser\u00e1 el pilar del uso de [&hellip;]\" \/>\n<meta property=\"og:url\" content=\"https:\/\/canal7slp.tv\/2019\/japon-planea-reducir-las-emisiones-de-efecto-invernadero-a-cero-en-2050\/\" \/>\n<meta property=\"og:site_name\" content=\"Canal 7 SLP - 2019\" \/>\n<meta property=\"article:publisher\" content=\"https:\/\/www.facebook.com\/CANAL7SLP\/\" \/>\n<meta property=\"article:published_time\" content=\"2019-06-11T16:31:17+00:00\" \/>\n<meta property=\"og:image\" content=\"https:\/\/canal7slp.tv\/2019\/wp-content\/uploads\/2019\/06\/1230-9.jpg\" \/>\n\t<meta property=\"og:image:width\" content=\"695\" \/>\n\t<meta property=\"og:image:height\" content=\"410\" \/>\n\t<meta property=\"og:image:type\" content=\"image\/jpeg\" \/>\n<meta name=\"author\" content=\"edicionweb\" \/>\n<meta name=\"twitter:card\" content=\"summary_large_image\" \/>\n<meta name=\"twitter:creator\" content=\"@canal7_slp\" \/>\n<meta name=\"twitter:site\" content=\"@canal7_slp\" \/>\n<meta name=\"twitter:label1\" content=\"Escrito por\" \/>\n\t<meta name=\"twitter:data1\" content=\"edicionweb\" \/>\n\t<meta name=\"twitter:label2\" content=\"Tiempo de lectura\" \/>\n\t<meta name=\"twitter:data2\" content=\"2 minutos\" \/>\n<script type=\"application\/ld+json\" class=\"yoast-schema-graph\">{\"@context\":\"https:\\\/\\\/schema.org\",\"@graph\":[{\"@type\":\"Article\",\"@id\":\"https:\\\/\\\/canal7slp.tv\\\/2019\\\/japon-planea-reducir-las-emisiones-de-efecto-invernadero-a-cero-en-2050\\\/#article\",\"isPartOf\":{\"@id\":\"https:\\\/\\\/canal7slp.tv\\\/2019\\\/japon-planea-reducir-las-emisiones-de-efecto-invernadero-a-cero-en-2050\\\/\"},\"author\":{\"name\":\"edicionweb\",\"@id\":\"https:\\\/\\\/canal7slp.tv\\\/2019\\\/#\\\/schema\\\/person\\\/11d941c1c6ca30ac0a46b95fa37aa2e3\"},\"headline\":\"Jap\u00f3n planea reducir las emisiones de efecto invernadero a cero en 2050\",\"datePublished\":\"2019-06-11T16:31:17+00:00\",\"mainEntityOfPage\":{\"@id\":\"https:\\\/\\\/canal7slp.tv\\\/2019\\\/japon-planea-reducir-las-emisiones-de-efecto-invernadero-a-cero-en-2050\\\/\"},\"wordCount\":394,\"commentCount\":0,\"publisher\":{\"@id\":\"https:\\\/\\\/canal7slp.tv\\\/2019\\\/#organization\"},\"image\":{\"@id\":\"https:\\\/\\\/canal7slp.tv\\\/2019\\\/japon-planea-reducir-las-emisiones-de-efecto-invernadero-a-cero-en-2050\\\/#primaryimage\"},\"thumbnailUrl\":\"https:\\\/\\\/canal7slp.tv\\\/2019\\\/wp-content\\\/uploads\\\/2019\\\/06\\\/1230-9.jpg\",\"articleSection\":[\"INTERNACIONAL\"],\"inLanguage\":\"es\",\"potentialAction\":[{\"@type\":\"CommentAction\",\"name\":\"Comment\",\"target\":[\"https:\\\/\\\/canal7slp.tv\\\/2019\\\/japon-planea-reducir-las-emisiones-de-efecto-invernadero-a-cero-en-2050\\\/#respond\"]}]},{\"@type\":\"WebPage\",\"@id\":\"https:\\\/\\\/canal7slp.tv\\\/2019\\\/japon-planea-reducir-las-emisiones-de-efecto-invernadero-a-cero-en-2050\\\/\",\"url\":\"https:\\\/\\\/canal7slp.tv\\\/2019\\\/japon-planea-reducir-las-emisiones-de-efecto-invernadero-a-cero-en-2050\\\/\",\"name\":\"Jap\u00f3n planea reducir las emisiones de efecto invernadero a cero en 2050 - Canal 7 SLP - 2019\",\"isPartOf\":{\"@id\":\"https:\\\/\\\/canal7slp.tv\\\/2019\\\/#website\"},\"primaryImageOfPage\":{\"@id\":\"https:\\\/\\\/canal7slp.tv\\\/2019\\\/japon-planea-reducir-las-emisiones-de-efecto-invernadero-a-cero-en-2050\\\/#primaryimage\"},\"image\":{\"@id\":\"https:\\\/\\\/canal7slp.tv\\\/2019\\\/japon-planea-reducir-las-emisiones-de-efecto-invernadero-a-cero-en-2050\\\/#primaryimage\"},\"thumbnailUrl\":\"https:\\\/\\\/canal7slp.tv\\\/2019\\\/wp-content\\\/uploads\\\/2019\\\/06\\\/1230-9.jpg\",\"datePublished\":\"2019-06-11T16:31:17+00:00\",\"breadcrumb\":{\"@id\":\"https:\\\/\\\/canal7slp.tv\\\/2019\\\/japon-planea-reducir-las-emisiones-de-efecto-invernadero-a-cero-en-2050\\\/#breadcrumb\"},\"inLanguage\":\"es\",\"potentialAction\":[{\"@type\":\"ReadAction\",\"target\":[\"https:\\\/\\\/canal7slp.tv\\\/2019\\\/japon-planea-reducir-las-emisiones-de-efecto-invernadero-a-cero-en-2050\\\/\"]}]},{\"@type\":\"ImageObject\",\"inLanguage\":\"es\",\"@id\":\"https:\\\/\\\/canal7slp.tv\\\/2019\\\/japon-planea-reducir-las-emisiones-de-efecto-invernadero-a-cero-en-2050\\\/#primaryimage\",\"url\":\"https:\\\/\\\/canal7slp.tv\\\/2019\\\/wp-content\\\/uploads\\\/2019\\\/06\\\/1230-9.jpg\",\"contentUrl\":\"https:\\\/\\\/canal7slp.tv\\\/2019\\\/wp-content\\\/uploads\\\/2019\\\/06\\\/1230-9.jpg\",\"width\":695,\"height\":410},{\"@type\":\"BreadcrumbList\",\"@id\":\"https:\\\/\\\/canal7slp.tv\\\/2019\\\/japon-planea-reducir-las-emisiones-de-efecto-invernadero-a-cero-en-2050\\\/#breadcrumb\",\"itemListElement\":[{\"@type\":\"ListItem\",\"position\":1,\"name\":\"Home\",\"item\":\"https:\\\/\\\/canal7slp.tv\\\/2019\\\/\"},{\"@type\":\"ListItem\",\"position\":2,\"name\":\"Jap\u00f3n planea reducir las emisiones de efecto invernadero a cero en 2050\"}]},{\"@type\":\"WebSite\",\"@id\":\"https:\\\/\\\/canal7slp.tv\\\/2019\\\/#website\",\"url\":\"https:\\\/\\\/canal7slp.tv\\\/2019\\\/\",\"name\":\"Canal 7 SLP - Somos TV\",\"description\":\"Somos un Canal de 10\",\"publisher\":{\"@id\":\"https:\\\/\\\/canal7slp.tv\\\/2019\\\/#organization\"},\"potentialAction\":[{\"@type\":\"SearchAction\",\"target\":{\"@type\":\"EntryPoint\",\"urlTemplate\":\"https:\\\/\\\/canal7slp.tv\\\/2019\\\/?s={search_term_string}\"},\"query-input\":{\"@type\":\"PropertyValueSpecification\",\"valueRequired\":true,\"valueName\":\"search_term_string\"}}],\"inLanguage\":\"es\"},{\"@type\":\"Organization\",\"@id\":\"https:\\\/\\\/canal7slp.tv\\\/2019\\\/#organization\",\"name\":\"Comunicaci\u00f3n 2000 S.A. de C.V.\",\"url\":\"https:\\\/\\\/canal7slp.tv\\\/2019\\\/\",\"logo\":{\"@type\":\"ImageObject\",\"inLanguage\":\"es\",\"@id\":\"https:\\\/\\\/canal7slp.tv\\\/2019\\\/#\\\/schema\\\/logo\\\/image\\\/\",\"url\":\"https:\\\/\\\/canal7slp.tv\\\/2019\\\/wp-content\\\/uploads\\\/2019\\\/07\\\/logo-c7.png\",\"contentUrl\":\"https:\\\/\\\/canal7slp.tv\\\/2019\\\/wp-content\\\/uploads\\\/2019\\\/07\\\/logo-c7.png\",\"width\":220,\"height\":60,\"caption\":\"Comunicaci\u00f3n 2000 S.A. de C.V.\"},\"image\":{\"@id\":\"https:\\\/\\\/canal7slp.tv\\\/2019\\\/#\\\/schema\\\/logo\\\/image\\\/\"},\"sameAs\":[\"https:\\\/\\\/www.facebook.com\\\/CANAL7SLP\\\/\",\"https:\\\/\\\/x.com\\\/canal7_slp\",\"https:\\\/\\\/www.instagram.com\\\/canal7_slp\",\"https:\\\/\\\/www.youtube.com\\\/user\\\/NOTICIEROSCANAL7SLP\\\/\"]},{\"@type\":\"Person\",\"@id\":\"https:\\\/\\\/canal7slp.tv\\\/2019\\\/#\\\/schema\\\/person\\\/11d941c1c6ca30ac0a46b95fa37aa2e3\",\"name\":\"edicionweb\",\"image\":{\"@type\":\"ImageObject\",\"inLanguage\":\"es\",\"@id\":\"https:\\\/\\\/secure.gravatar.com\\\/avatar\\\/eee448fc3f7164808013b816ba91ac7e43bbe82a70bebac296f8bc6f0addaa1a?s=96&d=mm&r=g\",\"url\":\"https:\\\/\\\/secure.gravatar.com\\\/avatar\\\/eee448fc3f7164808013b816ba91ac7e43bbe82a70bebac296f8bc6f0addaa1a?s=96&d=mm&r=g\",\"contentUrl\":\"https:\\\/\\\/secure.gravatar.com\\\/avatar\\\/eee448fc3f7164808013b816ba91ac7e43bbe82a70bebac296f8bc6f0addaa1a?s=96&d=mm&r=g\",\"caption\":\"edicionweb\"}}]}<\/script>\n<!-- \/ Yoast SEO plugin. -->","yoast_head_json":{"title":"Jap\u00f3n planea reducir las emisiones de efecto invernadero a cero en 2050 - Canal 7 SLP - 2019","robots":{"index":"index","follow":"follow","max-snippet":"max-snippet:-1","max-image-preview":"max-image-preview:large","max-video-preview":"max-video-preview:-1"},"canonical":"https:\/\/canal7slp.tv\/2019\/japon-planea-reducir-las-emisiones-de-efecto-invernadero-a-cero-en-2050\/","og_locale":"es_ES","og_type":"article","og_title":"Jap\u00f3n planea reducir las emisiones de efecto invernadero a cero en 2050 - Canal 7 SLP - 2019","og_description":"Tokio- El Consejo de Ministros aprob\u00f3 este martes un plan para reducir las emisiones de gases de efecto invernadero a cero en la segunda mitad del siglo XXI, como parte de la estrategia de Jap\u00f3n para combatir el calentamiento global. La energ\u00eda renovable, como la solar y la e\u00f3lica, ser\u00e1 el pilar del uso de [&hellip;]","og_url":"https:\/\/canal7slp.tv\/2019\/japon-planea-reducir-las-emisiones-de-efecto-invernadero-a-cero-en-2050\/","og_site_name":"Canal 7 SLP - 2019","article_publisher":"https:\/\/www.facebook.com\/CANAL7SLP\/","article_published_time":"2019-06-11T16:31:17+00:00","og_image":[{"width":695,"height":410,"url":"https:\/\/canal7slp.tv\/2019\/wp-content\/uploads\/2019\/06\/1230-9.jpg","type":"image\/jpeg"}],"author":"edicionweb","twitter_card":"summary_large_image","twitter_creator":"@canal7_slp","twitter_site":"@canal7_slp","twitter_misc":{"Escrito por":"edicionweb","Tiempo de lectura":"2 minutos"},"schema":{"@context":"https:\/\/schema.org","@graph":[{"@type":"Article","@id":"https:\/\/canal7slp.tv\/2019\/japon-planea-reducir-las-emisiones-de-efecto-invernadero-a-cero-en-2050\/#article","isPartOf":{"@id":"https:\/\/canal7slp.tv\/2019\/japon-planea-reducir-las-emisiones-de-efecto-invernadero-a-cero-en-2050\/"},"author":{"name":"edicionweb","@id":"https:\/\/canal7slp.tv\/2019\/#\/schema\/person\/11d941c1c6ca30ac0a46b95fa37aa2e3"},"headline":"Jap\u00f3n planea reducir las emisiones de efecto invernadero a cero en 2050","datePublished":"2019-06-11T16:31:17+00:00","mainEntityOfPage":{"@id":"https:\/\/canal7slp.tv\/2019\/japon-planea-reducir-las-emisiones-de-efecto-invernadero-a-cero-en-2050\/"},"wordCount":394,"commentCount":0,"publisher":{"@id":"https:\/\/canal7slp.tv\/2019\/#organization"},"image":{"@id":"https:\/\/canal7slp.tv\/2019\/japon-planea-reducir-las-emisiones-de-efecto-invernadero-a-cero-en-2050\/#primaryimage"},"thumbnailUrl":"https:\/\/canal7slp.tv\/2019\/wp-content\/uploads\/2019\/06\/1230-9.jpg","articleSection":["INTERNACIONAL"],"inLanguage":"es","potentialAction":[{"@type":"CommentAction","name":"Comment","target":["https:\/\/canal7slp.tv\/2019\/japon-planea-reducir-las-emisiones-de-efecto-invernadero-a-cero-en-2050\/#respond"]}]},{"@type":"WebPage","@id":"https:\/\/canal7slp.tv\/2019\/japon-planea-reducir-las-emisiones-de-efecto-invernadero-a-cero-en-2050\/","url":"https:\/\/canal7slp.tv\/2019\/japon-planea-reducir-las-emisiones-de-efecto-invernadero-a-cero-en-2050\/","name":"Jap\u00f3n planea reducir las emisiones de efecto invernadero a cero en 2050 - Canal 7 SLP - 2019","isPartOf":{"@id":"https:\/\/canal7slp.tv\/2019\/#website"},"primaryImageOfPage":{"@id":"https:\/\/canal7slp.tv\/2019\/japon-planea-reducir-las-emisiones-de-efecto-invernadero-a-cero-en-2050\/#primaryimage"},"image":{"@id":"https:\/\/canal7slp.tv\/2019\/japon-planea-reducir-las-emisiones-de-efecto-invernadero-a-cero-en-2050\/#primaryimage"},"thumbnailUrl":"https:\/\/canal7slp.tv\/2019\/wp-content\/uploads\/2019\/06\/1230-9.jpg","datePublished":"2019-06-11T16:31:17+00:00","breadcrumb":{"@id":"https:\/\/canal7slp.tv\/2019\/japon-planea-reducir-las-emisiones-de-efecto-invernadero-a-cero-en-2050\/#breadcrumb"},"inLanguage":"es","potentialAction":[{"@type":"ReadAction","target":["https:\/\/canal7slp.tv\/2019\/japon-planea-reducir-las-emisiones-de-efecto-invernadero-a-cero-en-2050\/"]}]},{"@type":"ImageObject","inLanguage":"es","@id":"https:\/\/canal7slp.tv\/2019\/japon-planea-reducir-las-emisiones-de-efecto-invernadero-a-cero-en-2050\/#primaryimage","url":"https:\/\/canal7slp.tv\/2019\/wp-content\/uploads\/2019\/06\/1230-9.jpg","contentUrl":"https:\/\/canal7slp.tv\/2019\/wp-content\/uploads\/2019\/06\/1230-9.jpg","width":695,"height":410},{"@type":"BreadcrumbList","@id":"https:\/\/canal7slp.tv\/2019\/japon-planea-reducir-las-emisiones-de-efecto-invernadero-a-cero-en-2050\/#breadcrumb","itemListElement":[{"@type":"ListItem","position":1,"name":"Home","item":"https:\/\/canal7slp.tv\/2019\/"},{"@type":"ListItem","position":2,"name":"Jap\u00f3n planea reducir las emisiones de efecto invernadero a cero en 2050"}]},{"@type":"WebSite","@id":"https:\/\/canal7slp.tv\/2019\/#website","url":"https:\/\/canal7slp.tv\/2019\/","name":"Canal 7 SLP - Somos TV","description":"Somos un Canal de 10","publisher":{"@id":"https:\/\/canal7slp.tv\/2019\/#organization"},"potentialAction":[{"@type":"SearchAction","target":{"@type":"EntryPoint","urlTemplate":"https:\/\/canal7slp.tv\/2019\/?s={search_term_string}"},"query-input":{"@type":"PropertyValueSpecification","valueRequired":true,"valueName":"search_term_string"}}],"inLanguage":"es"},{"@type":"Organization","@id":"https:\/\/canal7slp.tv\/2019\/#organization","name":"Comunicaci\u00f3n 2000 S.A. de C.V.","url":"https:\/\/canal7slp.tv\/2019\/","logo":{"@type":"ImageObject","inLanguage":"es","@id":"https:\/\/canal7slp.tv\/2019\/#\/schema\/logo\/image\/","url":"https:\/\/canal7slp.tv\/2019\/wp-content\/uploads\/2019\/07\/logo-c7.png","contentUrl":"https:\/\/canal7slp.tv\/2019\/wp-content\/uploads\/2019\/07\/logo-c7.png","width":220,"height":60,"caption":"Comunicaci\u00f3n 2000 S.A. de C.V."},"image":{"@id":"https:\/\/canal7slp.tv\/2019\/#\/schema\/logo\/image\/"},"sameAs":["https:\/\/www.facebook.com\/CANAL7SLP\/","https:\/\/x.com\/canal7_slp","https:\/\/www.instagram.com\/canal7_slp","https:\/\/www.youtube.com\/user\/NOTICIEROSCANAL7SLP\/"]},{"@type":"Person","@id":"https:\/\/canal7slp.tv\/2019\/#\/schema\/person\/11d941c1c6ca30ac0a46b95fa37aa2e3","name":"edicionweb","image":{"@type":"ImageObject","inLanguage":"es","@id":"https:\/\/secure.gravatar.com\/avatar\/eee448fc3f7164808013b816ba91ac7e43bbe82a70bebac296f8bc6f0addaa1a?s=96&d=mm&r=g","url":"https:\/\/secure.gravatar.com\/avatar\/eee448fc3f7164808013b816ba91ac7e43bbe82a70bebac296f8bc6f0addaa1a?s=96&d=mm&r=g","contentUrl":"https:\/\/secure.gravatar.com\/avatar\/eee448fc3f7164808013b816ba91ac7e43bbe82a70bebac296f8bc6f0addaa1a?s=96&d=mm&r=g","caption":"edicionweb"}}]}},"amp_enabled":true,"cmb2":{"video_ids_in_playlist":{"vid_p_videos":""},"video_ids_in_channel":{"vid_c_videos":""},"playlist_ids_in_channel":{"vid_c_playlists":""},"series_ids_in_channel":{"vid_c_series":""},"channel_images":{"vid_c_logo":"","vid_c_banner":""},"poster_feature_image":{"vid_m_poster_image":""},"gif_feature_image":{"vid_m_gif_image":""},"video_movie_settings":{"vid_m_director":"","vid_m_actor":"","vid_m_imdb_ratings":"","vid_m_amazon_associates":""},"vid_youtube_broadcasts_settings":{"vid_yb_broadcast_title":"","vid_yb_q":"","vid_yb_channelid":"","vid_yb_videocategoryid":"","vid_yb_maxresults":"","vid_yb_order":"","vid_yb_regioncode":"","vid_yb_videosyndicated":"","vid_yb_style":"","vid_yb_reload_first":""},"video_series_settings":{"vid_m_director":"","vid_m_actor":"","vid_m_imdb_ratings":"","video_series_group":""},"amazon_associates_settings":{"amazon_associates":"","amazon_native_ad":""},"vid_youtube_automatic_settings":{"vid_ya_youtube_source":"","vid_ya_update_every":"","vid_ya_update_unit":"","vid_ya_categories":"","vid_ya_published_after":"","vid_ya_published_before":"","vid_ya_playlists":"","vid_ya_channels":"","vid_ya_director":"","vid_ya_actor":"","vid_ya_author":"","vid_ya_import_post_date":"","vid_ya_status":"","vid_ya_sub_api_key":""},"vid_ads_m_videoads_settings_post":{"vid_ads_m_video_ads":"","vid_ads_m_video_ads_type":"","vid_ads_m_group_google_ima":"","vid_ads_m_group_image":"","vid_ads_m_group_html5_video":"","vid_ads_m_group_html":"","vid_ads_m_vast_preroll":"","vid_ads_m_vast_postroll":"","vid_ads_m_vast_pauseroll":"","vid_ads_m_vast_midroll":[{"vid_ads_m_vast_timer_seconds":"50"}],"vid_ads_m_time_to_show_ads":"","vid_ads_m_time_skip_ads":"","vid_ads_m_time_to_hide_ads":""},"page_slider_settings":{"display_slider_group":"","page_slider_group":""},"blog_page_settings":{"blog_page_title":"","blog_page_heading":"","blog_page_ic":"","blog_page_it":"","blog_page_ec":"","blog_page_ip":"","archive_loop_style":"","blog_image_ratio":"","blog_show_categories":"","blog_show_excerpt":"","blog_show_author":"","blog_show_date":"","blog_show_comment_count":"","blog_show_view_count":"","blog_show_like_count":"","blog_show_dislike_count":"","blog_items_per_page":"","blog_pag_type":""},"page_options":{"get_page_template":"","color_mode":"","main_layout":"","main_layout_full_with":"","main_logo":"","main_logo_retina":"","main_logo_mobile":"","main_logo_mobile_retina":"","sticky_logo":"","sticky_logo_retina":"","main_nav_layout":"","ajax_search":"","header_background":"","theme_sidebar":"","instagram_feed":"","instagram_feed_position":"","popular_videos":"","popular_videos_title_1":"","popular_videos_title_2":"","popular_videos_ic":"","popular_videos_it":"","theme_background":"","page_custom_css":""},"feature_image_settings":{"feature_image_position":""},"video_player_settings":{"single_video_style":"","video_player_position":"","vm_video_url":"","video_player_library":"","video_streaming":"","vm_media_sources":"","vid_auto_play":"","vm_video_shortcode":"","vid_p_sync_playlist":"","vid_c_sync_channel":"","get_post_format":"","multiple_links_structure":"default","multi_links_title":"","vm_video_multi_links":"","vm_duration":"","vid_social_locker":"off","vid_social_locker_id":"","vid_membership_action":"content-video","vm_video_trailer_url":"","vid_download_type":"free","vid_download_target":"download","vid_woo_product":"","vm_media_download":"","user_rating":"","user_rating_position":"","user_rating_mode":"","user_rating_multi_sets":""},"video_auto_fetch_settings":{"vm_video_fetch":"on"},"video_fake_views_likes":{"vm_fake_views":"","vm_fake_likes":"","vm_fake_dislikes":""},"gallery_settings":{"gallery_position":""},"quote_settings":{"quote_position":""},"post_options":{"main_layout":"","main_logo":"","main_logo_retina":"","main_logo_mobile":"","main_logo_mobile_retina":"","sticky_logo":"","sticky_logo_retina":"","main_nav_layout":"","header_background":"","theme_sidebar":"","single_post_comment_type":"","theme_background":""}},"_links":{"self":[{"href":"https:\/\/canal7slp.tv\/2019\/wp-json\/wp\/v2\/posts\/12351","targetHints":{"allow":["GET"]}}],"collection":[{"href":"https:\/\/canal7slp.tv\/2019\/wp-json\/wp\/v2\/posts"}],"about":[{"href":"https:\/\/canal7slp.tv\/2019\/wp-json\/wp\/v2\/types\/post"}],"author":[{"embeddable":true,"href":"https:\/\/canal7slp.tv\/2019\/wp-json\/wp\/v2\/users\/2"}],"replies":[{"embeddable":true,"href":"https:\/\/canal7slp.tv\/2019\/wp-json\/wp\/v2\/comments?post=12351"}],"version-history":[{"count":0,"href":"https:\/\/canal7slp.tv\/2019\/wp-json\/wp\/v2\/posts\/12351\/revisions"}],"wp:featuredmedia":[{"embeddable":true,"href":"https:\/\/canal7slp.tv\/2019\/wp-json\/wp\/v2\/media\/12352"}],"wp:attachment":[{"href":"https:\/\/canal7slp.tv\/2019\/wp-json\/wp\/v2\/media?parent=12351"}],"wp:term":[{"taxonomy":"category","embeddable":true,"href":"https:\/\/canal7slp.tv\/2019\/wp-json\/wp\/v2\/categories?post=12351"},{"taxonomy":"post_tag","embeddable":true,"href":"https:\/\/canal7slp.tv\/2019\/wp-json\/wp\/v2\/tags?post=12351"}],"curies":[{"name":"wp","href":"https:\/\/api.w.org\/{rel}","templated":true}]}}